{"id":629500,"date":"2025-12-30T08:56:10","date_gmt":"2025-12-30T08:56:10","guid":{"rendered":"https:\/\/www.europesays.com\/fr\/629500\/"},"modified":"2025-12-30T08:56:10","modified_gmt":"2025-12-30T08:56:10","slug":"le-nouveau-challenge-de-gavino-puggioni","status":"publish","type":"post","link":"https:\/\/www.europesays.com\/fr\/629500\/","title":{"rendered":"le nouveau challenge de Gavino Puggioni"},"content":{"rendered":"\n<p>Vendredi 2 janvier. Pour Gavino Puggioni, ce sera le jour du grand d\u00e9part.<\/p>\n<p>Sur l\u2019Alcyon, un 6.50 avec lequel il pr\u00e9pare la mini &#8211; Transat 2027, le Marseillais va relier Ajaccio au Pir\u00e9e, 4\u00a0jours, en solitaire. \u00ab\u00a0Ce sera pour moi un test, en vue de la grande course qui m\u2019attend avec trois semaines en solitaire\u00a0\u00bb, avoue-t-il.<\/p>\n<p>Si ce marin autodidacte se lance dans la course au large, c\u2019est par passion. Mais aussi pour relayer les voix de centaines de personnes qu\u2019il a sauv\u00e9es d\u2019une mort certaine, lorsqu\u2019il \u00e9tait logisticien \u00e0 bord de l\u2019Ocean Viking.<\/p>\n<p>Ses interventions \u00e0 bord du navire de SOS M\u00e9diterran\u00e9e lui ont appris \u00e0 ma\u00eetriser plusieurs aspects de l\u2019intervention en mer. \u00ab\u00a0La priorit\u00e9, c\u2019est ma\u00eetriser la panique qui peut amener \u00e0 la catastrophe, g\u00e9rer le stress d\u2019un sauvetage imminent qui peut mal tourner si la peur prend le dessus\u00a0\u00bb, d\u00e9taille t-il.<\/p>\n<p>Pour Gavino, la course au large \u00ab\u00a0est un bon vecteur pour transmettre des valeurs et faire comprendre que tout le monde peut se retrouver, un jour, dans la situation d\u2019un migrant\u00a0\u00bb.<\/p>\n<p>Pour tous ceux qu\u2019il a sauv\u00e9 des eaux. Pour tous ceux qui, chaque jour, mettent leur vie en danger en d\u00e9fiant la mer pour fuir la guerre et la faim, il a donc d\u00e9cid\u00e9 de se lancer dans la mini &#8211; Transat. \u00ab\u00a0Sur deux ans, je vais multiplier les sorties pour me qualifier. Et mon 6.50, qui reprend le slogan \u00ab\u00a0Tous sur le m\u00eame bateau\u00a0\u00bb sur sa grand voile, sera un lieu de partage et de sensibilisation au sauvetage en mer. Le but \u00e9tant de susciter des discussions et des \u00e9changes.\u00a0\u00bb<br \/>Les dons sont les bienvenus.<\/p>\n","protected":false},"excerpt":{"rendered":"Vendredi 2 janvier. Pour Gavino Puggioni, ce sera le jour du grand d\u00e9part. Sur l\u2019Alcyon, un 6.50 avec&hellip;\n","protected":false},"author":2,"featured_media":629501,"comment_status":"","ping_status":"","sticky":false,"template":"","format":"standard","meta":{"footnotes":""},"categories":[2814],"tags":[1111,11,885,1777,674,1011,27,884,12,882,25],"class_list":{"0":"post-629500","1":"post","2":"type-post","3":"status-publish","4":"format-standard","5":"has-post-thumbnail","7":"category-marseille","8":"tag-actu","9":"tag-actualites","10":"tag-bouches-du-rhone","11":"tag-eu","12":"tag-europe","13":"tag-fr","14":"tag-france","15":"tag-marseille","16":"tag-news","17":"tag-provence-alpes-cote-dazur","18":"tag-republique-francaise"},"share_on_mastodon":{"url":"https:\/\/pubeurope.com\/@fr\/115807688083132268","error":""},"_links":{"self":[{"href":"https:\/\/www.europesays.com\/fr\/wp-json\/wp\/v2\/posts\/629500","targetHints":{"allow":["GET"]}}],"collection":[{"href":"https:\/\/www.europesays.com\/fr\/wp-json\/wp\/v2\/posts"}],"about":[{"href":"https:\/\/www.europesays.com\/fr\/wp-json\/wp\/v2\/types\/post"}],"author":[{"embeddable":true,"href":"https:\/\/www.europesays.com\/fr\/wp-json\/wp\/v2\/users\/2"}],"replies":[{"embeddable":true,"href":"https:\/\/www.europesays.com\/fr\/wp-json\/wp\/v2\/comments?post=629500"}],"version-history":[{"count":0,"href":"https:\/\/www.europesays.com\/fr\/wp-json\/wp\/v2\/posts\/629500\/revisions"}],"wp:featuredmedia":[{"embeddable":true,"href":"https:\/\/www.europesays.com\/fr\/wp-json\/wp\/v2\/media\/629501"}],"wp:attachment":[{"href":"https:\/\/www.europesays.com\/fr\/wp-json\/wp\/v2\/media?parent=629500"}],"wp:term":[{"taxonomy":"category","embeddable":true,"href":"https:\/\/www.europesays.com\/fr\/wp-json\/wp\/v2\/categories?post=629500"},{"taxonomy":"post_tag","embeddable":true,"href":"https:\/\/www.europesays.com\/fr\/wp-json\/wp\/v2\/tags?post=629500"}],"curies":[{"name":"wp","href":"https:\/\/api.w.org\/{rel}","templated":true}]}}