{"id":629504,"date":"2025-12-30T08:58:12","date_gmt":"2025-12-30T08:58:12","guid":{"rendered":"https:\/\/www.europesays.com\/fr\/629504\/"},"modified":"2025-12-30T08:58:12","modified_gmt":"2025-12-30T08:58:12","slug":"soutien-de-jean-michel-aulas-lancien-directeur-donly-lyon-redoute-les-impacts-sur-leconomie-du-centre-ville","status":"publish","type":"post","link":"https:\/\/www.europesays.com\/fr\/629504\/","title":{"rendered":"soutien de Jean-Michel Aulas, l\u2019ancien directeur d\u2019Only Lyon redoute \u00ab les impacts sur l\u2019\u00e9conomie du centre-ville \u00bb"},"content":{"rendered":"<p>On a beaucoup parl\u00e9 du projet Rive Droite du Rh\u00f4ne, lors du dernier conseil de la M\u00e9tropole de Lyon. Qui pr\u00e9voit de revoir de fond en comble un lin\u00e9aire de 2,5 kilom\u00e8tres en diminuant la place faite aux voitures et en augmentant celle qui est r\u00e9serv\u00e9e aux pi\u00e9tons. L\u2019occasion pour l\u2019ex\u00e9cutif \u00e9cologiste par la voix du pr\u00e9sident Bruno Bernard d\u2019indiquer \u00ab \u00eatre pr\u00eat \u00e0 lancer le chantier pour l\u2019\u00e9t\u00e9 2026 \u00bb dans l\u2019hypoth\u00e8se d\u2019une r\u00e9\u00e9lection en mars prochain.<\/p>\n<p>Il y eut des r\u00e9actions. La derni\u00e8re en date est relay\u00e9e par Fran\u00e7ois Gaillard, l\u2019ancien directeur g\u00e9n\u00e9ral d\u2019Only Lyon Tourisme sur le r\u00e9seau Linkedin, dans lequel il entend alerter sur \u00abl\u2019impact r\u00e9el\u00bb d\u2019un tel projet d\u2019am\u00e9nagement sur \u00abl\u2019activit\u00e9 de Lyon et la vitalit\u00e9 de son centre-ville \u00bb, au-del\u00e0 du \u00ab vocabulaire et des belles images \u00bb. Car pour celui qui fut directeur pendant 17 ans, et aujourd\u2019hui soutien de la candidature de <a href=\"https:\/\/www.leprogres.fr\/p\/jean-michel-aulas\" target=\"_blank\" rel=\"noopener\">Jean-Michel Aulas<\/a>, il serait question purement et simplement de \u00ab faire quasiment dispara\u00eetre l\u2019unique axe nord-sud structurant du c\u0153ur de Lyon, sans alternative cr\u00e9dible, ni en capacit\u00e9, ni en calendrier \u00bb\u2026 Et \u00ab sans \u00e9valuation s\u00e9rieuse des impacts sur les flux \u00bb, mais aussi dit-il, sur \u00ab l\u2019\u00e9conomie du centre-ville \u00bb.<\/p>\n<p>  \u00abOui, Lyon m\u00e9rite des espaces publics de qualit\u00e9\u00bb<\/p>\n<p>Pour lui, l\u2019\u00e9quation serait somme toute assez simple : avec \u00ab des flux qui se rar\u00e9fient \u00bb, ce sont \u00ab les activit\u00e9s qui s\u2019\u00e9teignent \u00bb. <\/p>\n<p> Une intervention qui n\u2019a pas \u00e9chapp\u00e9 \u00e0 l\u2019adjoint \u00e9cologiste \u00e0 la mairie de Lyon, Valentin Lungenstrass : \u00ab vous d\u00e9ployez, \u00e9crit-il, les m\u00eames arguments que ceux qui \u00e9taient \u00e0 l\u2018\u00e9poque contre la transformation des berges du Rh\u00f4ne par G\u00e9rard Collomb. Oui, Lyon m\u00e9rite des espaces publics de qualit\u00e9, qui profitent au quotidien des Lyonnaises et Lyonnais, ainsi qu\u2019aux touristes \u00bb.<\/p>\n","protected":false},"excerpt":{"rendered":"On a beaucoup parl\u00e9 du projet Rive Droite du Rh\u00f4ne, lors du dernier conseil de la M\u00e9tropole de&hellip;\n","protected":false},"author":2,"featured_media":629505,"comment_status":"","ping_status":"","sticky":false,"template":"","format":"standard","meta":{"footnotes":""},"categories":[1889],"tags":[1111,11,2430,2757,1777,674,1011,27,3539,2428,2756,12,316,25,2429],"class_list":{"0":"post-629504","1":"post","2":"type-post","3":"status-publish","4":"format-standard","5":"has-post-thumbnail","7":"category-lyon","8":"tag-actu","9":"tag-actualites","10":"tag-auvergne-rhone-alpes","11":"tag-edition-lyon-villeurbanne","12":"tag-eu","13":"tag-europe","14":"tag-fr","15":"tag-france","16":"tag-les-ecologistes","17":"tag-lyon","18":"tag-lyon-bassin","19":"tag-news","20":"tag-politique","21":"tag-republique-francaise","22":"tag-rhone"},"share_on_mastodon":{"url":"https:\/\/pubeurope.com\/@fr\/115807695920905562","error":""},"_links":{"self":[{"href":"https:\/\/www.europesays.com\/fr\/wp-json\/wp\/v2\/posts\/629504","targetHints":{"allow":["GET"]}}],"collection":[{"href":"https:\/\/www.europesays.com\/fr\/wp-json\/wp\/v2\/posts"}],"about":[{"href":"https:\/\/www.europesays.com\/fr\/wp-json\/wp\/v2\/types\/post"}],"author":[{"embeddable":true,"href":"https:\/\/www.europesays.com\/fr\/wp-json\/wp\/v2\/users\/2"}],"replies":[{"embeddable":true,"href":"https:\/\/www.europesays.com\/fr\/wp-json\/wp\/v2\/comments?post=629504"}],"version-history":[{"count":0,"href":"https:\/\/www.europesays.com\/fr\/wp-json\/wp\/v2\/posts\/629504\/revisions"}],"wp:featuredmedia":[{"embeddable":true,"href":"https:\/\/www.europesays.com\/fr\/wp-json\/wp\/v2\/media\/629505"}],"wp:attachment":[{"href":"https:\/\/www.europesays.com\/fr\/wp-json\/wp\/v2\/media?parent=629504"}],"wp:term":[{"taxonomy":"category","embeddable":true,"href":"https:\/\/www.europesays.com\/fr\/wp-json\/wp\/v2\/categories?post=629504"},{"taxonomy":"post_tag","embeddable":true,"href":"https:\/\/www.europesays.com\/fr\/wp-json\/wp\/v2\/tags?post=629504"}],"curies":[{"name":"wp","href":"https:\/\/api.w.org\/{rel}","templated":true}]}}