{"id":62951,"date":"2025-04-29T23:11:10","date_gmt":"2025-04-29T23:11:10","guid":{"rendered":"https:\/\/www.europesays.com\/fr\/62951\/"},"modified":"2025-04-29T23:11:10","modified_gmt":"2025-04-29T23:11:10","slug":"1er-mai-une-solidarite-mise-a-rude-epreuve","status":"publish","type":"post","link":"https:\/\/www.europesays.com\/fr\/62951\/","title":{"rendered":"1er mai : une solidarit\u00e9 mise \u00e0 rude \u00e9preuve"},"content":{"rendered":"<p>\u00c7a sera le c\u0153ur lourd, pour une trop grande partie d\u2019entre elles et eux, que les travailleuses et travailleurs rejoindront les cort\u00e8ges du 1er mai en cette ann\u00e9e 2025. La semaine derni\u00e8re, l\u2019annonce est tomb\u00e9e comme un couperet pour les salari\u00e9\u00b7es d\u2019ArcelorMittal : 630 postes supprim\u00e9s en France, sur sept sites, dont Dunkerque, Florange et Basse-Indre. Cette d\u00e9cision intervient malgr\u00e9 des aides publiques substantielles, jusqu\u2019\u00e0 850 millions d\u2019euros pour la d\u00e9carbonation du site de Dunkerque.<\/p>\n<p>Ce n\u2019est malheureusement pas la premi\u00e8re en date, comme des mobilisations r\u00e9centes en Belgique, Allemagne ou Italie l\u2019ont montr\u00e9 : la Conf\u00e9d\u00e9ration europ\u00e9enne des syndicats (CES) estime que 2,5 millions d\u2019emplois ont disparu dans le secteur manufacturier depuis 2008, dont 100 000 emplois rien que dans l\u2019industrie sid\u00e9rurgique europ\u00e9enne.<\/p>\n<p>Et la situation se d\u00e9t\u00e9riore rapidement : plus de 90 000 suppressions d\u2019emplois ont \u00e9t\u00e9 annonc\u00e9es dans le secteur automobile depuis juin 2024. Les restructurations ne se limitent pas \u00e0 l\u2019industrie. D\u2019autres secteurs, \u00e9galement confront\u00e9s au risque de licenciements forc\u00e9s et de fermetures, affaiblissent l\u2019\u00e9conomie europ\u00e9enne et entra\u00eenent la perte de milliers d\u2019emplois.<\/p>\n<p>Un projet europ\u00e9en sans le charbon et sans l\u2019acier\u00a0?<\/p>\n<p>Florange, l\u2019un des sites les plus touch\u00e9s par les suppressions d\u2019emplois annonc\u00e9s par ArcelorMittal, est un symbole et un pilier de l\u2019industrie r\u00e9gionale de l\u2019Est de la France, aussi implant\u00e9e dans le paysage que dans les histoires familiales. La symbolique de la sid\u00e9rurgie d\u00e9passe ce seul territoire, au c\u0153ur de l\u2019Union europ\u00e9enne : c\u2019est par elle tout a commenc\u00e9, avec la CECA, la communaut\u00e9 europ\u00e9enne du charbon et de l\u2019acier. Si le charbon n\u2019a plus le vent en poupe, et que son caract\u00e8re \u00e0 la fois \u00e9ph\u00e9m\u00e8re et polluant nous poussent \u00e0 le remplacer, il n\u2019est pas aujourd\u2019hui question de se passer d\u2019acier, alors que la souverainet\u00e9 de notre continent passe par une r\u00e9industrialisation et que l\u2019acier est un composant indispensable de nombre de biens qu\u2019il nous faut pouvoir produire nous-m\u00eame.\u200b<\/p>\n<p>Le Pacte pour une industrie propre, pr\u00e9sent\u00e9 par la Commission europ\u00e9enne fin f\u00e9vrier, devrait mobiliser plus de 100 milliards d\u2019euros pour soutenir la d\u00e9carbonation et la comp\u00e9titivit\u00e9 industrielle, avec un accent particulier sur l\u2019acier vert. Pourtant, sans mesures imm\u00e9diates et conditionnalit\u00e9s sociales fortes, ces mesures risquent de n\u2019\u00eatre qu\u2019un coup d\u2019\u00e9p\u00e9e dans l\u2019eau.<\/p>\n<p>Au-del\u00e0 des emplois, la d\u00e9mocratie sociale en souffrance<\/p>\n<p>Le 1er mai, journ\u00e9e internationale des travailleuses et des travailleurs, c\u00e9l\u00e8bre les luttes historiques pour les droits sociaux et la solidarit\u00e9. Cette ann\u00e9e, en plus des quelques 500 emplois qui disparaissent chaque jour (toujours selon la CES), les menaces se portent \u00e9galement sur notre d\u00e9mocratie, par des r\u00e9gimes illib\u00e9raux de plus en plus nombreux, qui ont en commun de toujours attaquer les droits des travailleuses et des travailleurs.<\/p>\n<p>Cela n\u2019est pas un hasard si les premi\u00e8res mesures de simplification dans le premier paquet \u00ab\u00a0Omnibus\u00a0\u00bb viennent toucher la responsabilit\u00e9 sociale des entreprises et le devoir de vigilance : ces mesures venaient mettre \u00e0 mal la concurrence entre travailleuses et travailleurs, et entre territoires, \u00e0 l\u2019heure o\u00f9 le travail des enfants est encore loin d\u2019\u00eatre \u00e9radiqu\u00e9, revenant m\u00eame \u00e0 l\u2019ordre du jour aux Etats-Unis.<\/p>\n<p>Alors, soyons nombreuses et nombreux dans les rues ce 1er mai, avec nos coll\u00e8gues, nos camarades, nos familles, pour que cette solidarit\u00e9 vive et continue \u00e0 s\u2019organiser.<\/p>\n<p><strong>Photo d\u2019illustration (cr\u00e9dit : ETUC) : Lors de la manifestation du 5 f\u00e9vrier 2025 en soutien \u00e0 l\u2019industrie, \u00e0 Bruxelles.<\/strong><\/p>\n","protected":false},"excerpt":{"rendered":"\u00c7a sera le c\u0153ur lourd, pour une trop grande partie d\u2019entre elles et eux, que les travailleuses et&hellip;\n","protected":false},"author":2,"featured_media":62952,"comment_status":"","ping_status":"","sticky":false,"template":"","format":"standard","meta":{"footnotes":""},"categories":[1586],"tags":[10916,16113,11,13620,16114,16115,16116,1777,674,1779,16117,1011,27,16118,16119,12,16120,16121,25,16122,16123,1778,364],"class_list":{"0":"post-62951","1":"post","2":"type-post","3":"status-publish","4":"format-standard","5":"has-post-thumbnail","7":"category-europe","8":"tag-1er-mai","9":"tag-1er-mai-2025","10":"tag-actualites","11":"tag-arcelormittal","12":"tag-ceca-union-europeenne","13":"tag-chomage-secteur-automobile","14":"tag-confederation-europeenne-des-syndicats","15":"tag-eu","16":"tag-europe","17":"tag-european-union","18":"tag-fete-du-travail","19":"tag-fr","20":"tag-france","21":"tag-industrie-siderurgique-europeenne","22":"tag-journee-internationale-des-travailleuses-et-des-travailleurs","23":"tag-news","24":"tag-pacte-pour-une-industrie-propre","25":"tag-reindustrialisation-acier-europe","26":"tag-republique-francaise","27":"tag-responsabilite-sociale-des-entreprises","28":"tag-suppression-demplois-arcelormittal","29":"tag-ue","30":"tag-union-europeenne"},"share_on_mastodon":{"url":"","error":"Validation failed: Text character limit of 500 exceeded"},"_links":{"self":[{"href":"https:\/\/www.europesays.com\/fr\/wp-json\/wp\/v2\/posts\/62951","targetHints":{"allow":["GET"]}}],"collection":[{"href":"https:\/\/www.europesays.com\/fr\/wp-json\/wp\/v2\/posts"}],"about":[{"href":"https:\/\/www.europesays.com\/fr\/wp-json\/wp\/v2\/types\/post"}],"author":[{"embeddable":true,"href":"https:\/\/www.europesays.com\/fr\/wp-json\/wp\/v2\/users\/2"}],"replies":[{"embeddable":true,"href":"https:\/\/www.europesays.com\/fr\/wp-json\/wp\/v2\/comments?post=62951"}],"version-history":[{"count":0,"href":"https:\/\/www.europesays.com\/fr\/wp-json\/wp\/v2\/posts\/62951\/revisions"}],"wp:featuredmedia":[{"embeddable":true,"href":"https:\/\/www.europesays.com\/fr\/wp-json\/wp\/v2\/media\/62952"}],"wp:attachment":[{"href":"https:\/\/www.europesays.com\/fr\/wp-json\/wp\/v2\/media?parent=62951"}],"wp:term":[{"taxonomy":"category","embeddable":true,"href":"https:\/\/www.europesays.com\/fr\/wp-json\/wp\/v2\/categories?post=62951"},{"taxonomy":"post_tag","embeddable":true,"href":"https:\/\/www.europesays.com\/fr\/wp-json\/wp\/v2\/tags?post=62951"}],"curies":[{"name":"wp","href":"https:\/\/api.w.org\/{rel}","templated":true}]}}