{"id":629514,"date":"2025-12-30T09:04:16","date_gmt":"2025-12-30T09:04:16","guid":{"rendered":"https:\/\/www.europesays.com\/fr\/629514\/"},"modified":"2025-12-30T09:04:16","modified_gmt":"2025-12-30T09:04:16","slug":"nouvel-an-2026-sur-les-champs-elysees-le-programme-des-festivites-avec-feu-dartifice-ballon-dor-de-dembele-et-securite-routiere","status":"publish","type":"post","link":"https:\/\/www.europesays.com\/fr\/629514\/","title":{"rendered":"Nouvel An 2026 sur les Champs-\u00c9lys\u00e9es : le programme des festivit\u00e9s avec feu d\u2019artifice, Ballon d\u2019or de Demb\u00e9l\u00e9 et s\u00e9curit\u00e9 routi\u00e8re"},"content":{"rendered":"<p class=\"paragraph text_align_left lp-f-body-02\">Apr\u00e8s l\u2019annulation du concert, la f\u00eate se r\u00e9invente sur <a href=\"https:\/\/www.leparisien.fr\/paris-75\/champs-elysees\/\" target=\"_blank\" rel=\"noreferrer noopener\">la plus belle avenue du monde<\/a>. \u00c0 quelques jours du passage \u00e0 la nouvelle ann\u00e9e, la Ville de <a href=\"https:\/\/www.leparisien.fr\/paris-75\/\" target=\"_self\" rel=\"noopener\">Paris<\/a> a d\u00e9voil\u00e9 le programme du <a href=\"https:\/\/www.leparisien.fr\/paris-75\/nouvel-an-aux-champs-elysees-paris-est-incroyable-la-capitale-a-brille-aux-yeux-du-monde-jusqua-la-derniere-minute-de-2024-01-01-2025-ROUQMUUF2RF5ZIHJK3H57DCMSU.php\" target=\"_blank\" rel=\"noreferrer noopener\">r\u00e9veillon du 31 d\u00e9cembre sur les Champs-\u00c9lys\u00e9es<\/a> (<a href=\"https:\/\/www.leparisien.fr\/paris-75\/paris-75008\/\" target=\"_self\" rel=\"noopener\">VIIIe arrondissement<\/a> de Paris), un spectacle qui s\u2019annonce plus sobre que les ann\u00e9es pr\u00e9c\u00e9dentes mais qui devrait tout de m\u00eame attirer des milliers de Parisiens et de touristes.<\/p>\n<p class=\"\">D\u00e8s 23h50, les yeux des spectateurs se tourneront vers l\u2019<a href=\"https:\/\/www.leparisien.fr\/international\/etats-unis\/le-notre-sera-mieux-sur-tous-les-plans-donald-trump-veut-sinspirer-de-larc-de-triomphe-et-tacle-a-nouveau-la-france-15-12-2025-7ZAVLWIMANHETCFH7IIIKHAEGE.php\" target=\"_blank\" rel=\"noreferrer noopener\">Arc de Triomphe<\/a> pour admirer un mapping vid\u00e9o g\u00e9ant, accompagn\u00e9 d\u2019une composition musicale sign\u00e9e Ena Eno et <a href=\"https:\/\/www.leparisien.fr\/val-de-marne-94\/jetais-comme-un-enfant-andre-manoukian-pose-sa-voix-sur-le-son-et-lumiere-du-chateau-de-vincennes-18-10-2024-GU2KZ5EUG5HWBIM2ZR2HAFE5OA.php\" target=\"_blank\" rel=\"noreferrer noopener\">Andr\u00e9 Manoukian<\/a>. Ce spectacle mettra \u00ab po\u00e9tiquement en sc\u00e8ne toutes les richesses qui font l\u2019identit\u00e9 de Paris et ses habitants : ses id\u00e9es, sa diversit\u00e9, ses arts, ses transformations \u00bb, promet la mairie dans son communiqu\u00e9.<\/p>\n<p>Le football parisien \u00e0 l\u2019honneur<\/p>\n<p class=\"\">Plusieurs clins d\u2019\u0153il rythmeront la soir\u00e9e. Un tableau rendra notamment hommage au 70e anniversaire du jumelage entre Paris et Rome, c\u00e9l\u00e9br\u00e9 en 2026. Le sport parisien ne sera pas en reste avec des r\u00e9f\u00e9rences \u00e0 \u00ab l\u2019ann\u00e9e historique \u00bb r\u00e9alis\u00e9e par le Paris Saint-Germain, <a href=\"https:\/\/www.leparisien.fr\/sports\/direct-psg-inter-milan-pour-paris-le-match-dune-vie-suivez-la-finale-de-la-ligue-des-champions-31-05-2025-T6ULMYWN6BDKPEHC5SPSUQT2N4.php\" target=\"_blank\" rel=\"noreferrer noopener\">sacr\u00e9 champion d\u2019Europe<\/a> pour la premi\u00e8re fois.<\/p>\n<p class=\"\">Dans le d\u00e9tail, un hommage \u00e0 <a href=\"https:\/\/www.leparisien.fr\/sports\/football\/ousmane-dembele\/\" target=\"_self\" rel=\"noopener\">Ousmane Demb\u00e9l\u00e9<\/a>, Ballon d\u2019or 2025, est attendu, tout comme une r\u00e9f\u00e9rence au double derby entre le <a href=\"https:\/\/www.leparisien.fr\/sports\/football\/psg\/\" target=\"_blank\" rel=\"noreferrer noopener\">PSG <\/a>et le <a href=\"https:\/\/www.leparisien.fr\/sports\/football\/paris-fc\/\" target=\"_blank\" rel=\"noreferrer noopener\">Paris FC<\/a> (le 4 janvier en championnat et <a href=\"https:\/\/www.leparisien.fr\/sports\/football\/psg-paris-fc-pourquoi-le-16e-de-finale-de-coupe-de-france-sera-programme-un-lundi-soir-22-12-2025-JQKUQZQ3CVGERHWCSJQ2UCPVHY.php\" target=\"_blank\" rel=\"noreferrer noopener\">le 12 en Coupe de France<\/a>). On apprend \u00e9galement qu\u2019avant le d\u00e9but du spectacle, un message de pr\u00e9vention routi\u00e8re sera diffus\u00e9, la Ville souhaitant s\u2019associer \u00e0 <a href=\"https:\/\/www.leparisien.fr\/paris-75\/1-300-portraits-de-proches-de-victimes-de-la-route-colles-sur-le-pont-diena-cest-un-processus-therapeutique-12-09-2025-EL6ANGBDKFBPDOWQXNP4D43ECA.php\" target=\"_self\" rel=\"noopener\">l\u2019association Antoine Alleno<\/a>.<\/p>\n<p><img decoding=\"async\" class=\"image \" loading=\"lazy\" src=\"https:\/\/www.europesays.com\/fr\/wp-content\/uploads\/2025\/12\/X2VHVOOOCBEA3AV3K3DJGBBO6M.jpg\" alt=\"La ville de Rome, la seule \u00e0 \u00eatre jumel\u00e9e avec Pairs, sera \u00e9galement mise \u00e0 l'honneur. Courtesy of AV EXTENDED\" align=\"\" data-rubrique-principale=\"\" data-article-type=\"\" fetchpriority=\"auto\"\/>La ville de Rome, la seule \u00e0 \u00eatre jumel\u00e9e avec Pairs, sera \u00e9galement mise \u00e0 l&rsquo;honneur. Courtesy of AV EXTENDED<\/p>\n<p class=\"\">\u00c0 minuit pile, le traditionnel feu d\u2019artifice, le plus grand d\u2019Europe, prendra le relais. Il d\u00e9butera par \u00ab un flash blanc total \u00bb, suivi d\u2019une d\u00e9ferlante de lumi\u00e8res dor\u00e9es, argent\u00e9es et bleues illuminant la fa\u00e7ade de l\u2019Arc de Triomphe. La playlist, 100 % f\u00e9minine, mettra en lumi\u00e8re des succ\u00e8s du moment, avec un clin d\u2019\u0153il vers l\u2019Italie. Le spectacle se terminera sur \u00ab Imagine \u00bb, de John Lennon, pour d\u00e9buter l\u2019ann\u00e9e 2026 \u00ab dans un esprit de paix, d\u2019espoir et de fraternit\u00e9 \u00bb.<\/p>\n<p>Un direct arrach\u00e9 de haute lutte<\/p>\n<p class=\"\">L\u2019\u00e9v\u00e9nement sera diffus\u00e9 en direct sur France 2 dans \u00ab La Grande Soir\u00e9e du 31 de Paris \u00bb, pr\u00e9sent\u00e9e par <a href=\"https:\/\/www.leparisien.fr\/paris-75\/dans-le-paris-de-stephane-bern-jaime-etre-un-etranger-dans-ma-propre-ville-28-12-2025-GFQOQUVCKJDWHKENK744OXA4QY.php\" target=\"_self\" rel=\"noopener\">St\u00e9phane Bern<\/a>. \u00ab Je dois dire que la maire de Paris a beaucoup insist\u00e9 aupr\u00e8s de la pr\u00e9fecture de police pour qu\u2019on nous laisse faire le direct. En plus, c\u2019est son dernier feu d\u2019artifice comme maire \u00e0 Paris, donc elle tenait \u00e0 ce qu\u2019on puisse le pr\u00e9senter en direct avec elle \u00bb, confie l\u2019animateur.<\/p>\n<p class=\"\">Laury Thilleman sera dans la foule pour animer des karaok\u00e9s et faire chanter les spectateurs. \u00ab Puis moi, je serai avec quelques artistes au pied de l\u2019Arc de Triomphe. Il y a une saveur particuli\u00e8re \u00e0 \u00eatre l\u00e0, \u00e0 faire la f\u00eate avec les touristes, avec les Parisiens et \u00e0 participer au feu d\u2019artifice \u00bb, poursuit St\u00e9phane Bern.<\/p>\n<p>Pas de concert pour le r\u00e9veillon<\/p>\n<p class=\"\">Cette programmation intervient trois semaines apr\u00e8s l\u2019annonce de <a href=\"https:\/\/www.leparisien.fr\/paris-75\/reveillon-2026-a-paris-le-concert-des-champs-elysees-annule-pour-raisons-de-securite-02-12-2025-CC23S26WUZDCLAVWB5VO6ZECQA.php\" target=\"_blank\" rel=\"noreferrer noopener\">l\u2019annulation du concert du r\u00e9veillon<\/a>, une d\u00e9cision qui avait <a href=\"https:\/\/www.leparisien.fr\/paris-75\/une-decision-grave-des-elus-denoncent-lannulation-du-concert-du-reveillon-sur-les-champs-elysees-a-paris-03-12-2025-W7JDT2VBNBBOBFYOAEC7TZZGCQ.php\" target=\"_blank\" rel=\"noreferrer noopener\">suscit\u00e9 la col\u00e8re de plusieurs \u00e9lus<\/a>. D\u00e9but d\u00e9cembre, la pr\u00e9fecture de police avait demand\u00e9 \u00e0 la mairie de renoncer \u00e0 l\u2019\u00e9v\u00e9nement musical pour minimiser les risques li\u00e9s aux mouvements de foule.<\/p>\n<p class=\"\">Le dispositif de s\u00e9curit\u00e9 sera cons\u00e9quent. Des consignes strictes seront appliqu\u00e9es, notamment <a href=\"https:\/\/www.leparisien.fr\/paris-75\/nouvel-an-sur-les-champs-elysees-filtrage-alcool-interdit-un-dispositif-de-securite-renforce-23-12-2025-7JB5YOFNJNDT7IFVMT6GQPY3IY.php\" target=\"_self\" rel=\"noopener\">l\u2019interdiction de vente d\u2019alcool aux alentours de l\u2019avenue<\/a> et l\u2019interdiction d\u2019entrer sur le site avec des bouteilles ou gourdes en verre. Les poussettes sont d\u00e9conseill\u00e9es compte tenu de l\u2019affluence attendue.<\/p>\n<p class=\"\"><a href=\"https:\/\/www.leparisien.fr\/paris-75\/champs-elysees\/\" target=\"_self\" rel=\"noopener\">Les Champs-\u00c9lys\u00e9es<\/a> ouvriront au public d\u00e8s 19 heures, avec une entr\u00e9e principale par la place de la Concorde. Par le sud, l\u2019entr\u00e9e se fera avenues Montaigne Franklin D. Roosevelt. Par le nord elle se fera au niveau de l\u2019avenue Matignon et de nouveau avenue Franklin D. Roosevelt. Il est recommand\u00e9 aux spectateurs d\u2019arriver avant 21 heures.<\/p>\n","protected":false},"excerpt":{"rendered":"Apr\u00e8s l\u2019annulation du concert, la f\u00eate se r\u00e9invente sur la plus belle avenue du monde. \u00c0 quelques jours&hellip;\n","protected":false},"author":2,"featured_media":629515,"comment_status":"","ping_status":"","sticky":false,"template":"","format":"standard","meta":{"footnotes":""},"categories":[1888],"tags":[11,1777,674,1011,27,1944,12,626,25,60],"class_list":{"0":"post-629514","1":"post","2":"type-post","3":"status-publish","4":"format-standard","5":"has-post-thumbnail","7":"category-paris","8":"tag-actualites","9":"tag-eu","10":"tag-europe","11":"tag-fr","12":"tag-france","13":"tag-ma-ville","14":"tag-news","15":"tag-paris","16":"tag-republique-francaise","17":"tag-sports"},"share_on_mastodon":{"url":"https:\/\/pubeurope.com\/@fr\/115807719450643006","error":""},"_links":{"self":[{"href":"https:\/\/www.europesays.com\/fr\/wp-json\/wp\/v2\/posts\/629514","targetHints":{"allow":["GET"]}}],"collection":[{"href":"https:\/\/www.europesays.com\/fr\/wp-json\/wp\/v2\/posts"}],"about":[{"href":"https:\/\/www.europesays.com\/fr\/wp-json\/wp\/v2\/types\/post"}],"author":[{"embeddable":true,"href":"https:\/\/www.europesays.com\/fr\/wp-json\/wp\/v2\/users\/2"}],"replies":[{"embeddable":true,"href":"https:\/\/www.europesays.com\/fr\/wp-json\/wp\/v2\/comments?post=629514"}],"version-history":[{"count":0,"href":"https:\/\/www.europesays.com\/fr\/wp-json\/wp\/v2\/posts\/629514\/revisions"}],"wp:featuredmedia":[{"embeddable":true,"href":"https:\/\/www.europesays.com\/fr\/wp-json\/wp\/v2\/media\/629515"}],"wp:attachment":[{"href":"https:\/\/www.europesays.com\/fr\/wp-json\/wp\/v2\/media?parent=629514"}],"wp:term":[{"taxonomy":"category","embeddable":true,"href":"https:\/\/www.europesays.com\/fr\/wp-json\/wp\/v2\/categories?post=629514"},{"taxonomy":"post_tag","embeddable":true,"href":"https:\/\/www.europesays.com\/fr\/wp-json\/wp\/v2\/tags?post=629514"}],"curies":[{"name":"wp","href":"https:\/\/api.w.org\/{rel}","templated":true}]}}