{"id":629518,"date":"2025-12-30T09:06:12","date_gmt":"2025-12-30T09:06:12","guid":{"rendered":"https:\/\/www.europesays.com\/fr\/629518\/"},"modified":"2025-12-30T09:06:12","modified_gmt":"2025-12-30T09:06:12","slug":"face-a-la-menace-russe-la-pologne-debloque-deux-milliards-deuros-pour-son-bouclier-anti-drones-lexpress","status":"publish","type":"post","link":"https:\/\/www.europesays.com\/fr\/629518\/","title":{"rendered":"Face \u00e0 la menace russe, la Pologne d\u00e9bloque deux milliards d&rsquo;euros pour son \u00ab\u00a0bouclier\u00a0\u00bb anti-drones \u2013 L&rsquo;Express"},"content":{"rendered":"<p class=\"paragraph article-body-paragraph article__item   article-body-paragraph--first \"><a href=\"https:\/\/www.lexpress.fr\/monde\/europe\/en-pologne-lopposant-russe-etait-en-fait-un-espion-de-moscou-V3X7RY2AURF6HGFPQSMUJONWUA\/\" target=\"_blank\" rel=\"noreferrer noopener\" title=\"https:\/\/www.lexpress.fr\/monde\/europe\/en-pologne-lopposant-russe-etait-en-fait-un-espion-de-moscou-V3X7RY2AURF6HGFPQSMUJONWUA\/\">Varsovie<\/a> s\u2019est d\u00e9cid\u00e9 \u00e0 moderniser la panoplie de d\u00e9fense de sa fronti\u00e8re Est. La mesure a \u00e9t\u00e9 prise en riposte aux nombreuses incursions de drones russes sur son territoire. Si le ph\u00e9nom\u00e8ne affecte toute l\u2019Europe, la <a href=\"https:\/\/www.lexpress.fr\/monde\/la-visite-de-viktor-orban-a-moscou-jette-un-froid-sur-les-relations-entre-la-hongrie-et-la-pologne-TDMAS3QV5RBGDJCHTQH5LU5QDI\/\" target=\"_blank\" rel=\"noreferrer noopener\" title=\"https:\/\/www.lexpress.fr\/monde\/la-visite-de-viktor-orban-a-moscou-jette-un-froid-sur-les-relations-entre-la-hongrie-et-la-pologne-TDMAS3QV5RBGDJCHTQH5LU5QDI\/\">Pologne<\/a> &#8211; qui partage une fronti\u00e8re avec la Russie &#8211; est particuli\u00e8rement vis\u00e9e. En septembre, une dizaine d\u2019engins p\u00e9n\u00e9traient ill\u00e9galement son espace a\u00e9rien. Un incident qui a conduit \u00e0 la fermeture d\u2019a\u00e9roports, au d\u00e9ploiement en urgence d\u2019avions de chasse et \u00e0 des d\u00e9g\u00e2ts sur des b\u00e2timents provoqu\u00e9s par l\u2019abattage des drones. Face \u00e0 l\u2019ampleur de la situation, le Premier ministre polonais, <a href=\"https:\/\/www.lexpress.fr\/idees-et-debats\/stanley-bill-cambridge-lexemple-polonais-le-montre-il-est-difficile-de-se-remettre-dune-parenthese-PKTD2T3BTJCYTBGZWE3PTT5Z4Q\/\" target=\"_blank\" rel=\"noreferrer noopener\" title=\"https:\/\/www.lexpress.fr\/idees-et-debats\/stanley-bill-cambridge-lexemple-polonais-le-montre-il-est-difficile-de-se-remettre-dune-parenthese-PKTD2T3BTJCYTBGZWE3PTT5Z4Q\/\">Donald Tusk<\/a>, a tir\u00e9 alors la sonnette d\u2019alarme : d\u2019apr\u00e8s lui, le pays est plus proche d\u2019un conflit militaire \u00ab\u00a0que jamais depuis la Seconde guerre mondiale\u00a0\u00bb.<\/p>\n<p class=\"paragraph article-body-paragraph article__item   \">Varsovie, qui se donne deux ans pour atteindre enti\u00e8rement son objectif, entend d\u00e9dier deux milliards d\u2019euros \u00e0 cette entreprise. Tout n\u2019est pas \u00e0 construire. Le pays dispose d\u00e9j\u00e0 d\u2019un syst\u00e8me de d\u00e9fense vieux d\u2019une d\u00e9cennie. Son ambition est de le moderniser en y int\u00e9grant son nouvel arsenal.<\/p>\n<p>Des mitrailleuses, des canons et des syst\u00e8mes de brouillage de drones<\/p>\n<p class=\"paragraph article-body-paragraph article__item   \">Interrog\u00e9 par le journal britannique <a href=\"https:\/\/www.theguardian.com\/world\/2025\/dec\/27\/poland-anti-drone-fortifications-eastern-borders-cezary-tomczyk\" target=\"_blank\" rel=\"noreferrer noopener\" title=\"https:\/\/www.theguardian.com\/world\/2025\/dec\/27\/poland-anti-drone-fortifications-eastern-borders-cezary-tomczyk\">The Guardian<\/a>, le vice-ministre polonais de la D\u00e9fense, Cezary Tomczyk, pr\u00e9cise son calendrier : \u00ab\u00a0Nous pr\u00e9voyons que les premi\u00e8res fonctionnalit\u00e9s du syst\u00e8me soient disponibles dans environ six mois, voire plus t\u00f4t. La mise en place compl\u00e8te [\u2026] prendra 24 mois\u00a0\u00bb.<\/p>\n<p class=\"paragraph article-body-paragraph article__item   \">La nouvelle panoplie comprendra plusieurs niveaux de d\u00e9fense, dont des mitrailleuses, des canons, des missiles et des syst\u00e8mes de brouillage de <a href=\"https:\/\/www.lexpress.fr\/monde\/europe\/la-pologne-denonce-une-provocation-russe-apres-lexplosion-dun-drone-U6FWPSB5ANDM5KGOSGF4P7PBTA\/\" target=\"_blank\" rel=\"noreferrer noopener\" title=\"https:\/\/www.lexpress.fr\/monde\/europe\/la-pologne-denonce-une-provocation-russe-apres-lexplosion-dun-drone-U6FWPSB5ANDM5KGOSGF4P7PBTA\/\">drones<\/a>, a pr\u00e9cis\u00e9 le ministre. Et de poursuivre : \u00ab\u00a0Certains de ces \u00e9quipements ne sont destin\u00e9s \u00e0 \u00eatre utilis\u00e9s que dans des conditions extr\u00eames ou en temps de guerre. Par exemple, ces mitrailleuses multicanons sont difficiles \u00e0 utiliser en temps de paix, parce que tout ce qui monte doit redescendre [les balles]\u00a0\u00bb.<\/p>\n<p><strong class=\"article-body-link-list__item text-gray-800 article-body-link-list__item--one-item\">LIRE AUSSI : <a class=\"article-body-link-list__item-link\" href=\"https:\/\/www.lexpress.fr\/idees-et-debats\/le-succes-de-la-pologne-une-gifle-pour-orban-une-lecon-pour-leurope-lanalyse-implacable-de-dalibor-GB63WISS5FAJHJ4GDBBJV7SN6A\/\" target=\"_blank\" rel=\"noopener\">\u00ab\u00a0Le succ\u00e8s de la Pologne ? Une gifle pour Orban, une le\u00e7on pour l\u2019Europe\u00a0\u00bb : l\u2019analyse implacable de Dalibor Rohac<\/a><\/strong><\/p>\n<p class=\"paragraph article-body-paragraph article__item   \">L\u2019investissement que repr\u00e9sente cette nouvelle panoplie militaire sera rendu possible gr\u00e2ce au programme europ\u00e9en SAFE (Security Action for Europe), selon Cezary Tomczyk. Le m\u00e9canisme de pr\u00eats de 150 milliards d\u2019euros est vou\u00e9 \u00e0 financer des achats conjoints d\u2019\u00e9quipements militaires dans l\u2019UE.<\/p>\n<p>Un budget tourn\u00e9 vers la D\u00e9fense<\/p>\n<p class=\"paragraph article-body-paragraph article__item   \">Mais Varsovie consacre \u00e9galement une part importante de son propre budget au domaine militaire. Depuis 2022, date de <a href=\"https:\/\/www.lexpress.fr\/monde\/europe\/l-ukraine-hesite-entre-est-et-ouest_1302698.html\" target=\"_blank\" rel=\"noreferrer noopener\" title=\"https:\/\/www.lexpress.fr\/monde\/europe\/l-ukraine-hesite-entre-est-et-ouest_1302698.html\">l\u2019invasion russe en Ukraine<\/a>, le pays a revu \u00e0 la hausse ses d\u00e9penses de d\u00e9fense, jusqu\u2019\u00e0 se hisser parmi les taux les plus \u00e9lev\u00e9s de l\u2019Union europ\u00e9enne. Alors qu\u2019elle y d\u00e9diait 2,2 % de son PIB en 2021 &#8211; selon les donn\u00e9es du Stockholm International Peace Research Institute &#8211; la Pologne a pouss\u00e9 son effort \u00e0 4,2 % du PIB en 2024, soit 38 milliards de dollars &#8211; comptez environ 32 milliards d\u2019euros -. A titre de comparaison, la France consacre 2,1 % de son PIB \u00e0 la d\u00e9fense soit 50,5 milliards d\u2019euros, hors pensions.<\/p>\n<p class=\"paragraph article-body-paragraph article__item   \">Dans les colonnes du Guardian, Cezary Tomczyk explique ces investissements : \u00ab\u00a0Aujourd\u2019hui, l\u2019Ukraine consacre environ 40 % de son PIB \u00e0 la guerre, et ceux qui se demandent quel pourcentage nous devrions consacrer \u00e0 l\u2019arm\u00e9e devraient se demander s\u2019il vaut mieux augmenter les d\u00e9penses de 2 % \u00e0 3 ou 3,5 %, par exemple, ou les laisser passer de 2 % \u00e0 40 % plus tard\u00a0\u00bb.<\/p>\n<p><strong class=\"article-body-link-list__item text-gray-800 article-body-link-list__item--one-item\">LIRE AUSSI : <a class=\"article-body-link-list__item-link\" href=\"https:\/\/www.lexpress.fr\/monde\/europe\/radoslaw-sikorski-ministre-des-affaires-etrangeres-polonais-nous-avons-ete-une-colonie-russe-et-nous-BEWZY2YRZNASZHTOO5WBJZ75VQ\/\" target=\"_blank\" rel=\"noopener\">\u00ab\u00a0Face \u00e0 Poutine, l&rsquo;Ukraine nous a donn\u00e9 un temps pr\u00e9cieux\u00a0\u00bb : le plaidoyer du ministre des Affaires \u00e9trang\u00e8res polonais<\/a><\/strong><\/p>\n<p class=\"paragraph article-body-paragraph article__item   \">Car la <a href=\"https:\/\/www.lexpress.fr\/monde\/europe\/armes-nucleaires-pourquoi-la-pologne-ouvre-la-porte-a-lotan-MASCM3TRWRH7JDYDZZZNVZKWXA\/\" target=\"_blank\" rel=\"noreferrer noopener\" title=\"https:\/\/www.lexpress.fr\/monde\/europe\/armes-nucleaires-pourquoi-la-pologne-ouvre-la-porte-a-lotan-MASCM3TRWRH7JDYDZZZNVZKWXA\/\">Pologne<\/a> &#8211; qui pr\u00e9voit de former des centaines de milliers de ses citoyens \u00e0 la survie &#8211; ne dissimule plus sa crainte d\u2019une confrontation directe avec Moscou si l\u2019Ukraine venait \u00e0 perdre la guerre. Depuis le d\u00e9but du conflit, la Russie ne se limite pas \u00e0 violer l\u2019espace a\u00e9rien de son voisin. En quatre ans, Varsovie a signal\u00e9 des cas de sabotages et d\u2019incendies criminels. Ses services de renseignements ont \u00e9t\u00e9 en mesure d\u2019\u00e9tablir des liens avec le Kremlin. Depuis 2022, de nombreux Polonais se portent volontaires pour suivre une <a href=\"https:\/\/www.lexpress.fr\/monde\/europe\/des-jours-critiques-nous-attendent-larmee-polonaise-est-elle-prete-a-une-guerre-contre-la-russie-BY3YIKVYZBEQLISQUHWZYDUNBI\/\" target=\"_blank\" rel=\"noreferrer noopener\" title=\"https:\/\/www.lexpress.fr\/monde\/europe\/des-jours-critiques-nous-attendent-larmee-polonaise-est-elle-prete-a-une-guerre-contre-la-russie-BY3YIKVYZBEQLISQUHWZYDUNBI\/\">formation militaire<\/a>.<\/p>\n<p>\u00ab\u00a0Pr\u00e9venir le chaos mondial\u00a0\u00bb<\/p>\n<p class=\"paragraph article-body-paragraph article__item   \">Afin de faire face \u00e0 la menace sous toutes ses formes, Varsovie ne se limite pas \u00e0 sa fronti\u00e8re Est. Le pays entreprend \u00e9galement de fortifier sa fronti\u00e8re avec la Bi\u00e9lorussie ainsi que l\u2019enclave russe de <a href=\"https:\/\/www.lexpress.fr\/monde\/europe\/guerre-en-ukraine-tout-comprendre-aux-tensions-autour-de-l-enclave-russe-de-kaliningrad_2175707.html\" target=\"_blank\" rel=\"noreferrer noopener\" title=\"https:\/\/www.lexpress.fr\/monde\/europe\/guerre-en-ukraine-tout-comprendre-aux-tensions-autour-de-l-enclave-russe-de-kaliningrad_2175707.html\">Kaliningrad<\/a>, situ\u00e9e en plein coeur de l\u2019Europe, entre la Pologne, la Lituanie et la mer Baltique. Et Cezary Tomczyk ne compte pas en rester l\u00e0. Devant les journalistes du Guardian, le vice-ministre de la D\u00e9fense a partag\u00e9 son ambition de construire des \u00ab\u00a0centres logistiques sp\u00e9ciaux\u00a0\u00bb dans chaque municipalit\u00e9 frontali\u00e8re o\u00f9 serait stock\u00e9 du mat\u00e9riel de d\u00e9fense.<\/p>\n<p><strong class=\"article-body-link-list__item text-gray-800 article-body-link-list__item--one-item\">LIRE AUSSI : <a class=\"article-body-link-list__item-link\" href=\"https:\/\/www.lexpress.fr\/monde\/europe\/la-pologne-avait-averti-les-occidentaux-sur-poutine-il-serait-temps-de-nous-ecouter_2170072.html\" target=\"_blank\" rel=\"noopener\">\u00ab\u00a0La Pologne avait averti les Occidentaux sur Poutine, il serait temps de nous \u00e9couter\u00a0\u00bb<\/a><\/strong><\/p>\n<p class=\"paragraph article-body-paragraph article__item    article__text__endpicto\">Et le pays compte aussi sur la coop\u00e9ration internationale. Dimanche 28 d\u00e9cembre, <a href=\"https:\/\/www.lexpress.fr\/monde\/europe\/si-un-avion-est-abattu-ne-venez-pas-vous-plaindre-face-a-poutine-la-pologne-se-dit-prete-au-rapport-VILONYB445DNVHWSDPCHZHVFQY\/\" target=\"_blank\" rel=\"noreferrer noopener\" title=\"https:\/\/www.lexpress.fr\/monde\/europe\/si-un-avion-est-abattu-ne-venez-pas-vous-plaindre-face-a-poutine-la-pologne-se-dit-prete-au-rapport-VILONYB445DNVHWSDPCHZHVFQY\/\">Radoslaw Sikorski<\/a>, le vice-premier ministre polonais appelait, dans une tribune au <a href=\"https:\/\/www.lemonde.fr\/idees\/article\/2025\/12\/28\/radoslaw-sikorski-vice-premier-ministre-de-pologne-le-defi-de-l-ue-consiste-a-traduire-son-poids-economique-en-influence-et-en-leadership-mondiaux_6659641_3232.html\" target=\"_blank\" rel=\"noreferrer noopener\" title=\"https:\/\/www.lemonde.fr\/idees\/article\/2025\/12\/28\/radoslaw-sikorski-vice-premier-ministre-de-pologne-le-defi-de-l-ue-consiste-a-traduire-son-poids-economique-en-influence-et-en-leadership-mondiaux_6659641_3232.html\">Monde<\/a> \u00e0 d\u2019avantage de solidarit\u00e9 au sein de l\u2019UE, notamment en mati\u00e8re de s\u00e9curit\u00e9. \u00ab\u00a0Notre ordre mondial, fond\u00e9 sur le respect du droit international, est certes imparfait, comme toutes les cr\u00e9ations humaines. Mais malgr\u00e9 ses d\u00e9fauts, il reste le meilleur outil dont nous disposons pour pr\u00e9venir le chaos mondial\u00a0\u00bb, insiste le dirigeant.<\/p>\n","protected":false},"excerpt":{"rendered":"Varsovie s\u2019est d\u00e9cid\u00e9 \u00e0 moderniser la panoplie de d\u00e9fense de sa fronti\u00e8re Est. La mesure a \u00e9t\u00e9 prise&hellip;\n","protected":false},"author":2,"featured_media":629519,"comment_status":"","ping_status":"","sticky":false,"template":"","format":"standard","meta":{"footnotes":""},"categories":[1591],"tags":[11,674,1887,74,12,1885,1886,132],"class_list":{"0":"post-629518","1":"post","2":"type-post","3":"status-publish","4":"format-standard","5":"has-post-thumbnail","7":"category-russie","8":"tag-actualites","9":"tag-europe","10":"tag-federation-de-russie","11":"tag-monde","12":"tag-news","13":"tag-russia","14":"tag-russian-federation","15":"tag-russie"},"share_on_mastodon":{"url":"https:\/\/pubeurope.com\/@fr\/115807727425045964","error":""},"_links":{"self":[{"href":"https:\/\/www.europesays.com\/fr\/wp-json\/wp\/v2\/posts\/629518","targetHints":{"allow":["GET"]}}],"collection":[{"href":"https:\/\/www.europesays.com\/fr\/wp-json\/wp\/v2\/posts"}],"about":[{"href":"https:\/\/www.europesays.com\/fr\/wp-json\/wp\/v2\/types\/post"}],"author":[{"embeddable":true,"href":"https:\/\/www.europesays.com\/fr\/wp-json\/wp\/v2\/users\/2"}],"replies":[{"embeddable":true,"href":"https:\/\/www.europesays.com\/fr\/wp-json\/wp\/v2\/comments?post=629518"}],"version-history":[{"count":0,"href":"https:\/\/www.europesays.com\/fr\/wp-json\/wp\/v2\/posts\/629518\/revisions"}],"wp:featuredmedia":[{"embeddable":true,"href":"https:\/\/www.europesays.com\/fr\/wp-json\/wp\/v2\/media\/629519"}],"wp:attachment":[{"href":"https:\/\/www.europesays.com\/fr\/wp-json\/wp\/v2\/media?parent=629518"}],"wp:term":[{"taxonomy":"category","embeddable":true,"href":"https:\/\/www.europesays.com\/fr\/wp-json\/wp\/v2\/categories?post=629518"},{"taxonomy":"post_tag","embeddable":true,"href":"https:\/\/www.europesays.com\/fr\/wp-json\/wp\/v2\/tags?post=629518"}],"curies":[{"name":"wp","href":"https:\/\/api.w.org\/{rel}","templated":true}]}}