{"id":629522,"date":"2025-12-30T09:08:11","date_gmt":"2025-12-30T09:08:11","guid":{"rendered":"https:\/\/www.europesays.com\/fr\/629522\/"},"modified":"2025-12-30T09:08:11","modified_gmt":"2025-12-30T09:08:11","slug":"interdit-de-visa-par-les-etats-unis-thierry-breton-appelle-lue-a-reagir-vite","status":"publish","type":"post","link":"https:\/\/www.europesays.com\/fr\/629522\/","title":{"rendered":"interdit de visa par les \u00c9tats-Unis, Thierry Breton appelle l\u2019UE \u00e0 \u00abr\u00e9agir vite\u00bb"},"content":{"rendered":"<p>\n    \u00abSi on laisse cet \u00e9tat de fait s\u2019installer, \u00e7a voudrait dire que ceux qui vont me succ\u00e9der et auront \u00e0 exercer leur mandat europ\u00e9en seraient intimid\u00e9s et emp\u00each\u00e9s de le faire\u00bb, a averti l\u2019ex-commissaire europ\u00e9en.<\/p>\n<p class=\"fig-paragraph\">L\u2019interdiction de son visa par les \u00c9tats-Unis a fait grand bruit. Apr\u00e8s avoir \u00e9t\u00e9\u00a0<a href=\"http:\/\/www.lefigaro.fr\/international\/regulation-de-la-tech-washington-interdit-de-visa-cinq-europeens-dont-le-francais-thierry-breton-20251223\" target=\"_blank\" data-fig-type=\"NewsFlash\" rel=\"noopener\" data-gtm-custom-categorie=\"navigation\" data-gtm-custom-action=\"crossclick\" data-gtm-custom-label=\"Contextuel\" data-gtm-event=\"customEventSPE\" data-fig-domain=\"LEFIGARO\">sanctionn\u00e9 le 23 d\u00e9cembre par Washington<\/a>\u00a0&#8211; de m\u00eame que quatre autres personnalit\u00e9s europ\u00e9ennes &#8211; pour son r\u00f4le dans l\u2019encadrement plus strict des grandes plateformes num\u00e9riques, Thierry Breton a r\u00e9agi sur RTL ce mardi 30 d\u00e9cembre. L\u2019ex-commissaire europ\u00e9en a tenu \u00e0 \u00e9largir la port\u00e9e de cette d\u00e9cision\u00a0: \u00abC\u2019est au-del\u00e0 de ma personne. C\u2019est surtout de l\u2019Europe dont il s\u2019agit, j\u2019ai fait mon simple travail en tant qu\u2019officiel europ\u00e9en.\u00bb<\/p>\n<p class=\"fig-paragraph\">L\u2019ancien ministre fran\u00e7ais a \u00e9galement mis en garde contre les cons\u00e9quences d\u2019une telle sanction\u00a0: \u00abSi on accepte que lorsqu\u2019on est un commissaire europ\u00e9en, on soit ostracis\u00e9, bl\u00e2m\u00e9 et puni, parce qu\u2019on a exerc\u00e9 le mandat qu\u2019on vous a confi\u00e9, alors on prend une pente extraordinairement dangereuse.\u00bb\u00a0Washington\u00a0<a href=\"http:\/\/www.lefigaro.fr\/secteur\/high-tech\/sanction-americaine-contre-thierry-breton-que-reprochent-les-etats-unis-a-l-ex-commissaire-europeen-20251224\" target=\"_blank\" data-fig-type=\"NewsFlash\" rel=\"noopener\" data-gtm-custom-categorie=\"navigation\" data-gtm-custom-action=\"crossclick\" data-gtm-custom-label=\"Contextuel\" data-gtm-event=\"customEventSPE\" data-fig-domain=\"LEFIGARO\">reproche \u00e0 Thierry Breton des actes assimil\u00e9s \u00e0 de la \u00abcensure\u00bb<\/a>, jug\u00e9s contraires aux int\u00e9r\u00eats des \u00c9tats-Unis, a expliqu\u00e9 le d\u00e9partement d\u2019\u00c9tat am\u00e9ricain.<\/p>\n<p>                                            <a class=\"fig-a11y-skip\" href=\"#fig-a11y-skip-main-inarticle\" data-module=\"a11y-skip\" data-context=\"was @visible\"><br \/>\n    Passer la publicit\u00e9<br \/>\n<\/a>            <\/p>\n<p>                                            \u00abR\u00e9agir vite\u00bb et \u00abavec la plus grande fermet\u00e9\u00bb<\/p>\n<p class=\"fig-paragraph\">Face \u00e0 cette situation, Thierry Breton exhorte Bruxelles \u00e0 ne pas rester passive. Il appelle les institutions europ\u00e9ennes \u00e0 \u00abr\u00e9agir vite\u00bb et \u00abavec la plus grande fermet\u00e9\u00bb. \u00abSi on laisse cet \u00e9tat de fait s\u2019installer, \u00e7a voudrait dire que ceux qui vont me succ\u00e9der et auront \u00e0 exercer leur mandat europ\u00e9en seraient intimid\u00e9s et emp\u00each\u00e9s de le faire\u00bb, a-t-il averti.<\/p>\n<p class=\"fig-paragraph\">Outre l\u2019ancien commissaire europ\u00e9en,\u00a0<a href=\"http:\/\/www.lefigaro.fr\/international\/regulation-de-la-tech-qui-sont-les-quatre-autres-europeens-sanctionnes-par-les-etats-unis-aux-cotes-de-thierry-breton-20251224\" target=\"_blank\" data-fig-type=\"NewsFlash\" rel=\"noopener\" data-gtm-custom-categorie=\"navigation\" data-gtm-custom-action=\"crossclick\" data-gtm-custom-label=\"Contextuel\" data-gtm-event=\"customEventSPE\" data-fig-domain=\"LEFIGARO\">quatre autres personnalit\u00e9s sont concern\u00e9es<\/a>\u00a0par ces sanctions am\u00e9ricaines. Il s\u2019agit de responsables d\u2019organisations engag\u00e9es contre la d\u00e9sinformation et les discours de haine en ligne\u00a0: Imran Ahmed, directeur du Center for Countering Digital Hate (CCDH), Clare Melford, \u00e0 la t\u00eate du Global Disinformation Index (GDI) au Royaume-Uni, ainsi qu\u2019Anna-Leva von Hodenberg et Josephine Ballon, membres de l\u2019ONG allemande HateAid.<\/p>\n<p class=\"fig-paragraph\">Apr\u00e8s la sanction am\u00e9ricaine visant Thierry Breton, la classe politique fran\u00e7aise a \u00e9t\u00e9\u00a0<a href=\"http:\/\/www.lefigaro.fr\/conjoncture\/sanction-scandaleuse-solidarite-totale-la-classe-politique-defend-thierry-breton-interdit-de-visa-par-les-etats-unis-20251224\" target=\"_blank\" data-fig-type=\"NewsFlash\" rel=\"noopener\" data-gtm-custom-categorie=\"navigation\" data-gtm-custom-action=\"crossclick\" data-gtm-custom-label=\"Contextuel\" data-gtm-event=\"customEventSPE\" data-fig-domain=\"LEFIGARO\">quasiment unanime \u00e0 d\u00e9fendre l\u2019ex-commissaire europ\u00e9en<\/a>. Emmanuel Macron a ainsi d\u00e9nonc\u00e9 \u00ables d\u00e9cisions de restriction de visa prises par les \u00c9tats-Unis\u00bb, estimant que \u00abces mesures rel\u00e8vent de l\u2019intimidation et de la coercition \u00e0 l\u2019encontre de la souverainet\u00e9 num\u00e9rique europ\u00e9enne\u00bb. Le ministre des Affaires \u00e9trang\u00e8res, Jean-No\u00ebl Barrot, a lui aussi d\u00e9nonc\u00e9 \u00abavec la plus grande fermet\u00e9 la restriction de visa prise par les \u00c9tats-Unis \u00e0 l\u2019encontre de Thierry Breton (&#8230;) et quatre autres personnalit\u00e9s europ\u00e9ennes\u00bb.\u00a0\u00abLes peuples de l\u2019Europe sont libres et souverains et ne sauraient se faire imposer par d\u2019autres les r\u00e8gles s\u2019appliquant \u00e0 leur espace num\u00e9rique\u00bb, a ajout\u00e9 le chef de la diplomatie fran\u00e7aise.<\/p>\n","protected":false},"excerpt":{"rendered":"\u00abSi on laisse cet \u00e9tat de fait s\u2019installer, \u00e7a voudrait dire que ceux qui vont me succ\u00e9der et&hellip;\n","protected":false},"author":2,"featured_media":629523,"comment_status":"","ping_status":"","sticky":false,"template":"","format":"standard","meta":{"footnotes":""},"categories":[1589],"tags":[11,73,1866,12,39049,364,1864,1865,1863,308],"class_list":{"0":"post-629522","1":"post","2":"type-post","3":"status-publish","4":"format-standard","5":"has-post-thumbnail","7":"category-etats-unis","8":"tag-actualites","9":"tag-etats-unis","10":"tag-etats-unis-damerique","11":"tag-news","12":"tag-thierry-breton","13":"tag-union-europeenne","14":"tag-united-states","15":"tag-united-states-of-america","16":"tag-us","17":"tag-usa"},"share_on_mastodon":{"url":"https:\/\/pubeurope.com\/@fr\/115807735245004176","error":""},"_links":{"self":[{"href":"https:\/\/www.europesays.com\/fr\/wp-json\/wp\/v2\/posts\/629522","targetHints":{"allow":["GET"]}}],"collection":[{"href":"https:\/\/www.europesays.com\/fr\/wp-json\/wp\/v2\/posts"}],"about":[{"href":"https:\/\/www.europesays.com\/fr\/wp-json\/wp\/v2\/types\/post"}],"author":[{"embeddable":true,"href":"https:\/\/www.europesays.com\/fr\/wp-json\/wp\/v2\/users\/2"}],"replies":[{"embeddable":true,"href":"https:\/\/www.europesays.com\/fr\/wp-json\/wp\/v2\/comments?post=629522"}],"version-history":[{"count":0,"href":"https:\/\/www.europesays.com\/fr\/wp-json\/wp\/v2\/posts\/629522\/revisions"}],"wp:featuredmedia":[{"embeddable":true,"href":"https:\/\/www.europesays.com\/fr\/wp-json\/wp\/v2\/media\/629523"}],"wp:attachment":[{"href":"https:\/\/www.europesays.com\/fr\/wp-json\/wp\/v2\/media?parent=629522"}],"wp:term":[{"taxonomy":"category","embeddable":true,"href":"https:\/\/www.europesays.com\/fr\/wp-json\/wp\/v2\/categories?post=629522"},{"taxonomy":"post_tag","embeddable":true,"href":"https:\/\/www.europesays.com\/fr\/wp-json\/wp\/v2\/tags?post=629522"}],"curies":[{"name":"wp","href":"https:\/\/api.w.org\/{rel}","templated":true}]}}