{"id":629526,"date":"2025-12-30T09:10:12","date_gmt":"2025-12-30T09:10:12","guid":{"rendered":"https:\/\/www.europesays.com\/fr\/629526\/"},"modified":"2025-12-30T09:10:12","modified_gmt":"2025-12-30T09:10:12","slug":"en-allemagne-un-regiment-de-parachutistes-dans-le-viseur-des-autorites","status":"publish","type":"post","link":"https:\/\/www.europesays.com\/fr\/629526\/","title":{"rendered":"En Allemagne, un r\u00e9giment de parachutistes dans le viseur des autorit\u00e9s"},"content":{"rendered":"<p>C\u2019est une affaire qui secoue la \u00ab\u00a0Bundeswehr\u00a0\u00bb, les <a href=\"https:\/\/www.20minutes.fr\/monde\/armee\/\" class=\"c-link c-link--is-underlined\" target=\"_blank\" rel=\"noopener\">forces arm\u00e9es <\/a>allemandes, depuis plusieurs semaines. Lundi, le gouvernement allemand a condamn\u00e9 des comportements \u00ab\u00a0inacceptables\u00a0\u00bb au sein du r\u00e9giment de parachutistes 26 bas\u00e9 \u00e0 Zweibr\u00fccken, dans le sud-ouest de l\u2019<a href=\"https:\/\/www.20minutes.fr\/dossier\/allemagne\" class=\"c-link c-link--is-underlined\" target=\"_blank\" rel=\"noopener\">Allemagne<\/a>, pr\u00e8s de la fronti\u00e8re fran\u00e7aise.<\/p>\n<p>Cette unit\u00e9 militaire est sous le feu des critiques et de la justice depuis que certains de ses que des soldats font l\u2019objet d\u2019enqu\u00eates pour des violences, des comportements <a href=\"https:\/\/www.20minutes.fr\/societe\/violences-sexuelles-sexistes\/\" class=\"c-link c-link--is-underlined\" target=\"_blank\" rel=\"noopener\">sexistes<\/a>, de la <a href=\"https:\/\/www.20minutes.fr\/dossier\/drogue\" class=\"c-link c-link--is-underlined\" target=\"_blank\" rel=\"noopener\">consommation de drogues<\/a> ou de l\u2019affichage de symboles d\u2019<a href=\"https:\/\/www.20minutes.fr\/dossier\/extreme_droite\" class=\"c-link c-link--is-underlined\" target=\"_blank\" rel=\"noopener\">extr\u00eame droite<\/a>.<\/p>\n<\/p>\n<p>55 suspects<\/p>\n<p>\u00ab\u00a0L\u2019extr\u00e9misme de droite et des comportements sexuels inappropri\u00e9s, ce sont les infractions en cause, ne sont pas tol\u00e9r\u00e9s au sein de la Bundeswehr\u00a0\u00bb, a d\u00e9clar\u00e9 un porte-parole de la Bundeswehr en conf\u00e9rence de presse r\u00e9guli\u00e8re, Kenneth Harms, \u00e9voquant des incidents \u00ab\u00a0inacceptables\u00a0\u00bb. Il a aussi d\u00e9nonc\u00e9 une \u00ab\u00a0atteinte grave aux droits intimes de certaines personnes\u00a0\u00bb qui a \u00ab\u00a0aussi le potentiel de nuire \u00e0 la r\u00e9putation de la Bundeswehr dans son ensemble\u00a0\u00bb.<\/p>\n<p>Tout a commenc\u00e9 apr\u00e8s le signalement de deux soldates en juin, selon le journal Frankfurter Allgemeine Zeitung (FAZ). Depuis, plusieurs dizaines de parachutistes ont \u00e9t\u00e9 mis en cause, notamment pour des \u00ab\u00a0incidents d\u2019extr\u00eame droite et antis\u00e9mites\u00a0\u00bb et des \u00ab\u00a0rituels violents\u00a0\u00bb, et une vingtaine de soldats ont d\u00e9j\u00e0 \u00e9t\u00e9 exclus.<\/p>\n<p>Le commandant du r\u00e9giment a \u00e9t\u00e9 remplac\u00e9 et des enqu\u00eates ont \u00e9t\u00e9 men\u00e9es contre 55 suspects. Des proc\u00e9dures de licenciement sont engag\u00e9es contre 19 d\u2019entre eux, dont trois ont abouti, a pr\u00e9cis\u00e9 une porte-parole de l\u2019arm\u00e9e. \u00ab\u00a0Au total, 16 affaires ont \u00e9t\u00e9 renvoy\u00e9es au parquet. Des mesures disciplinaires ont \u00e9galement \u00e9t\u00e9 prises dans 16 cas, et le parquet militaire a ouvert des enqu\u00eates pr\u00e9liminaires dans 20 affaires\u00a0\u00bb, a-t-elle ajout\u00e9.<\/p>\n<p>19 plaintes re\u00e7ues<\/p>\n<p>Fin novembre, le parquet de Zweibr\u00fccken a confirm\u00e9 avoir re\u00e7u 19 plaintes, \u00e9manant de l\u2019arm\u00e9e et de son instance disciplinaire, visant des soldats sans grade et des sous-officiers de la caserne de cette unit\u00e9 d\u2019\u00e9lite. Les investigations sont toujours en cours.<\/p>\n<p>La police m\u00e8ne des enqu\u00eates pour de \u00ab\u00a0possibles violations de la loi sur les stup\u00e9fiants ou de la loi sur le<a href=\"https:\/\/www.20minutes.fr\/societe\/legalisation-du-cannabis\/\" class=\"c-link c-link--is-underlined\" target=\"_blank\" rel=\"noopener\"> cannabis<\/a> \u00e0 usage personnel\u00a0\u00bb, mais aussi pour \u00ab\u00a0des accusations d\u2019incitation \u00e0 la haine\u00a0\u00bb et \u00ab\u00a0d\u2019utilisation de symboles d\u2019organisations anticonstitutionnelles\u00a0\u00bb, terminologie associ\u00e9e aux mouvances <a href=\"https:\/\/www.20minutes.fr\/dossier\/neonazi\" class=\"c-link c-link--is-underlined\" target=\"_blank\" rel=\"noopener\">n\u00e9onazies<\/a>.<\/p>\n","protected":false},"excerpt":{"rendered":"C\u2019est une affaire qui secoue la \u00ab\u00a0Bundeswehr\u00a0\u00bb, les forces arm\u00e9es allemandes, depuis plusieurs semaines. Lundi, le gouvernement allemand&hellip;\n","protected":false},"author":2,"featured_media":629527,"comment_status":"","ping_status":"","sticky":false,"template":"","format":"standard","meta":{"footnotes":""},"categories":[1587],"tags":[47,11,672,1813,1804,1805,1803,1052,1777,674,1076,1801,3579,74,16684,41172,12,15860,1802,809,7434],"class_list":{"0":"post-629526","1":"post","2":"type-post","3":"status-publish","4":"format-standard","5":"has-post-thumbnail","7":"category-allemagne","8":"tag-actualite","9":"tag-actualites","10":"tag-allemagne","11":"tag-armee","12":"tag-bundesrepublik-deutschland","13":"tag-de","14":"tag-deutschland","15":"tag-drogue","16":"tag-eu","17":"tag-europe","18":"tag-extreme-droite","19":"tag-germany","20":"tag-militaire","21":"tag-monde","22":"tag-nazisme","23":"tag-neonazi","24":"tag-news","25":"tag-parquet","26":"tag-republique-federale-dallemagne","27":"tag-violence","28":"tag-violences-sexuelles-et-sexistes"},"share_on_mastodon":{"url":"https:\/\/pubeurope.com\/@fr\/115807743251358783","error":""},"_links":{"self":[{"href":"https:\/\/www.europesays.com\/fr\/wp-json\/wp\/v2\/posts\/629526","targetHints":{"allow":["GET"]}}],"collection":[{"href":"https:\/\/www.europesays.com\/fr\/wp-json\/wp\/v2\/posts"}],"about":[{"href":"https:\/\/www.europesays.com\/fr\/wp-json\/wp\/v2\/types\/post"}],"author":[{"embeddable":true,"href":"https:\/\/www.europesays.com\/fr\/wp-json\/wp\/v2\/users\/2"}],"replies":[{"embeddable":true,"href":"https:\/\/www.europesays.com\/fr\/wp-json\/wp\/v2\/comments?post=629526"}],"version-history":[{"count":0,"href":"https:\/\/www.europesays.com\/fr\/wp-json\/wp\/v2\/posts\/629526\/revisions"}],"wp:featuredmedia":[{"embeddable":true,"href":"https:\/\/www.europesays.com\/fr\/wp-json\/wp\/v2\/media\/629527"}],"wp:attachment":[{"href":"https:\/\/www.europesays.com\/fr\/wp-json\/wp\/v2\/media?parent=629526"}],"wp:term":[{"taxonomy":"category","embeddable":true,"href":"https:\/\/www.europesays.com\/fr\/wp-json\/wp\/v2\/categories?post=629526"},{"taxonomy":"post_tag","embeddable":true,"href":"https:\/\/www.europesays.com\/fr\/wp-json\/wp\/v2\/tags?post=629526"}],"curies":[{"name":"wp","href":"https:\/\/api.w.org\/{rel}","templated":true}]}}