{"id":629530,"date":"2025-12-30T09:12:14","date_gmt":"2025-12-30T09:12:14","guid":{"rendered":"https:\/\/www.europesays.com\/fr\/629530\/"},"modified":"2025-12-30T09:12:14","modified_gmt":"2025-12-30T09:12:14","slug":"accord-sur-les-nouvelles-techniques-genomiques","status":"publish","type":"post","link":"https:\/\/www.europesays.com\/fr\/629530\/","title":{"rendered":"Accord sur les nouvelles techniques g\u00e9nomiques"},"content":{"rendered":"<p>Apr\u00e8s deux ans et demi de discussions, les institutions europ\u00e9ennes sont parvenus \u00e0 <a href=\"https:\/\/data.consilium.europa.eu\/doc\/document\/ST-16660-2025-INIT\/en\/pdf\" target=\"_blank\" rel=\"noopener\">un accord<\/a> en trilogue, d\u00e9but d\u00e9cembre, <strong>sur le texte relatif aux nouvelles techniques g\u00e9nomiques (NGT)<\/strong>.<\/p>\n<p>Pour rappel, la proposition de la Commission europ\u00e9enne pr\u00e9voit <strong>deux types de plantes NGT<\/strong> (cat\u00e9gorisation qui satisfait \u00e0 la fois le Parlement europ\u00e9en et le Conseil)\u00a0:<\/p>\n<ul>\n<li>Les NTG de cat\u00e9gorie 1 pouvant \u00eatre obtenues par des m\u00e9thodes de s\u00e9lection conventionnelles, qui seraient exempt\u00e9es des r\u00e8gles pr\u00e9vues dans la l\u00e9gislation sur les OGM. Ces NTG ne seraient alors pas \u00e9tiquet\u00e9es comme telles, en revanche, les semences produites par ces techniques devraient \u00eatre \u00e9tiquet\u00e9es\u00a0;<\/li>\n<li>Les NTG de cat\u00e9gorie 2 obtenues par ces techniques seraient, quant \u00e0 elles, soumises \u00e0 la l\u00e9gislation sur les OGM, c\u00e0d aux r\u00e8gles en mati\u00e8re d\u2019\u00e9valuation des risques et en mati\u00e8re d\u2019autorisation avant mise sur le march\u00e9) et seraient \u00e9tiquet\u00e9es comme telles.<\/li>\n<\/ul>\n<p>Dans les discussions en trilogue, qui ont \u00e9t\u00e9 longues et conflictuelles, le Parlement europ\u00e9en a obtenu quelques concessions, <strong>notamment en mati\u00e8re de durabilit\u00e9<\/strong>. En effet, l\u2019accord int\u00e8gre la cr\u00e9ation de crit\u00e8res de durabilit\u00e9 pour classifier les diff\u00e9rentes NGT. Si, apr\u00e8s avoir \u00e9t\u00e9 modifi\u00e9e g\u00e9n\u00e9tiquement, une plante NGT pr\u00e9sente l\u2019un des deux traits suivants\u00a0:<\/p>\n<ul>\n<li>Tol\u00e9rance aux herbicides<\/li>\n<li>Production d\u2019une substance insecticide connue<\/li>\n<\/ul>\n<p>Alors cette plante sera automatiquement exclue de la cat\u00e9gorie 1 des NGT (semblables au conventionnel) et devra donc suivre les r\u00e8gles en vigueur pour les NGT 2, semblables aux OGM. Ces r\u00e8gles concerneront \u00e9galement les semences import\u00e9es depuis des pays tiers.<\/p>\n<p>De son c\u00f4t\u00e9, le Conseil a obtenu des concessions <strong>au sujet de la tra\u00e7abilit\u00e9 de ces plantes NGT<\/strong>. Alors que le Parlement europ\u00e9en souhaitait la cr\u00e9ation d\u2019un \u00e9tiquetage obligatoire de toutes les plantes NGT et des produits en d\u00e9coulant, l\u2019accord du trilogue ne retient finalement qu\u2019un \u00e9tiquetage obligatoire pour les semences de la cat\u00e9gorie NGT 1 (en plus des plantes de la cat\u00e9gorie 2).<\/p>\n<p><strong>Sur le sujet \u00e9pineux des brevets<\/strong>, l\u2019accord en trilogue pr\u00e9voit la cr\u00e9ation de brevets sur les plantes obtenues gr\u00e2ce aux NGT, aussi bien en cat\u00e9gorie 1 que 2. Le Parlement europ\u00e9en s\u2019\u00e9tait prononc\u00e9 en faveur d\u2019une interdiction totale des brevets sur toutes les plantes NGT. Lors d\u2019une demande d\u2019autorisation de mise sur le march\u00e9 par les entreprises, ces derni\u00e8res devront partager un minimum d\u2019informations sur d\u2019\u00e9ventuels brevets existants sur leur vari\u00e9t\u00e9. Ces informations feront l\u2019objet d\u2019une base de donn\u00e9es accessible \u00e0 tous.<\/p>\n<p>L\u2019accord pr\u00e9voit \u00e9galement que la Commission europ\u00e9enne pr\u00e9sente une \u00e9tude sur les impacts de ce texte en mati\u00e8re de propri\u00e9t\u00e9 intellectuelles et d\u2019acc\u00e8s au semence, un an apr\u00e8s l\u2019entr\u00e9e en vigueur du texte. En fonction des conclusions, elle pourra d\u00e9cider de rouvrir la l\u00e9gislation.<\/p>\n<p>\u00a0<\/p>\n<p>Ce compromis a \u00e9t\u00e9 formellement adopt\u00e9 par les \u00c9tats membres le 19 d\u00e9cembre dernier. Quant au Parlement europ\u00e9en, il devra se prononcer en pl\u00e9ni\u00e8re en mars 2026. Ce vote appara\u00eet toutefois compromis car certains d\u00e9put\u00e9s europ\u00e9ens ont annonc\u00e9 qu\u2019ils rejetterait cet accord, trop \u00e9loign\u00e9 de la position initiale du Parlement europ\u00e9en.<\/p>\n<p>Plus d&rsquo;Information:<\/p>\n<p><a href=\"https:\/\/ec.europa.eu\/commission\/presscorner\/detail\/en\/ip_23_3565\" target=\"_blank\" rel=\"noopener\">Proposition de la Commission europ\u00e9enne<\/a><\/p>\n<p><a href=\"#\" rel=\"nofollow\" onclick=\"window.print(); return false;\" title=\"Printer Friendly, PDF &amp; Email\"><img decoding=\"async\" class=\"pf-button-img\" src=\"https:\/\/www.europesays.com\/fr\/wp-content\/uploads\/2025\/07\/print-button.png\" alt=\"Print Friendly, PDF &amp; Email\" style=\"width: 66px;height: 24px;\"\/><\/a><\/p>\n","protected":false},"excerpt":{"rendered":"Apr\u00e8s deux ans et demi de discussions, les institutions europ\u00e9ennes sont parvenus \u00e0 un accord en trilogue, d\u00e9but&hellip;\n","protected":false},"author":2,"featured_media":224306,"comment_status":"","ping_status":"","sticky":false,"template":"","format":"standard","meta":{"footnotes":""},"categories":[1586],"tags":[11,1777,674,1779,1011,27,12,25,1778,364],"class_list":{"0":"post-629530","1":"post","2":"type-post","3":"status-publish","4":"format-standard","5":"has-post-thumbnail","7":"category-europe","8":"tag-actualites","9":"tag-eu","10":"tag-europe","11":"tag-european-union","12":"tag-fr","13":"tag-france","14":"tag-news","15":"tag-republique-francaise","16":"tag-ue","17":"tag-union-europeenne"},"share_on_mastodon":{"url":"https:\/\/pubeurope.com\/@fr\/115807750988821387","error":""},"_links":{"self":[{"href":"https:\/\/www.europesays.com\/fr\/wp-json\/wp\/v2\/posts\/629530","targetHints":{"allow":["GET"]}}],"collection":[{"href":"https:\/\/www.europesays.com\/fr\/wp-json\/wp\/v2\/posts"}],"about":[{"href":"https:\/\/www.europesays.com\/fr\/wp-json\/wp\/v2\/types\/post"}],"author":[{"embeddable":true,"href":"https:\/\/www.europesays.com\/fr\/wp-json\/wp\/v2\/users\/2"}],"replies":[{"embeddable":true,"href":"https:\/\/www.europesays.com\/fr\/wp-json\/wp\/v2\/comments?post=629530"}],"version-history":[{"count":0,"href":"https:\/\/www.europesays.com\/fr\/wp-json\/wp\/v2\/posts\/629530\/revisions"}],"wp:featuredmedia":[{"embeddable":true,"href":"https:\/\/www.europesays.com\/fr\/wp-json\/wp\/v2\/media\/224306"}],"wp:attachment":[{"href":"https:\/\/www.europesays.com\/fr\/wp-json\/wp\/v2\/media?parent=629530"}],"wp:term":[{"taxonomy":"category","embeddable":true,"href":"https:\/\/www.europesays.com\/fr\/wp-json\/wp\/v2\/categories?post=629530"},{"taxonomy":"post_tag","embeddable":true,"href":"https:\/\/www.europesays.com\/fr\/wp-json\/wp\/v2\/tags?post=629530"}],"curies":[{"name":"wp","href":"https:\/\/api.w.org\/{rel}","templated":true}]}}