{"id":629531,"date":"2025-12-30T09:13:12","date_gmt":"2025-12-30T09:13:12","guid":{"rendered":"https:\/\/www.europesays.com\/fr\/629531\/"},"modified":"2025-12-30T09:13:12","modified_gmt":"2025-12-30T09:13:12","slug":"a-suivre-aujourdhui-atos-30-12-2025-a-0728","status":"publish","type":"post","link":"https:\/\/www.europesays.com\/fr\/629531\/","title":{"rendered":"A suivre aujourd&rsquo;hui&#8230; Atos &#8211; 30\/12\/2025 \u00e0 07:28"},"content":{"rendered":"<p>\n (AOF) &#8211; Hier,<br \/>\n <a href=\"https:\/\/www.boursorama.com\/cours\/1rPATO\/\" target=\"_blank\" rel=\"noopener\"><br \/>\n  Atos<br \/>\n <\/a><br \/>\n a annonc\u00e9 la signature d&rsquo;un accord engageant pour la cession de ses activit\u00e9s sud-am\u00e9ricaines au Br\u00e9silien Semantix. Cette op\u00e9ration, qui fait partie du plan Genesis destin\u00e9 \u00e0 ramener le groupe fran\u00e7ais \u00e0 une croissance durable et rentable en se recentrant sur les g\u00e9ographies et les actifs cl\u00e9s, comprend 2 800 professionnels \u00e0 travers le Br\u00e9sil, l\u2019Argentine, le Chili, la Colombie, l\u2019Uruguay et le P\u00e9rou. Le montant de l\u2019op\u00e9ration n\u2019a pas \u00e9t\u00e9 d\u00e9voil\u00e9. Cette transaction devrait \u00eatre finalis\u00e9e dans les prochains mois, une fois toutes les conditions pr\u00e9alables remplies.\n<\/p>\n<p>\n <strong><br \/>\n  AOF &#8211; EN SAVOIR PLUS<br \/>\n <\/strong>\n<\/p>\n<p>\n <strong><br \/>\n  Points-cl\u00e9s<br \/>\n <\/strong>\n<\/p>\n<p>\n &#8211; Leader international de la transformation num\u00e9rique, du calcul haute performance et des infrastructures li\u00e9es aux technologies de l\u2019information, cr\u00e9\u00e9 en 1997, n\u00b01 europ\u00e9en du cloud, de la cybers\u00e9curit\u00e9 et des supercalculateurs ;\n<\/p>\n<p>\n &#8211; Chiffre d\u2019affaires de 9,6  Mds\u20ac, r\u00e9parti entre 2 marques : Atos (cloud, services cyber, Digital Workplace \u2026) et Eviden (produits de cybers\u00e9curit\u00e9, Supercalculateurs, syst\u00e8mes critiques et vision par ordinateur bas\u00e9e sur l&rsquo;IA;\n<\/p>\n<p>\n &#8211; Activit\u00e9 r\u00e9alis\u00e9e \u00e0 23 % en Europe centrale, 22 % en Europe du sud, 20 % en Am\u00e9rique du sud, 16 % au Royaume-Uni et Irlande, 10 % au Benelux et Europe du nord, et 9 % dans les march\u00e9s en croissance ;\n<\/p>\n<p>\n &#8211; Ambition : maximisation de la valeur via la division du groupe en 2 entit\u00e9s distinctes &#8211; Tech Fondations pour l\u2019infrastructure, le cloud priv\u00e9 et les plateformes et Eviden pour le digital, le big data et la cybers\u00e9curit\u00e9 ;\n<\/p>\n<p>\n &#8211; Capital ouvert avec un conseil de 6 administrateurs (8 \u00e0 partir du 31 janvier) pr\u00e9sid\u00e9 par Philippe Salle \u00e9galement directeur g\u00e9n\u00e9ral.\n<\/p>\n<p>\n <strong><br \/>\n  Enjeux<br \/>\n <\/strong>\n<\/p>\n<p>\n &#8211; Agilit\u00e9 du mod\u00e8le d\u2019affaires<\/p>\n<p>  Genesis<\/p>\n<p> orchestr\u00e9 par une \u00e9quipe de direction de 20 membres :\n<\/p>\n<p>\n &#8211; organis\u00e9 en 2 grandes activit\u00e9s :\n<\/p>\n<p>\n &#8211; services sous la marque Atos : cloud, cyber, donn\u00e9es &amp; Ia, applications digitales, plateformes intelligentes, environnements de travail digital,\n<\/p>\n<p>\n &#8211; produits sous marque Eviden : cybers\u00e9curit\u00e9, supercalculateurs, vision par ordinateur et syst\u00e8mes critiques,\n<\/p>\n<p>\n &#8211; organisant la pr\u00e9sence mondiale en 6 p\u00f4les (France, Allemagne, Autriche &amp; Europe de l\u2019Est, Royaume-Uni &amp; Irlande, Benelux, Pays-Bas &amp; Scandinavie, Am\u00e9rique du nord),\n<\/p>\n<p>\n &#8211; optimisant les co\u00fbts (r\u00e9duction d\u2019effectifs) et am\u00e9liorant le taux de facturation, \u00e0 79 %,\n<\/p>\n<p>\n &#8211; ayant achev\u00e9 la restructuration financi\u00e8re et focalis\u00e9 \u00e0 la fois  sur la croissance et les cessions d\u2019activit\u00e9s, telle l\u2019Advanced Computing rachet\u00e9e par l\u2019\u00e9tat fran\u00e7ais \u00e0 la fin 2026,\n<\/p>\n<p>\n &#8211; finan\u00e7ant l\u2019innovation avec 500 M\u20ac en R&amp;D d\u2019ici 2028, (18 centres de R&amp;D, portefeuille de 3 000 brevets) ;\n<\/p>\n<p>\n &#8211; Strat\u00e9gie environnementale de neutralit\u00e9 carbone en 2028 ;\n<\/p>\n<p>\n &#8211; Visibilit\u00e9 avec un carnet de commandes de 1,5 an de chiffre d\u2019affaires ;\n<\/p>\n<p>\n &#8211; Situation financi\u00e8re encore tendue -conversion en capital de 2,9 Mds\u20ac de dette, 1,6 Md\u20ac de financements privil\u00e9gi\u00e9s, report des \u00e9ch\u00e9ances de remboursement \u00e0 fin 2029 et fin 2032- mais am\u00e9lioration du flux de tr\u00e9sorerie \u00e0 fin juin, n\u00e9gatif \u00e0 96 M\u20ac vs 593 M\u20ac un an plus t\u00f4t, et effet de levier de la dette de 4, soit le plafond exig\u00e9 \u00e0 partir de 2027.\n<\/p>\n<p>\n <strong><br \/>\n  D\u00e9fis<br \/>\n <\/strong>\n<\/p>\n<p>\n &#8211; Apr\u00e8s les pertes accus\u00e9es depuis 2021 et la forte dilution boursi\u00e8re issue de la proc\u00e9dure de sauvegarde acc\u00e9l\u00e9r\u00e9e, 3 grands freins au retour d\u2019une confiance durable des investisseurs :\n<\/p>\n<p>\n &#8211; co\u00fbt de la dette \u00e9lev\u00e9, \u00e0 environ 10 %,\n<\/p>\n<p>\n &#8211; surexposition -plus de 50 % du chiffre d\u2019affaires- au march\u00e9 des infrastructures IT,\n<\/p>\n<p>\n &#8211; rentabilit\u00e9 inf\u00e9rieure d\u2019Eviden par rapport aux concurrents ;\n<\/p>\n<p>\n ;\n<\/p>\n<p>\n &#8211; En France, poursuite de l\u2019am\u00e9lioration de l\u2019efficacit\u00e9 commerciale dans un march\u00e9 atone ;\n<\/p>\n<p>\n &#8211; Apr\u00e8s un repli de 17,4 % du chiffre d\u2019affaires mais une forte hausse de la marge op\u00e9rationnelle et une division par 2 de la perte nette au 1er semestre, objectifs 2025 confirm\u00e9s : revenus en repli \u00e0 8,5 Mds\u20ac, marge op\u00e9rationnelle de 4  % et autofinancement libre n\u00e9gatif autour de 350 M\u20ac ;\n<\/p>\n<p>\n &#8211; Objectifs 2028 : 8,5 \u00e0 9 Mds\u20ac de revenus, 10 % de marge op\u00e9rationnelle, obtention de la notation de \u00ab investment grade \u00bb pour la dette d\u00e8s 2027 et levier de la dette revenu \u00e0 1,6 ;\n<\/p>\n<p>\n &#8211; Absence de dividende.<\/p>\n","protected":false},"excerpt":{"rendered":"(AOF) &#8211; Hier, Atos a annonc\u00e9 la signature d&rsquo;un accord engageant pour la cession de ses activit\u00e9s sud-am\u00e9ricaines&hellip;\n","protected":false},"author":2,"featured_media":629532,"comment_status":"","ping_status":"","sticky":false,"template":"","format":"standard","meta":{"footnotes":""},"categories":[2],"tags":[400,11,398,408,405,1011,27,403,402,399,404,12,25,401,406,407],"class_list":{"0":"post-629531","1":"post","2":"type-post","3":"status-publish","4":"format-standard","5":"has-post-thumbnail","7":"category-actualites","8":"tag-action-cac-40","9":"tag-actualites","10":"tag-bourse-de-paris","11":"tag-boursorama","12":"tag-cotations","13":"tag-fr","14":"tag-france","15":"tag-indices-devises","16":"tag-investir","17":"tag-investissement","18":"tag-marche-boursier","19":"tag-news","20":"tag-republique-francaise","21":"tag-sicav","22":"tag-trackers","23":"tag-warrants"},"share_on_mastodon":{"url":"https:\/\/pubeurope.com\/@fr\/115807754906874168","error":""},"_links":{"self":[{"href":"https:\/\/www.europesays.com\/fr\/wp-json\/wp\/v2\/posts\/629531","targetHints":{"allow":["GET"]}}],"collection":[{"href":"https:\/\/www.europesays.com\/fr\/wp-json\/wp\/v2\/posts"}],"about":[{"href":"https:\/\/www.europesays.com\/fr\/wp-json\/wp\/v2\/types\/post"}],"author":[{"embeddable":true,"href":"https:\/\/www.europesays.com\/fr\/wp-json\/wp\/v2\/users\/2"}],"replies":[{"embeddable":true,"href":"https:\/\/www.europesays.com\/fr\/wp-json\/wp\/v2\/comments?post=629531"}],"version-history":[{"count":0,"href":"https:\/\/www.europesays.com\/fr\/wp-json\/wp\/v2\/posts\/629531\/revisions"}],"wp:featuredmedia":[{"embeddable":true,"href":"https:\/\/www.europesays.com\/fr\/wp-json\/wp\/v2\/media\/629532"}],"wp:attachment":[{"href":"https:\/\/www.europesays.com\/fr\/wp-json\/wp\/v2\/media?parent=629531"}],"wp:term":[{"taxonomy":"category","embeddable":true,"href":"https:\/\/www.europesays.com\/fr\/wp-json\/wp\/v2\/categories?post=629531"},{"taxonomy":"post_tag","embeddable":true,"href":"https:\/\/www.europesays.com\/fr\/wp-json\/wp\/v2\/tags?post=629531"}],"curies":[{"name":"wp","href":"https:\/\/api.w.org\/{rel}","templated":true}]}}