{"id":629533,"date":"2025-12-30T09:14:11","date_gmt":"2025-12-30T09:14:11","guid":{"rendered":"https:\/\/www.europesays.com\/fr\/629533\/"},"modified":"2025-12-30T09:14:11","modified_gmt":"2025-12-30T09:14:11","slug":"son-immense-appartement-des-annees-70","status":"publish","type":"post","link":"https:\/\/www.europesays.com\/fr\/629533\/","title":{"rendered":"son immense appartement des ann\u00e9es 70"},"content":{"rendered":"<p class=\"p1\"><strong>Brigitte Bardot n\u2019est plus<\/strong>. \u00c0 91<br \/>\nans, l\u2019ic\u00f4ne fran\u00e7aise s\u2019est \u00e9teinte dans sa demeure situ\u00e9e dans le<br \/>\nSud de la France. Durant de nombreuses d\u00e9cennies, l\u2019actrice et<br \/>\nambassadrice de la cause animale a <strong>marqu\u00e9 l\u2019histoire du<br \/>\ncin\u00e9ma et de la mode<\/strong> par son charisme unique et son style<br \/>\ninimitable. De ses d\u00e9buts fulgurants sur les plateaux de tournage \u00e0<br \/>\nson engagement passionn\u00e9 pour la protection des animaux, celle-ci a<br \/>\nsu captiver le monde entier. En dehors de Saint-Tropez, dans<br \/>\nquelles autres villes la star a-t-elle \u00e9galement v\u00e9cu au cours de<br \/>\nsa vie ? <strong>Zoom sur l\u2019un des appartements<\/strong> que<br \/>\n<a href=\"https:\/\/www.lejournaldelamaison.fr\/le-journal-de-la-maison\/reportages-maisons\/avenir-maisons-brigitte-bardot-madrague-garrigue-531869.html\" target=\"_blank\" rel=\"noopener\">Brigitte Bardot<\/a> a poss\u00e9d\u00e9 au<br \/>\nsein m\u00eame de la capitale.<\/p>\n<p>Brigitte Bardot a litt\u00e9ralement craqu\u00e9 pour<br \/>\nl\u2019originalit\u00e9 de cet appartement<\/p>\n<p class=\"p1\">Dans l\u2019imaginaire collectif, Brigitte Bardot est bien<br \/>\ns\u00fbr li\u00e9e \u00e0 <a href=\"https:\/\/www.lejournaldelamaison.fr\/le-journal-de-la-maison\/reportages-maisons\/maisons-bord-de-mer\/brigitte-bardot-eteinte-dimanche-28-decembre-maison-saint-tropez-la-madrague-531848.html\" target=\"_blank\" rel=\"noopener\">La Madrague<\/a>, cette villa baign\u00e9e<br \/>\nde lumi\u00e8re au bord de la M\u00e9diterran\u00e9e. Mais bien avant de se<br \/>\nretirer dans le Sud de la France, l\u2019ic\u00f4ne des ann\u00e9es 60 et 70 a<br \/>\nv\u00e9cu dans plusieurs logements, dont cet appartement bien pr\u00e9cis.<br \/>\nCelui-ci est <strong>l\u2019un des biens immobiliers<br \/>\nexceptionnels<\/strong> que l\u2019on peut d\u00e9couvrir dans le<br \/>\n<strong>quartier de La Muette \u00e0 Paris<\/strong>.<\/p>\n<p class=\"p1\">Brigitte Bardot y a pos\u00e9 ses valises <strong>\u00e0 la fin<br \/>\ndes ann\u00e9es 1960<\/strong>, en compagnie de son ex-mari G\u00fcnter Sachs.<br \/>\nLa particularit\u00e9 de cette r\u00e9sidence ? Sa dimension exceptionnelle.<br \/>\nSitu\u00e9 sur deux \u00e9tages, <a href=\"https:\/\/www.lejournaldelamaison.fr\/le-journal-de-la-maison\/reportages-maisons\/maisons-reportages-maisons\/dominique-de-villepin-duplex-princier-reside-aujourdhui-lancien-premier-ministre-488092.html\" target=\"_blank\" rel=\"noopener\">ce duplex<\/a> mesure pas moins de<br \/>\n400 m\u00e8tres carr\u00e9s. Et incroyable mais vrai : l\u2019appartement se<br \/>\ncompose de pi\u00e8ces traditionnelles, ainsi que d\u2019une<br \/>\n<strong>\u00ab\u00a0salle de r\u00e9ception dont le sol est par\u00e9 de<br \/>\nmarbre blanc, d\u2019une salle de billard et m\u00eame\u2026 d\u2019une<br \/>\ndiscoth\u00e8que\u00a0\u00bb<\/strong>. Rien que \u00e7a !<\/p>\n<p>Cet appartement n\u2019est pas le seul logement dans<br \/>\nlequel Brigitte Bardot a v\u00e9cu au sein de la capitale<\/p>\n<p class=\"p1\">Avant de loger \u00e0 cette adresse spectaculaire,<br \/>\nBrigitte Bardot a d\u00e9j\u00e0 v\u00e9cu \u00e0 Paris. Cette derni\u00e8re a investi dans<br \/>\nun appartement situ\u00e9 <strong>avenue Paul Doumer<\/strong>, <a href=\"https:\/\/www.lejournaldelamaison.fr\/le-journal-de-la-maison\/reportages-maisons\/appartements\/brigitte-bardot-appartement-enfance-524623.html\" target=\"_blank\" rel=\"noopener\">dans le XVI\u00e8me arrondissement de la<br \/>\ncapitale<\/a>. Un bien \u00e9galement sublime dans lequel l\u2019actrice<br \/>\nd\u00e9c\u00e9d\u00e9e a <strong>donn\u00e9 naissance \u00e0 son fils Nicolas<\/strong>,<br \/>\nfruit de son amour avec le com\u00e9dien Jacques Charrier.<\/p>\n<p class=\"p1\">Brigitte Bardot a su transformer cet appartement en<br \/>\nun <strong>v\u00e9ritable cocon familial<\/strong>. Elle y a r\u00e9sid\u00e9<br \/>\n<strong>entre 1956 et 1971<\/strong>. Cette derni\u00e8re y a m\u00eame pos\u00e9<br \/>\napr\u00e8s la naissance de sa prog\u00e9niture \u00e0 l\u2019occasion d\u2019un reportage<br \/>\narchiv\u00e9 par l\u2019INA.<\/p>\n<blockquote class=\"instagram-media\" style=\"background: #ffffff;border: 0;margin: 1px;width: 100%;padding: 0;max-width: 500px;\" data-instgrm-permalink=\"https:\/\/www.instagram.com\/p\/DQgnXy8kaoN\/?img_index=1\" data-instgrm-version=\"14\"\/><p>\nLe Sud de la France, une r\u00e9gion<br \/>\nch\u00e8re au c\u0153ur de Brigitte Bardot<\/p>\n<p class=\"p1\">Ce n\u2019est que bien plus tard que Brigitte Bardot a<br \/>\nchoisi de d\u00e9m\u00e9nager \u00e0 quelques kilom\u00e8tres de Paris. En effet, l\u2019une<br \/>\ndes plus belles femmes du monde a opt\u00e9 pour le <strong>Sud de la<br \/>\nFrance<\/strong>. Cette derni\u00e8re a d\u2019abord lou\u00e9 une <strong>bastide<br \/>\nproven\u00e7ale dans l\u2019arri\u00e8re-pays cannois<\/strong>, \u00e0 Peymeinade. Une<br \/>\ndemeure immense qui se constitue de quatorze chambre, d\u2019un studio<br \/>\nd\u2019artiste et de plusieurs d\u00e9pendances.<\/p>\n<p class=\"p1\">Ensuite, Brigitte Bardot a craqu\u00e9 pour la fameuse<br \/>\nvilla de La Madrague \u00e0 Saint-Tropez. Jusqu\u2019\u00e0 la fin de ses jours,<br \/>\nl\u2019actrice y a pass\u00e9 du bon temps, <strong>profitant du calme, du<br \/>\nsoleil et de la mer M\u00e9diterran\u00e9e<\/strong>. Celle-ci a toujours<br \/>\nconsid\u00e9r\u00e9 cette maison comme son <strong>paradis sur<br \/>\nterre<\/strong>.<\/p>\n<p><script async src=\"\/\/www.instagram.com\/embed.js\"><\/script><\/p>\n","protected":false},"excerpt":{"rendered":"Brigitte Bardot n\u2019est plus. \u00c0 91 ans, l\u2019ic\u00f4ne fran\u00e7aise s\u2019est \u00e9teinte dans sa demeure situ\u00e9e dans le Sud&hellip;\n","protected":false},"author":2,"featured_media":629534,"comment_status":"","ping_status":"","sticky":false,"template":"","format":"standard","meta":{"footnotes":""},"categories":[2],"tags":[8642,13041,11,7495,9071,3396,57061,15021,38114,8117,154,7124,12219,14898,1011,27,47204,4743,51363,12,25,3711],"class_list":{"0":"post-629533","1":"post","2":"type-post","3":"status-publish","4":"format-standard","5":"has-post-thumbnail","7":"category-actualites","8":"tag-8642","9":"tag-a","10":"tag-actualites","11":"tag-annees","12":"tag-appartement","13":"tag-avec","14":"tag-bardot","15":"tag-blanc","16":"tag-brigitte","17":"tag-deco","18":"tag-des","19":"tag-discotheque","20":"tag-et","21":"tag-folle","22":"tag-fr","23":"tag-france","24":"tag-immense","25":"tag-la","26":"tag-marbre","27":"tag-news","28":"tag-republique-francaise","29":"tag-son"},"share_on_mastodon":{"url":"https:\/\/pubeurope.com\/@fr\/115807758810843782","error":""},"_links":{"self":[{"href":"https:\/\/www.europesays.com\/fr\/wp-json\/wp\/v2\/posts\/629533","targetHints":{"allow":["GET"]}}],"collection":[{"href":"https:\/\/www.europesays.com\/fr\/wp-json\/wp\/v2\/posts"}],"about":[{"href":"https:\/\/www.europesays.com\/fr\/wp-json\/wp\/v2\/types\/post"}],"author":[{"embeddable":true,"href":"https:\/\/www.europesays.com\/fr\/wp-json\/wp\/v2\/users\/2"}],"replies":[{"embeddable":true,"href":"https:\/\/www.europesays.com\/fr\/wp-json\/wp\/v2\/comments?post=629533"}],"version-history":[{"count":0,"href":"https:\/\/www.europesays.com\/fr\/wp-json\/wp\/v2\/posts\/629533\/revisions"}],"wp:featuredmedia":[{"embeddable":true,"href":"https:\/\/www.europesays.com\/fr\/wp-json\/wp\/v2\/media\/629534"}],"wp:attachment":[{"href":"https:\/\/www.europesays.com\/fr\/wp-json\/wp\/v2\/media?parent=629533"}],"wp:term":[{"taxonomy":"category","embeddable":true,"href":"https:\/\/www.europesays.com\/fr\/wp-json\/wp\/v2\/categories?post=629533"},{"taxonomy":"post_tag","embeddable":true,"href":"https:\/\/www.europesays.com\/fr\/wp-json\/wp\/v2\/tags?post=629533"}],"curies":[{"name":"wp","href":"https:\/\/api.w.org\/{rel}","templated":true}]}}