{"id":629545,"date":"2025-12-30T09:25:14","date_gmt":"2025-12-30T09:25:14","guid":{"rendered":"https:\/\/www.europesays.com\/fr\/629545\/"},"modified":"2025-12-30T09:25:14","modified_gmt":"2025-12-30T09:25:14","slug":"kim-kardashian-rappelee-a-lordre-par-la-peta-pour-les-cadeaux-de-noel-quelle-a-fait-a-ses-enfants","status":"publish","type":"post","link":"https:\/\/www.europesays.com\/fr\/629545\/","title":{"rendered":"Kim Kardashian rappel\u00e9e \u00e0 l&rsquo;ordre par la PETA pour les cadeaux de No\u00ebl qu&rsquo;elle a fait \u00e0 ses enfants"},"content":{"rendered":"<p>Quand ce n&rsquo;est pas son mode de vie ostentatoire, ses fr\u00e9quentations ou ses tenues, ce sont les cadeaux qu&rsquo;elle offre \u00e0 ses enfants qui font pol\u00e9mique. <a href=\"https:\/\/www.vanityfair.fr\/dossier\/kim-kardashian\" isautogenerated=\"true\" target=\"_blank\" rel=\"noopener\">Kim Kardashian<\/a> est (encore) au c\u0153ur du scandale apr\u00e8s avoir r\u00e9v\u00e9l\u00e9 les pr\u00e9sents qu&rsquo;elle a offerts \u00e0 ses enfants pour <a href=\"https:\/\/www.vanityfair.fr\/dossier\/noel\" isautogenerated=\"true\" target=\"_blank\" rel=\"noopener\">No\u00ebl<\/a>. Cette ann\u00e9e, <strong>North<\/strong> (12 ans), <strong>Saint<\/strong> (10 ans), <strong>Chicago<\/strong> (7 ans) et <strong>Psalm<\/strong> (6 ans), qu&rsquo;elle partage avec son ex-\u00e9poux <a href=\"https:\/\/www.vanityfair.fr\/dossier\/kanye-west\" isautogenerated=\"true\" target=\"_blank\" rel=\"noopener\">Kanye West<\/a>, ont chacun eu un chiot.<\/p>\n<p>La photo des quatre Spitz nains, l\u00e9gend\u00e9e \u00ab chaque enfant a re\u00e7u un chiot \u00bb, a fait sortir la PETA (Pour une \u00c9thique dans le Traitement des Animaux) de ses gonds. \u00ab Les chiots ne sont pas des peluches, et c&rsquo;est vraiment dommage que Kim ait rat\u00e9 l&rsquo;occasion d&rsquo;\u00eatre la porte-parole des chiots des refuges et qu&rsquo;elle soit maintenant critiqu\u00e9e \u00e0 juste titre sur les r\u00e9seaux sociaux pour cela \u00bb, s&rsquo;est indign\u00e9e <strong>Ingrid Newkirk<\/strong>, la fondatrice de l&rsquo;organisation de d\u00e9fense des droits des animaux dans un communiqu\u00e9 transmis \u00e0 <a data-offer-url=\"https:\/\/people.com\/kim-kardashian-called-out-by-peta-for-gifting-her-kids-puppies-for-christmas-11876755\" class=\"external-link\" data-event-click=\"{&quot;element&quot;:&quot;ExternalLink&quot;,&quot;outgoingURL&quot;:&quot;https:\/\/people.com\/kim-kardashian-called-out-by-peta-for-gifting-her-kids-puppies-for-christmas-11876755&quot;}\" href=\"https:\/\/people.com\/kim-kardashian-called-out-by-peta-for-gifting-her-kids-puppies-for-christmas-11876755\" rel=\"nofollow noopener\" target=\"_blank\">People<\/a> qui visait \u00e9galement <strong>Khlo\u00e9<\/strong>, la s\u0153ur de Kim, qui a offert un labrador noir d&rsquo;\u00e9levage \u00e0 ses enfants. \u00ab Ignorer la crise des animaux sans abri est d&rsquo;une insensibilit\u00e9 inexcusable \u00bb, a-t-elle d\u00e9clar\u00e9 avant d&rsquo;inviter le clan Kardashian \u00e0 \u00ab essayer de se racheter \u00bb en \u00ab envoyant leurs enfants faire du b\u00e9n\u00e9volat dans un refuge local ou en finan\u00e7ant une journ\u00e9e d&rsquo;adoption ou au moins une journ\u00e9e de st\u00e9rilisation dans un refuge local afin de contribuer \u00e0 mettre fin \u00e0 la crise croissante des chiots sans abri \u00bb.<\/p>\n<p>Les Kardashian et leurs nombreux animaux de compagnie<\/p>\n<p>Les Kardashian ont d\u00e9j\u00e0 pr\u00e9sent\u00e9 de nombreux animaux de compagnie sur leurs r\u00e9seaux sociaux ou dans leur \u00e9mission de t\u00e9l\u00e9r\u00e9alit\u00e9 L&rsquo;Incroyable Famille Kardashian. Chiens, chats, lapins, poissons, reptiles, chevaux et m\u00eame un paon ont connu de brefs instants de gloire avant de dispara\u00eetre myst\u00e9rieusement pour la plupart d&rsquo;entre eux. Nombre d&rsquo;entre eux auraient \u00e9t\u00e9 plac\u00e9s dans de nouveaux foyers. Kim Kardashian en particulier avait d\u00e9j\u00e0 \u00e9t\u00e9 accus\u00e9e de n\u00e9gligence apr\u00e8s avoir publi\u00e9, en 2022, une vid\u00e9o de ses deux spitz nains qui semblaient avoir \u00e9t\u00e9 install\u00e9s dans le garage, malgr\u00e9 son immense demeure et les m\u00e8tres carr\u00e9s de verdure l&rsquo;entourant.<\/p>\n<p>Ce n&rsquo;est pas non plus la premi\u00e8re fois que la PETA s&rsquo;insurge contre les Kardashian. En janvier 2023, l&rsquo;association avait pris \u00e0 partie <a href=\"https:\/\/www.vanityfair.fr\/dossier\/kylie-jenner\" isautogenerated=\"true\" target=\"_blank\" rel=\"noopener\">Kylie Jenner<\/a> apr\u00e8s qu&rsquo;elle se soit montr\u00e9e au d\u00e9fil\u00e9 Schiaparelli, en marge de la <a href=\"https:\/\/www.vanityfair.fr\/dossier\/fashion-week\" isautogenerated=\"true\" target=\"_blank\" rel=\"noopener\">Fashion Week<\/a> de <a href=\"https:\/\/www.vanityfair.fr\/dossier\/paris\" isautogenerated=\"true\" target=\"_blank\" rel=\"noopener\">Paris<\/a>, dans une cr\u00e9ation de la griffe comprenant une r\u00e9plique de t\u00eate de lion en soie et laine.<\/p>\n<p><img decoding=\"async\" alt=\"La PETA s'tait insurge contre Kylie Jenner et Schiaparelli pour la rplique de t\u00eate de lion prsente en janvier 2023 lors...\" loading=\"lazy\" class=\"ResponsiveImageContainer-eNxvmU cfBbTk responsive-image__image\"   src=\"https:\/\/www.europesays.com\/fr\/wp-content\/uploads\/2025\/12\/GettyImages-1458722330.jpg\"\/><\/p>\n<p>La PETA s&rsquo;\u00e9tait insurg\u00e9e contre Kylie Jenner et Schiaparelli pour la r\u00e9plique de t\u00eate de lion pr\u00e9sent\u00e9e en janvier 2023 lors de la Fashion Week de Paris.Marc Piasecki<\/p>\n<p>\u00ab Bien que l&rsquo;art, y compris la mode, puisse \u00eatre subjectif, l&rsquo;affirmation de Schiaparelli selon laquelle \u201caucun animal n&rsquo;a \u00e9t\u00e9 bless\u00e9\u201d lors de la fabrication de cette robe \u00e0 t\u00eate de lion port\u00e9e par Kylie Jenner est objectivement fausse, s&rsquo;\u00e9tait indign\u00e9e la <a data-offer-url=\"https:\/\/x.com\/PETA_France\/status\/1617579136620417026?ref_src=twsrc%5Etfw%7Ctwcamp%5Etweetembed%7Ctwterm%5E1617579136620417026%7Ctwgr%5Ebbdcb98d375307a6c6ac82f838145c4d90604214%7Ctwcon%5Es1_&amp;ref_url=https%3A%2F%2Fwww.radiofrance.fr%2Fmouv%2Fles-tetes-d-animaux-par-schiaparelli-font-rugir-1281630\" class=\"external-link\" data-event-click=\"{&quot;element&quot;:&quot;ExternalLink&quot;,&quot;outgoingURL&quot;:&quot;https:\/\/x.com\/PETA_France\/status\/1617579136620417026?ref_src=twsrc%5Etfw%7Ctwcamp%5Etweetembed%7Ctwterm%5E1617579136620417026%7Ctwgr%5Ebbdcb98d375307a6c6ac82f838145c4d90604214%7Ctwcon%5Es1_&amp;ref_url=https%3A%2F%2Fwww.radiofrance.fr%2Fmouv%2Fles-tetes-d-animaux-par-schiaparelli-font-rugir-1281630&quot;}\" href=\"https:\/\/x.com\/PETA_France\/status\/1617579136620417026?ref_src=twsrc%5Etfw%7Ctwcamp%5Etweetembed%7Ctwterm%5E1617579136620417026%7Ctwgr%5Ebbdcb98d375307a6c6ac82f838145c4d90604214%7Ctwcon%5Es1_&amp;ref_url=https%3A%2F%2Fwww.radiofrance.fr%2Fmouv%2Fles-tetes-d-animaux-par-schiaparelli-font-rugir-1281630\" rel=\"nofollow noopener\" target=\"_blank\">PETA<\/a>. Quiconque craignant que ces robes n&rsquo;encouragent la chasse au troph\u00e9e devrait aussi avoir une pens\u00e9e pour les animaux qui ont r\u00e9ellement souffert pour ce look et pour les innombrables individus qui sont confin\u00e9s, mutil\u00e9s, violent\u00e9s et tu\u00e9s pour la mode \u00bb.<\/p>\n","protected":false},"excerpt":{"rendered":"Quand ce n&rsquo;est pas son mode de vie ostentatoire, ses fr\u00e9quentations ou ses tenues, ce sont les cadeaux&hellip;\n","protected":false},"author":2,"featured_media":629546,"comment_status":"","ping_status":"","sticky":false,"template":"","format":"standard","meta":{"footnotes":""},"categories":[1359],"tags":[1000,58,59,1011,27,973,73114,721],"class_list":{"0":"post-629545","1":"post","2":"type-post","3":"status-publish","4":"format-standard","5":"has-post-thumbnail","7":"category-people","8":"tag-celebrites","9":"tag-divertissement","10":"tag-entertainment","11":"tag-fr","12":"tag-france","13":"tag-people","14":"tag-textabovecenterfullbleed","15":"tag-web"},"share_on_mastodon":{"url":"https:\/\/pubeurope.com\/@fr\/115807802023560214","error":""},"_links":{"self":[{"href":"https:\/\/www.europesays.com\/fr\/wp-json\/wp\/v2\/posts\/629545","targetHints":{"allow":["GET"]}}],"collection":[{"href":"https:\/\/www.europesays.com\/fr\/wp-json\/wp\/v2\/posts"}],"about":[{"href":"https:\/\/www.europesays.com\/fr\/wp-json\/wp\/v2\/types\/post"}],"author":[{"embeddable":true,"href":"https:\/\/www.europesays.com\/fr\/wp-json\/wp\/v2\/users\/2"}],"replies":[{"embeddable":true,"href":"https:\/\/www.europesays.com\/fr\/wp-json\/wp\/v2\/comments?post=629545"}],"version-history":[{"count":0,"href":"https:\/\/www.europesays.com\/fr\/wp-json\/wp\/v2\/posts\/629545\/revisions"}],"wp:featuredmedia":[{"embeddable":true,"href":"https:\/\/www.europesays.com\/fr\/wp-json\/wp\/v2\/media\/629546"}],"wp:attachment":[{"href":"https:\/\/www.europesays.com\/fr\/wp-json\/wp\/v2\/media?parent=629545"}],"wp:term":[{"taxonomy":"category","embeddable":true,"href":"https:\/\/www.europesays.com\/fr\/wp-json\/wp\/v2\/categories?post=629545"},{"taxonomy":"post_tag","embeddable":true,"href":"https:\/\/www.europesays.com\/fr\/wp-json\/wp\/v2\/tags?post=629545"}],"curies":[{"name":"wp","href":"https:\/\/api.w.org\/{rel}","templated":true}]}}