{"id":629547,"date":"2025-12-30T09:26:11","date_gmt":"2025-12-30T09:26:11","guid":{"rendered":"https:\/\/www.europesays.com\/fr\/629547\/"},"modified":"2025-12-30T09:26:11","modified_gmt":"2025-12-30T09:26:11","slug":"video-lhistoire-dhelene-plessis-vieillard-photographe-oubliee-de-poitiers","status":"publish","type":"post","link":"https:\/\/www.europesays.com\/fr\/629547\/","title":{"rendered":"VID\u00c9O. L&rsquo;histoire d&rsquo;H\u00e9l\u00e8ne Plessis Vieillard, photographe oubli\u00e9e de Poitiers !"},"content":{"rendered":"<p>VID\u00c9O. L&rsquo;histoire d&rsquo;H\u00e9l\u00e8ne Plessis Vieillard, photographe oubli\u00e9e de Poitiers !<\/p>\n<p>H\u00e9l\u00e8ne Plessis Vieillard, premi\u00e8re femme photographe professionnelle du Poitou, a document\u00e9 la vie de Poitiers entre 1906 et 1960. Ses clich\u00e9s t\u00e9moignent de la guerre, du patrimoine et de la vie quotidienne. Elle est la premi\u00e8re femme \u00e0 obtenir l&rsquo;agr\u00e9ment monument historique pour son travail sur le patrimoine. Certaines images de ce programme ont \u00e9t\u00e9 g\u00e9n\u00e9r\u00e9es \u00e0 l\u2019aide de l\u2019IA.<\/p>\n<p>Partager la vid\u00e9o :<\/p>\n<ul class=\"article-share--alt__lst\">\n<li class=\"article-share--alt__lst__itm\">\n<p>      France3 R\u00e9gions sur Facebook (Nouvelle fen\u00eatre)<\/p>\n<\/li>\n<li class=\"article-share--alt__lst__itm\">\n<p>      France3 R\u00e9gions sur WhatsApp (Nouvelle fen\u00eatre)<\/p>\n<\/li>\n<li class=\"article-share--alt__lst__itm\">\n<p>              copier le lien<\/p>\n<\/li>\n<\/ul>\n","protected":false},"excerpt":{"rendered":"VID\u00c9O. L&rsquo;histoire d&rsquo;H\u00e9l\u00e8ne Plessis Vieillard, photographe oubli\u00e9e de Poitiers ! H\u00e9l\u00e8ne Plessis Vieillard, premi\u00e8re femme photographe professionnelle du&hellip;\n","protected":false},"author":2,"featured_media":629548,"comment_status":"","ping_status":"","sticky":false,"template":"","format":"standard","meta":{"footnotes":""},"categories":[1358],"tags":[1348,1384,1385,1386,58,59,1011,27],"class_list":{"0":"post-629547","1":"post","2":"type-post","3":"status-publish","4":"format-standard","5":"has-post-thumbnail","7":"category-arts-et-design","8":"tag-arts","9":"tag-arts-and-design","10":"tag-arts-et-design","11":"tag-design","12":"tag-divertissement","13":"tag-entertainment","14":"tag-fr","15":"tag-france"},"share_on_mastodon":{"url":"","error":""},"_links":{"self":[{"href":"https:\/\/www.europesays.com\/fr\/wp-json\/wp\/v2\/posts\/629547","targetHints":{"allow":["GET"]}}],"collection":[{"href":"https:\/\/www.europesays.com\/fr\/wp-json\/wp\/v2\/posts"}],"about":[{"href":"https:\/\/www.europesays.com\/fr\/wp-json\/wp\/v2\/types\/post"}],"author":[{"embeddable":true,"href":"https:\/\/www.europesays.com\/fr\/wp-json\/wp\/v2\/users\/2"}],"replies":[{"embeddable":true,"href":"https:\/\/www.europesays.com\/fr\/wp-json\/wp\/v2\/comments?post=629547"}],"version-history":[{"count":0,"href":"https:\/\/www.europesays.com\/fr\/wp-json\/wp\/v2\/posts\/629547\/revisions"}],"wp:featuredmedia":[{"embeddable":true,"href":"https:\/\/www.europesays.com\/fr\/wp-json\/wp\/v2\/media\/629548"}],"wp:attachment":[{"href":"https:\/\/www.europesays.com\/fr\/wp-json\/wp\/v2\/media?parent=629547"}],"wp:term":[{"taxonomy":"category","embeddable":true,"href":"https:\/\/www.europesays.com\/fr\/wp-json\/wp\/v2\/categories?post=629547"},{"taxonomy":"post_tag","embeddable":true,"href":"https:\/\/www.europesays.com\/fr\/wp-json\/wp\/v2\/tags?post=629547"}],"curies":[{"name":"wp","href":"https:\/\/api.w.org\/{rel}","templated":true}]}}