{"id":629549,"date":"2025-12-30T09:28:09","date_gmt":"2025-12-30T09:28:09","guid":{"rendered":"https:\/\/www.europesays.com\/fr\/629549\/"},"modified":"2025-12-30T09:28:09","modified_gmt":"2025-12-30T09:28:09","slug":"revelations-decouvrez-les-emissions-qui-vont-arriver-en-2026-sur-france-tele-avec-un-nouveau-magazine-pour-lea-salame-des-prime-pour-julian-bugier-laurent-delahousse-stephane-bern","status":"publish","type":"post","link":"https:\/\/www.europesays.com\/fr\/629549\/","title":{"rendered":"R\u00e9v\u00e9lations : D\u00e9couvrez les \u00e9missions qui vont arriver en 2026 sur France T\u00e9l\u00e9 avec un nouveau magazine pour L\u00e9a Salam\u00e9, des prime pour Julian Bugier, Laurent Delahousse, St\u00e9phane Bern&#8230;."},"content":{"rendered":"<p>\u00a0En charge des programmes et de l\u2019information, St\u00e9phane Sitbon-Gomez, le num\u00e9ro 2 du groupe public, annonce les nouvelles \u00e9missions qui vont arriver sur le service public dans une interview \u00e0 nos confr\u00e8res du Parisien. Il liste les animateurs et les programmes nouveaux qui vont arriver \u00e0 partir du mois de janvier avec \u00e0 leur t\u00eates les visages de France 2 qui vont se retrouver en prime avec de nouveaux concepts.<\/p>\n<p>jeanmarcmorandini.com vous r\u00e9sume les principales annonces dans cette interview :\u00a0<\/p>\n<p><strong>&#8211; St\u00e9phane Bern<\/strong> va bient\u00f4t\u00a0 incarner \u00ab Op\u00e9ration : patrimoine \u00bb sur France 3, \u00ab\u00a0un format in\u00e9dit dot\u00e9 d\u2019une \u00e9criture tr\u00e8s moderne qui offrira un nouveau regard sur la pr\u00e9servation de notre h\u00e9ritage.\u00a0\u00bb\u00a0<\/p>\n<p>&#8211;<strong> Julian Bugier<\/strong> incarnera en prime time \u00ab Question d\u2019argent \u00bb, un magazine consacr\u00e9 \u00e0 l\u2019\u00e9conomie, au pouvoir d\u2019achat et la consommation.<\/p>\n<p><strong>&#8211; Caroline Roux<\/strong> reviendra en avril avec une nouvelle \u00e9mission de soci\u00e9t\u00e9 baptis\u00e9e \u00ab Big Bang \u00bb. Elle va chercher \u00e0 r\u00e9concilier les points de vue sur un sujet pol\u00e9mique en mettant tout le monde autour de la table.<\/p>\n<p><strong>&#8211; Laurent Delahousse<\/strong> va proposer une collection in\u00e9dite de documentaires sur la pop culture avec des sujets allant de Kylian Mbapp\u00e9 \u00e0 l\u2019histoire du jean, en passant par TikTok et Instagram.\u00a0<\/p>\n<p><strong>&#8211; L\u00e9a Salam\u00e9<\/strong> va \u00e9galement animer une nouvelle \u00e9mission sur laquelle travaillent les \u00e9quipes<\/p>\n<p><strong>&#8211; Flavie Flament<\/strong> va reprendre l\u2019animation du jeu \u00ab Le quiz des champions \u00bb<\/p>\n<p><strong>&#8211; France 2 travaille \u00e9galement sur l&rsquo;adaptation\u00a0\u00a0d\u2019un format de John De Mol<\/strong> autour de la danse et du jeu.<\/p>\n","protected":false},"excerpt":{"rendered":"\u00a0En charge des programmes et de l\u2019information, St\u00e9phane Sitbon-Gomez, le num\u00e9ro 2 du groupe public, annonce les nouvelles&hellip;\n","protected":false},"author":2,"featured_media":629550,"comment_status":"","ping_status":"","sticky":false,"template":"","format":"standard","meta":{"footnotes":""},"categories":[1356],"tags":[58,59,1011,27,594,14657,252,1364,73885],"class_list":{"0":"post-629549","1":"post","2":"type-post","3":"status-publish","4":"format-standard","5":"has-post-thumbnail","7":"category-television","8":"tag-divertissement","9":"tag-entertainment","10":"tag-fr","11":"tag-france","12":"tag-france-2","13":"tag-programmes","14":"tag-television","15":"tag-tv","16":"tag-u00e9missions"},"share_on_mastodon":{"url":"https:\/\/pubeurope.com\/@fr\/115807813859486292","error":""},"_links":{"self":[{"href":"https:\/\/www.europesays.com\/fr\/wp-json\/wp\/v2\/posts\/629549","targetHints":{"allow":["GET"]}}],"collection":[{"href":"https:\/\/www.europesays.com\/fr\/wp-json\/wp\/v2\/posts"}],"about":[{"href":"https:\/\/www.europesays.com\/fr\/wp-json\/wp\/v2\/types\/post"}],"author":[{"embeddable":true,"href":"https:\/\/www.europesays.com\/fr\/wp-json\/wp\/v2\/users\/2"}],"replies":[{"embeddable":true,"href":"https:\/\/www.europesays.com\/fr\/wp-json\/wp\/v2\/comments?post=629549"}],"version-history":[{"count":0,"href":"https:\/\/www.europesays.com\/fr\/wp-json\/wp\/v2\/posts\/629549\/revisions"}],"wp:featuredmedia":[{"embeddable":true,"href":"https:\/\/www.europesays.com\/fr\/wp-json\/wp\/v2\/media\/629550"}],"wp:attachment":[{"href":"https:\/\/www.europesays.com\/fr\/wp-json\/wp\/v2\/media?parent=629549"}],"wp:term":[{"taxonomy":"category","embeddable":true,"href":"https:\/\/www.europesays.com\/fr\/wp-json\/wp\/v2\/categories?post=629549"},{"taxonomy":"post_tag","embeddable":true,"href":"https:\/\/www.europesays.com\/fr\/wp-json\/wp\/v2\/tags?post=629549"}],"curies":[{"name":"wp","href":"https:\/\/api.w.org\/{rel}","templated":true}]}}