{"id":62955,"date":"2025-04-29T23:13:11","date_gmt":"2025-04-29T23:13:11","guid":{"rendered":"https:\/\/www.europesays.com\/fr\/62955\/"},"modified":"2025-04-29T23:13:11","modified_gmt":"2025-04-29T23:13:11","slug":"le-futur-entraineur-du-sm-caen-bientot-nomme-au-revoir-michel-der-zakarian","status":"publish","type":"post","link":"https:\/\/www.europesays.com\/fr\/62955\/","title":{"rendered":"Le futur entra\u00eeneur du SM Caen bient\u00f4t nomm\u00e9, au revoir Michel Der Zakarian"},"content":{"rendered":"<p>            Par<br \/>\n        <strong><br \/>\n            <a href=\"https:\/\/actu.fr\/auteur\/redaction-sportacaen\" title=\"Consulter tous les articles de R\u00e9daction Sport \u00e0 Caen\" rel=\"nofollow noopener\" target=\"_blank\">R\u00e9daction Sport \u00e0 Caen<\/a><br \/>\n        <\/strong><\/p>\n<p>        Publi\u00e9 le<\/p>\n<p>            29 avr. 2025 \u00e0 20h02        <\/p>\n<p>C\u2019\u00e9tait pressenti depuis sa <a href=\"https:\/\/actu.fr\/normandie\/caen_14118\/bruno-baltazar-limoge-michel-der-zakarian-est-le-nouvel-entraineur-du-sm-caen_62269603.html\" rel=\"nofollow noopener\" target=\"_blank\">signature<\/a>\u00a0au poste d\u2019entra\u00eeneur de l\u2019\u00e9quipe premi\u00e8re du <b>Stade Malherbe Caen<\/b> (Calvados) \u00e0 la mi-f\u00e9vrier\u00a02025, <b>Michel Der Zakarian<\/b> ne sera pas le coach des Bleu et Rouge en National \u00e0 l\u2019occasion de l\u2019exercice 2025-2026. L\u2019information est tomb\u00e9e au cours d\u2019une \u00e9mission sp\u00e9ciale sur <a href=\"https:\/\/www.francebleu.fr\/radio\/normandie-caen\" rel=\"nofollow noopener\" target=\"_blank\">ici Normandie<\/a>, ce mardi 29\u00a0avril 2025, durant laquelle <b>Fayza Lamari<\/b> s\u2019est confi\u00e9e pour <a href=\"https:\/\/actu.fr\/normandie\/caen_14118\/sm-caen-les-explications-de-fayza-lamari-sur-le-fiasco-cest-comme-dans-mario-il-y-avait-des-bananes_62576752.html\" rel=\"nofollow noopener\" target=\"_blank\">la toute premi\u00e8re fois<\/a> au sujet de l\u2019arriv\u00e9e du clan Mbapp\u00e9 \u00e0 la t\u00eate du club normand\u00a0Un t\u00e9moignage rare, riche en enseignements, qu\u2019elle avait d\u00e9cid\u00e9 de r\u00e9server \u00e0 l\u2019embl\u00e9matique radio locale.<\/p>\n<p>\u00ab\u2009Un entra\u00eeneur qui connaisse bien\u2009\u00bb le National<\/p>\n<p class=\" wall-content\">\u00ab\u2009Un nouvel entra\u00eeneur va \u00eatre nomm\u00e9 rapidement\u2009\u00bb, a-t-elle assur\u00e9, confirmant au passage que Michel Der Zakarian s\u2019\u00e9tait engag\u00e9 avec le SMC pour \u00ab<b>\u2009une mission sauvetage<\/b>.\u2009\u00bb Mission qui s\u2019est sold\u00e9e par un \u00e9chec puisque 41\u00a0ans apr\u00e8s l\u2019avoir quitt\u00e9, <b>les Caennais retrouveront la troisi\u00e8me division fran\u00e7aise<\/b> dans les mois \u00e0 venir.<\/p>\n<p class=\" wall-content\">Si elle n\u2019a pas voulu donner l\u2019identit\u00e9 du nouveau venu, qui sera le quatri\u00e8me coach du Stade Malherbe en quelques mois, elle a d\u00e9voil\u00e9 un indice sur son profil. \u00ab\u2009Il est important que ce soit un entra\u00eeneur <b>qui connaisse bien ce championnat<\/b>.\u2009\u00bb Elle sait \u00f4 combien le National est diff\u00e9rent de la Ligue\u00a01 et de la Ligue\u00a02.<\/p>\n<p class=\" wall-content\">Il ne reste donc d\u00e9sormais <b>plus que deux matchs<\/b>\u00a0pour <b>Michel Der Zakarian \u00e0 la t\u00eate du SMC<\/b>\u2009: contre le Red Star \u00e0 domicile le 2\u00a0mai, puis en d\u00e9placement \u00e0 Bastia le 10. Apr\u00e8s neuf rencontres \u00e0 la t\u00eate des Bleu et Rouge, son bilan est de cinq d\u00e9faites, deux matchs nuls et une <a href=\"https:\/\/actu.fr\/normandie\/caen_14118\/sm-caen-coaching-payant-pour-der-zakarian-le-stade-malherbe-simpose-et-se-relance-a-clermont_62317138.html\" rel=\"nofollow noopener\" target=\"_blank\">victoire<\/a>.<\/p>\n<p class=\" wall-content\">Suivez toute l\u2019actualit\u00e9 de vos villes et m\u00e9dias favoris en vous inscrivant \u00e0 <a href=\"https:\/\/moncompte.actu.fr\" title=\"D\u00e9couvez Mon Actu\" rel=\"nofollow noopener\" data-trk=\"{&quot;cta&quot;:{&quot;action&quot;:&quot;https:\\\/\\\/moncompte.actu.fr&quot;,&quot;category&quot;:&quot;mon compte&quot;,&quot;from&quot;:&quot;article footer&quot;,&quot;name&quot;:&quot;Mon actu&quot;,&quot;type&quot;:&quot;cta&quot;}}\" target=\"_blank\">Mon Actu<\/a>.<\/p>\n","protected":false},"excerpt":{"rendered":"Par R\u00e9daction Sport \u00e0 Caen Publi\u00e9 le 29 avr. 2025 \u00e0 20h02 C\u2019\u00e9tait pressenti depuis sa signature\u00a0au poste&hellip;\n","protected":false},"author":2,"featured_media":62956,"comment_status":"","ping_status":"","sticky":false,"template":"","format":"standard","meta":{"footnotes":""},"categories":[2],"tags":[11,63,1011,27,6477,16124,12,25,60,266],"class_list":{"0":"post-62955","1":"post","2":"type-post","3":"status-publish","4":"format-standard","5":"has-post-thumbnail","7":"category-actualites","8":"tag-actualites","9":"tag-football","10":"tag-fr","11":"tag-france","12":"tag-kylian-mbappe","13":"tag-michel-der-zakarian","14":"tag-news","15":"tag-republique-francaise","16":"tag-sports","17":"tag-stade-malherbe-de-caen"},"share_on_mastodon":{"url":"https:\/\/pubeurope.com\/@fr\/114423792017982994","error":""},"_links":{"self":[{"href":"https:\/\/www.europesays.com\/fr\/wp-json\/wp\/v2\/posts\/62955","targetHints":{"allow":["GET"]}}],"collection":[{"href":"https:\/\/www.europesays.com\/fr\/wp-json\/wp\/v2\/posts"}],"about":[{"href":"https:\/\/www.europesays.com\/fr\/wp-json\/wp\/v2\/types\/post"}],"author":[{"embeddable":true,"href":"https:\/\/www.europesays.com\/fr\/wp-json\/wp\/v2\/users\/2"}],"replies":[{"embeddable":true,"href":"https:\/\/www.europesays.com\/fr\/wp-json\/wp\/v2\/comments?post=62955"}],"version-history":[{"count":0,"href":"https:\/\/www.europesays.com\/fr\/wp-json\/wp\/v2\/posts\/62955\/revisions"}],"wp:featuredmedia":[{"embeddable":true,"href":"https:\/\/www.europesays.com\/fr\/wp-json\/wp\/v2\/media\/62956"}],"wp:attachment":[{"href":"https:\/\/www.europesays.com\/fr\/wp-json\/wp\/v2\/media?parent=62955"}],"wp:term":[{"taxonomy":"category","embeddable":true,"href":"https:\/\/www.europesays.com\/fr\/wp-json\/wp\/v2\/categories?post=62955"},{"taxonomy":"post_tag","embeddable":true,"href":"https:\/\/www.europesays.com\/fr\/wp-json\/wp\/v2\/tags?post=62955"}],"curies":[{"name":"wp","href":"https:\/\/api.w.org\/{rel}","templated":true}]}}