{"id":629551,"date":"2025-12-30T09:29:11","date_gmt":"2025-12-30T09:29:11","guid":{"rendered":"https:\/\/www.europesays.com\/fr\/629551\/"},"modified":"2025-12-30T09:29:11","modified_gmt":"2025-12-30T09:29:11","slug":"actus-champagne-fm-un-jeune-transporte-au-trauma-center-de-reims","status":"publish","type":"post","link":"https:\/\/www.europesays.com\/fr\/629551\/","title":{"rendered":"Actus &#8211; Champagne FM &#8211; Un jeune transport\u00e9 au trauma-center de Reims"},"content":{"rendered":"\n<p style=\"line-height: 1.5;\">Un jeune de 20 ans a \u00e9t\u00e9 transport\u00e9 au trauma-center de Reims par les pompiers ce lundi,apr\u00e8s cet accident survenu vers 17h30 avenue Jean Jaur\u00e8s \u00e0 Villers-Semeuse (Ardennes).\u00a0<\/p>\n<p style=\"line-height: 1.5;\">D&rsquo;apr\u00e8s le SDIS08 , il s&rsquo;agit d&rsquo;une collision entre un bus et une trottinette.\u00a0<\/p>\n<p style=\"line-height: 1.5;\">Au total, quatre personnes \u00e9taient impliqu\u00e9es, dont le chauffeur du bus et deux passagers ayant refus\u00e9 leur transport.\u00a0 <\/p>\n<p style=\"line-height: 1.5;\">Ils ont donc \u00e9t\u00e9 laiss\u00e9s sur place.\u00a0 <\/p>\n<p style=\"line-height: 1.5;\">Six pompiers ont \u00e9t\u00e9 mobilis\u00e9s pour l&rsquo;intervention.<\/p>\n<p style=\"line-height: 2;\">\u00a0<\/p>\n<p style=\"line-height: 2;\"><img loading=\"lazy\" decoding=\"async\" src=\"https:\/\/www.europesays.com\/fr\/wp-content\/uploads\/2025\/12\/KnyNH7QV3C.png\" width=\"585\" height=\"380\"\/><\/p>\n<p>!function(f,b,e,v,n,t,s)<br \/>\n{if(f.fbq)return;n=f.fbq=function(){n.callMethod?<br \/>\nn.callMethod.apply(n,arguments):n.queue.push(arguments)};<br \/>\nif(!f._fbq)f._fbq=n;n.push=n;n.loaded=!0;n.version=&rsquo;2.0&prime;;<br \/>\nn.queue=[];t=b.createElement(e);t.async=!0;<br \/>\nt.src=v;s=b.getElementsByTagName(e)[0];<br \/>\ns.parentNode.insertBefore(t,s)}(window, document,&rsquo;script&rsquo;,<br \/>\n&lsquo;https:\/\/connect.facebook.net\/en_US\/fbevents.js&rsquo;);<br \/>\nfbq(&lsquo;init&rsquo;, &lsquo;804989127308002&rsquo;);<br \/>\nfbq(&lsquo;track&rsquo;, &lsquo;PageView&rsquo;);<\/p>\n","protected":false},"excerpt":{"rendered":"Un jeune de 20 ans a \u00e9t\u00e9 transport\u00e9 au trauma-center de Reims par les pompiers ce lundi,apr\u00e8s cet&hellip;\n","protected":false},"author":2,"featured_media":629552,"comment_status":"","ping_status":"","sticky":false,"template":"","format":"standard","meta":{"footnotes":""},"categories":[1355],"tags":[11,3723,65455,5591,52029,65464,65463,65459,58,59,65456,1011,27,876,38839,30237,37289,37290,1114,4537,23664,12650,1361,873,12,1825,4243,65457,65461,65462,65458,56304,1964,65460],"class_list":{"0":"post-629551","1":"post","2":"type-post","3":"status-publish","4":"format-standard","5":"has-post-thumbnail","7":"category-musique","8":"tag-actualites","9":"tag-actus","10":"tag-ardennes","11":"tag-aube","12":"tag-chalons","13":"tag-champagne-ardennes","14":"tag-champagne-fm","15":"tag-charleville-mezieres","16":"tag-divertissement","17":"tag-entertainment","18":"tag-epernay","19":"tag-fr","20":"tag-france","21":"tag-france-3","22":"tag-france-bleu","23":"tag-haute-marne","24":"tag-info-locale","25":"tag-info-regionale","26":"tag-infos","27":"tag-lunion","28":"tag-la-voix-du-nord","29":"tag-marne","30":"tag-music","31":"tag-musique","32":"tag-news","33":"tag-radio","34":"tag-reims","35":"tag-rethel","36":"tag-romilly","37":"tag-sainte-menehould","38":"tag-sedan","39":"tag-sezanne","40":"tag-troyes","41":"tag-vouziers"},"share_on_mastodon":{"url":"https:\/\/pubeurope.com\/@fr\/115807817936877055","error":""},"_links":{"self":[{"href":"https:\/\/www.europesays.com\/fr\/wp-json\/wp\/v2\/posts\/629551","targetHints":{"allow":["GET"]}}],"collection":[{"href":"https:\/\/www.europesays.com\/fr\/wp-json\/wp\/v2\/posts"}],"about":[{"href":"https:\/\/www.europesays.com\/fr\/wp-json\/wp\/v2\/types\/post"}],"author":[{"embeddable":true,"href":"https:\/\/www.europesays.com\/fr\/wp-json\/wp\/v2\/users\/2"}],"replies":[{"embeddable":true,"href":"https:\/\/www.europesays.com\/fr\/wp-json\/wp\/v2\/comments?post=629551"}],"version-history":[{"count":0,"href":"https:\/\/www.europesays.com\/fr\/wp-json\/wp\/v2\/posts\/629551\/revisions"}],"wp:featuredmedia":[{"embeddable":true,"href":"https:\/\/www.europesays.com\/fr\/wp-json\/wp\/v2\/media\/629552"}],"wp:attachment":[{"href":"https:\/\/www.europesays.com\/fr\/wp-json\/wp\/v2\/media?parent=629551"}],"wp:term":[{"taxonomy":"category","embeddable":true,"href":"https:\/\/www.europesays.com\/fr\/wp-json\/wp\/v2\/categories?post=629551"},{"taxonomy":"post_tag","embeddable":true,"href":"https:\/\/www.europesays.com\/fr\/wp-json\/wp\/v2\/tags?post=629551"}],"curies":[{"name":"wp","href":"https:\/\/api.w.org\/{rel}","templated":true}]}}