{"id":629555,"date":"2025-12-30T09:31:09","date_gmt":"2025-12-30T09:31:09","guid":{"rendered":"https:\/\/www.europesays.com\/fr\/629555\/"},"modified":"2025-12-30T09:31:09","modified_gmt":"2025-12-30T09:31:09","slug":"a-31-ans-ce-pere-atteint-dun-cancer-du-colon-revele-6-signes-discrets-que-beaucoup-de-jeunes-ignorent-encore","status":"publish","type":"post","link":"https:\/\/www.europesays.com\/fr\/629555\/","title":{"rendered":"\u00c0 31 ans, ce p\u00e8re atteint d\u2019un cancer du c\u00f4lon r\u00e9v\u00e8le 6 signes discrets que beaucoup de jeunes ignorent encore"},"content":{"rendered":"<p>Cancer du c\u00f4lon chez les jeunes : le t\u00e9moignage de Chris<br \/>\nKirt<\/p>\n<p>\u00c0 31 ans, Chris Kirt s\u2019est cru simplement lessiv\u00e9 par le boulot<br \/>\net la vie de famille. Le verdict est tomb\u00e9 apr\u00e8s des semaines \u00e0<br \/>\ntra\u00eener une fatigue pesante : un <strong>cancer du c\u00f4lon<\/strong>,<br \/>\nalors que la maladie reste associ\u00e9e aux seniors. En France, il<br \/>\ns\u2019agit du troisi\u00e8me cancer le plus fr\u00e9quent chez l\u2019homme, derri\u00e8re<br \/>\nle poumon et la prostate, et du deuxi\u00e8me chez la femme. En 2023, 47<br \/>\n582 nouveaux cas ont \u00e9t\u00e9 diagnostiqu\u00e9s.<\/p>\n<p>P\u00e8re de trois enfants, op\u00e9r\u00e9 puis d\u00e9clar\u00e9 en r\u00e9mission, il<br \/>\ns\u2019exprime d\u00e9sormais sur TikTok o\u00f9 il rassemble environ 15 000<br \/>\nabonn\u00e9s. Son message met le doigt sur <strong>6 signes<\/strong><br \/>\ndiscrets que beaucoup minimisent. Des signaux que l\u2019on confond avec<br \/>\nle stress, la vie \u00e0 100 \u00e0 l\u2019heure\u2026 et qui, pourtant,<br \/>\npersistent.<\/p>\n<p>6 signes du cancer du c\u00f4lon : ce que Chris a ressenti<\/p>\n<p>Premier d\u00e9clic, une <strong>fatigue inhabituelle<\/strong> qu\u2019il<br \/>\nn\u2019arrivait plus \u00e0 justifier. \u00ab\u00a0Je m\u00a0\u00bbendormais sur le canap\u00e9 d\u00e8s que<br \/>\nje rentrais du travail\u00a0\u00bb, a-t-il ainsi expliqu\u00e9, cit\u00e9 par Top Sant\u00e9.<br \/>\nIl \u00e9voque aussi des <strong>sueurs nocturnes<\/strong> avec des<br \/>\ndraps tremp\u00e9s, un sympt\u00f4me d\u00e9routant mais, quand il s\u2019installe et<br \/>\ns\u2019ajoute \u00e0 d\u2019autres troubles digestifs, \u00e0 surveiller. Dans certains<br \/>\ncas, une fatigue persistante peut refl\u00e9ter une an\u00e9mie li\u00e9e \u00e0 des<br \/>\nsaignements occultes.<\/p>\n<p>Viennent ensuite les alertes aux toilettes. \u00ab\u00a0J&rsquo;avais<br \/>\nl&rsquo;impression de n&rsquo;\u00eatre pas totalement vid\u00e9\u00a0\u00bb, a-t-il confi\u00e9.<br \/>\n\u00ab\u00a0J&rsquo;avais des besoins hyper-pressants qui me prenaient \u00e0 n&rsquo;importe<br \/>\nquel moment de la journ\u00e9e\u00a0\u00bb, a-t-il continu\u00e9. Chris d\u00e9crit encore<br \/>\nune <strong>constipation<\/strong> qui s\u2019installe et la pr\u00e9sence de<br \/>\n<strong>sang dans les selles<\/strong>. Avec le recul, il r\u00e9alise<br \/>\nqu\u2019il s\u2019agissait des sympt\u00f4mes de sa maladie. Les m\u00e9decins<br \/>\nrecommandent de consulter si un changement de transit dure,<br \/>\ns\u2019aggrave ou s\u2019accompagne de saignements.<\/p>\n<p>Cancer colorectal : d\u00e9finitions, chiffres et facteurs de<br \/>\nrisque<\/p>\n<p>Le <strong>cancer colorectal<\/strong> est une tumeur maligne de<br \/>\nla paroi interne du c\u00f4lon ou du <strong>rectum<\/strong>. \u00ab\u00a0Le c\u00f4lon<br \/>\net le rectum constituent ce qu\u2019on appelle le gros intestin,<br \/>\nc\u2019est-\u00e0-dire la derni\u00e8re partie du tube digestif. Environ 40 % des<br \/>\ncancers touchent le rectum et 60 % le c\u00f4lon\u00a0\u00bb, explique l\u2019Assurance<br \/>\nMaladie. La maladie reste majoritaire apr\u00e8s 50 ans.<\/p>\n<p>Dans 95 % des cas, le diagnostic survient au-del\u00e0 de 50 ans,<br \/>\navec un \u00e2ge m\u00e9dian de 71 ans chez les hommes et 72 ans chez les<br \/>\nfemmes. Mais les jeunes adultes ne sont pas \u00e9pargn\u00e9s. Plusieurs<br \/>\n<strong>facteurs de risque<\/strong> p\u00e8sent sur la balance :<br \/>\nconsommation \u00e9lev\u00e9e de viande rouge et de charcuterie,<br \/>\n<strong>surpoids<\/strong>, manque d\u2019activit\u00e9 physique, alimentation<br \/>\nultra-transform\u00e9e, alcool et tabac. D\u2019o\u00f9 l\u2019int\u00e9r\u00eat de s\u2019\u00e9couter<br \/>\nquand quelque chose change dans le transit.<\/p>\n<p>Quand consulter et comment se faire<br \/>\nd\u00e9pister ?<\/p>\n<p>R\u00e8gle simple : si un trouble digestif nouveau persiste au-del\u00e0<br \/>\nde quelques semaines, s\u2019aggrave, ou si plusieurs signes se<br \/>\ncumulent, il faut en parler \u00e0 son m\u00e9decin. Apr\u00e8s 50 ans, un<br \/>\n<strong>d\u00e9pistage<\/strong> organis\u00e9 existe en France avec un<br \/>\n<strong>test immunologique<\/strong> de sang occulte dans les<br \/>\nselles, gratuit et propos\u00e9 tous les deux ans. Il permet<br \/>\nd\u2019identifier des l\u00e9sions pr\u00e9coces, souvent avant tout sympt\u00f4me.<\/p>\n<p>Avant 50 ans, ce d\u00e9pistage de routine n\u2019est pas automatique. En<br \/>\ncas de sympt\u00f4mes persistants, d\u2019ant\u00e9c\u00e9dents familiaux ou<br \/>\nd\u2019inqui\u00e9tude partag\u00e9e avec le m\u00e9decin, une<br \/>\n<strong>coloscopie<\/strong> peut \u00eatre discut\u00e9e. Parler de ses<br \/>\nselles n\u2019a rien de honteux. C\u2019est m\u00eame le c\u0153ur du message de Chris<br \/>\nKirt, qui s\u2019appuie sur TikTok pour lever le tabou et rappeler que<br \/>\nrep\u00e9rer t\u00f4t ces signaux peut changer la suite de l\u2019histoire.<\/p>\n","protected":false},"excerpt":{"rendered":"Cancer du c\u00f4lon chez les jeunes : le t\u00e9moignage de Chris Kirt \u00c0 31 ans, Chris Kirt s\u2019est&hellip;\n","protected":false},"author":2,"featured_media":629556,"comment_status":"","ping_status":"","sticky":false,"template":"","format":"standard","meta":{"footnotes":""},"categories":[10],"tags":[17150,28015,13041,1764,14647,26056,101,17488,32849,2837,1805,20246,3029,1440,1011,27,72,73886,4074,6552,746,7932,71,44863],"class_list":{"0":"post-629555","1":"post","2":"type-post","3":"status-publish","4":"format-standard","5":"has-post-thumbnail","7":"category-sante","8":"tag-17150","9":"tag-28015","10":"tag-a","11":"tag-ans","12":"tag-atteint","13":"tag-beaucoup","14":"tag-cancer","15":"tag-ce","16":"tag-colon","17":"tag-dun","18":"tag-de","19":"tag-discrets","20":"tag-du","21":"tag-encore","22":"tag-fr","23":"tag-france","24":"tag-health","25":"tag-ignorent","26":"tag-jeunes","27":"tag-pere","28":"tag-que","29":"tag-revele","30":"tag-sante","31":"tag-signes"},"share_on_mastodon":{"url":"https:\/\/pubeurope.com\/@fr\/115807825840386236","error":""},"_links":{"self":[{"href":"https:\/\/www.europesays.com\/fr\/wp-json\/wp\/v2\/posts\/629555","targetHints":{"allow":["GET"]}}],"collection":[{"href":"https:\/\/www.europesays.com\/fr\/wp-json\/wp\/v2\/posts"}],"about":[{"href":"https:\/\/www.europesays.com\/fr\/wp-json\/wp\/v2\/types\/post"}],"author":[{"embeddable":true,"href":"https:\/\/www.europesays.com\/fr\/wp-json\/wp\/v2\/users\/2"}],"replies":[{"embeddable":true,"href":"https:\/\/www.europesays.com\/fr\/wp-json\/wp\/v2\/comments?post=629555"}],"version-history":[{"count":0,"href":"https:\/\/www.europesays.com\/fr\/wp-json\/wp\/v2\/posts\/629555\/revisions"}],"wp:featuredmedia":[{"embeddable":true,"href":"https:\/\/www.europesays.com\/fr\/wp-json\/wp\/v2\/media\/629556"}],"wp:attachment":[{"href":"https:\/\/www.europesays.com\/fr\/wp-json\/wp\/v2\/media?parent=629555"}],"wp:term":[{"taxonomy":"category","embeddable":true,"href":"https:\/\/www.europesays.com\/fr\/wp-json\/wp\/v2\/categories?post=629555"},{"taxonomy":"post_tag","embeddable":true,"href":"https:\/\/www.europesays.com\/fr\/wp-json\/wp\/v2\/tags?post=629555"}],"curies":[{"name":"wp","href":"https:\/\/api.w.org\/{rel}","templated":true}]}}