{"id":629559,"date":"2025-12-30T09:33:19","date_gmt":"2025-12-30T09:33:19","guid":{"rendered":"https:\/\/www.europesays.com\/fr\/629559\/"},"modified":"2025-12-30T09:33:19","modified_gmt":"2025-12-30T09:33:19","slug":"le-site-web-du-trump-kennedy-center-a-ete-achete-par-un-auteur-de-south-park-et-ca-se-voit","status":"publish","type":"post","link":"https:\/\/www.europesays.com\/fr\/629559\/","title":{"rendered":"Le site Web du \u00ab\u00a0Trump Kennedy Center\u00a0\u00bb a \u00e9t\u00e9 achet\u00e9 par un auteur de South Park, et \u00e7a se voit"},"content":{"rendered":"<p>        <img decoding=\"async\" loading=\"lazy\" src=\"https:\/\/www.europesays.com\/fr\/wp-content\/uploads\/2025\/12\/18334f2_upload-1-hp7cs2ghkhzy-gettyimages-2249021565.jpg\"  width=\"728\" height=\"410\" alt=\"Donald Trump s\u2019est fait \u00ab\u00a0voler\u00a0\u00bb le nom de domaine du Trump Kennedy Center apr\u00e8s son changement de nom. \"\/>  <\/p>\n<p>Bloomberg \/ Bloomberg via Getty Images<\/p>\n<p>Donald Trump s\u2019est fait \u00ab\u00a0voler\u00a0\u00bb le nom de domaine du Trump Kennedy Center apr\u00e8s son changement de nom. <\/p>\n<p>      <strong>EN BREF<\/strong> <strong>\u2022 <\/strong>Toby Morton, auteur de South Park, a anticip\u00e9 le changement de nom du Kennedy Center en achetant le domaine trumpkennedycenter.org.<br \/><strong>\u2022 <\/strong>Le site parodique qu\u2019il a mis en ligne \u00e0 cette adresse critique la transformation du centre en outil de promotion personnelle par Donald Trump.<br \/><strong>\u2022 <\/strong>Le Kennedy Center, renomm\u00e9 par Trump, est au centre de pol\u00e9miques et de tensions, notamment apr\u00e8s l\u2019annulation d\u2019un concert.                         <\/p>\n<p class=\"asset asset-text\">Tel est pris qui croyait prendre. Au d\u00e9but du mois de d\u00e9cembre, le c\u00e9l\u00e8bre <a href=\"https:\/\/www.huffingtonpost.fr\/international\/article\/le-trump-kennedy-center-se-paye-l-artiste-qui-avait-annule-sa-venue-a-cause-du-changement-de-nom_258658.html\" target=\"_blank\" rel=\"noopener\">Kennedy Center<\/a> de Washington est devenu le \u00ab\u00a0Centre comm\u00e9moratif Donald Trump et John F. Kennedy pour les arts du spectacle\u00a0\u00bb. Un nom que le pr\u00e9sident am\u00e9ricain lui-m\u00eame a raccourci en \u00ab\u00a0Trump Kennedy Center\u00a0\u00bb. Probl\u00e8me de taille pour<a href=\"https:\/\/www.huffingtonpost.fr\/international\/video\/guerre-en-ukraine-trump-et-zelensky-tres-optimistes-apres-leur-rencontre-ne-font-aucune-annonce-concrete_258680.html\" target=\"_blank\" rel=\"noopener\"> Donald Trump<\/a>, le site Internet qui correspond \u00e0 ce nouveau nom ne refl\u00e8te pas vraiment ce qu\u2019il voudrait y montrer\u00a0: et pour cause, le nom de domaine a \u00e9t\u00e9 cr\u00e9\u00e9 par un ancien <a href=\"https:\/\/www.huffingtonpost.fr\/divertissement\/article\/si-trump-n-attaque-jamais-south-park-c-est-pour-une-bonne-raison-d-apres-cet-humoriste_257632.html\" target=\"_blank\" rel=\"noopener\">auteur de South Park<\/a>.<\/p>\n<p class=\"asset asset-text\">L\u2019\u00e9t\u00e9 dernier, alors que le nouveau nom de la salle de spectacles n\u2019\u00e9tait encore qu\u2019un projet aux contours non d\u00e9finis, Toby Morton s\u2019est offert, en anticipation, le nom de domaine trumpkennedycenter.org. Dans une interview au<a href=\"https:\/\/www.washingtonpost.com\/style\/2025\/12\/20\/trump-kennedy-website\/\" target=\"_blank\" rel=\"noopener\" title=\"Nouvelle fen\u00eatre\"> Washington Post<\/a>, il a expliqu\u00e9 avoir eu la quasi-certitude \u00ab\u00a0que ce nom allait se retrouver sur\u00a0le b\u00e2timent\u00a0\u00bb.<\/p>\n<p class=\"asset asset-text\">L\u2019ex-auteur de la s\u00e9rie d\u2019animation satirique a expliqu\u00e9 \u00e0 nos confr\u00e8res avoir achet\u00e9 pour une poign\u00e9e de dollars le nom de domaine pour une bonne raison. \u00ab\u00a0Le Kennedy Center a toujours \u00e9t\u00e9 une institution culturelle destin\u00e9e \u00e0 survivre \u00e0 toute administration ou figure politique. C\u2019est un lieu qui vise \u00e0 honorer la culture, pas l\u2019ego. Maintenant que Trump en a fait un objet de promotion personnelle, on est oblig\u00e9 de verser dans la satire.\u00a0\u00bb<\/p>\n<p class=\"asset asset-text\">Toby Morton n\u2019en est pas \u00e0 son coup d\u2019essai, ayant dans son \u00ab\u00a0portefeuille\u00a0\u00bb, comme le rappelle <a href=\"https:\/\/deadline.com\/2025\/12\/trump-kennedy-center-south-park-writer-domain-names-1236657141\/\" target=\"_blank\" rel=\"noopener\" title=\"Nouvelle fen\u00eatre\">Deadline<\/a>, des sites aux noms de Marjorie Taylor Greene ou Nancy Mace. Aucun ne b\u00e9n\u00e9ficie cependant d\u2019une exposition comparable \u00e0 celui du Trump Kennedy Center.<\/p>\n<p>         <img decoding=\"async\" loading=\"lazy\" src=\"https:\/\/www.europesays.com\/fr\/wp-content\/uploads\/2025\/12\/12e06aa_upload-1-mpcdesffeihz-trump-south-park.png\"  width=\"728\" height=\"305\" alt=\"Le logo du Trump Kennedy Center sur le site parodique\"\/>  <\/p>\n<p>TrumpKennedyCenter<\/p>\n<p>Le logo du Trump Kennedy Center sur le site parodique<\/p>\n<p class=\"asset asset-text\">Sur le site parodique mis en ligne par le sc\u00e9nariste, le logo a \u00e9t\u00e9 modifi\u00e9 et affiche d\u00e9sormais les barreaux d\u2019une prison en lieu et place des touches de piano qu\u2019il repr\u00e9sentait auparavant. Une phrase caviard\u00e9e appara\u00eet \u00e9galement en r\u00e9f\u00e9rence \u00e0 la <a href=\"https:\/\/www.huffingtonpost.fr\/international\/video\/ces-pages-entierement-noires-dans-le-dossier-epstein-sont-loin-de-lever-les-soupcons_258452.html\" target=\"_blank\" rel=\"noopener\">pol\u00e9mique sur les dossiers Epstein<\/a>.<\/p>\n<p>    La mainmise de Trump sur le Kennedy Center    <\/p>\n<p class=\"asset asset-text\">Les textes qui figurent sur le site sont, eux aussi, satiriques. En guise de pr\u00e9sentation du lieu, il est par exemple mentionn\u00e9 un lieu culturel \u00ab\u00a0d\u00e9di\u00e9 \u00e0 l\u2019h\u00e9ritage, \u00e0 la loyaut\u00e9 et \u00e0 une pr\u00e9sentation prudente de l\u2019Histoire.\u00a0\u00bb Un espace o\u00f9 \u00ab\u00a0la tradition est pr\u00e9serv\u00e9e, les r\u00e9cits organis\u00e9s et les performances \u00e9lev\u00e9es \u00e0 un niveau sup\u00e9rieur \u00e0 l\u2019art\u00a0\u00bb.<\/p>\n<p class=\"asset asset-text\">Avec ironie, le texte d\u2019introduction explique que \u00ab\u00a0ce qui est rappel\u00e9 compte. Mais ce qui est omis compte encore plus\u00a0\u00bb. Les spectateurs qui viendront assister \u00e0 des performances au Trump Kennedy Center pourront exp\u00e9rimenter \u00ab\u00a0la culture comme une forme d\u2019autorit\u00e9, l\u2019apparat comme une v\u00e9rit\u00e9, et l\u2019excellence du point de vue des puissants\u00a0\u00bb.<\/p>\n<p>         <img decoding=\"async\" loading=\"lazy\" src=\"https:\/\/www.europesays.com\/fr\/wp-content\/uploads\/2025\/12\/7d170cb_upload-1-sbkt7v1epqmj-kennedy-trump.png\"  width=\"728\" height=\"710\" alt=\"Le texte de pr\u00e9sentation de la saison 2026\u00a0du site satirique TrumpKennedyCenter\"\/>  <\/p>\n<p>TrumpKennedyCenter<\/p>\n<p class=\"asset asset-text\">Un autre paragraphe annonce le programme de 2026, qui se fera dans le cadre \u00ab\u00a0d\u2019une nouvelle \u00e8re de d\u00e9votion, d\u2019unit\u00e9 et d\u2019autorit\u00e9 h\u00e9r\u00e9ditaire\u00a0\u00bb. Le tout premier show de ce nouvellement nomm\u00e9 Trump Kennedy Center est d\u2019ailleurs annonc\u00e9 \u00e0 l\u2019occasion du Nouvel An\u00a0: une performance de la troupe \u00ab\u00a0The Epstein Dancers\u00a0\u00bb.<\/p>\n<p class=\"asset asset-text\">Ce site satirique intervient alors que la salle de spectacle est au c\u0153ur de l\u2019actualit\u00e9. Apr\u00e8s l\u2019annulation du concert de Chuck Redd, qui a refus\u00e9 de s\u2019y produire la veille de No\u00ebl \u00e0 cause de cette nouvelle appellation, le centre lui r\u00e9clame 1\u00a0million de dollars de dommages et int\u00e9r\u00eats.<\/p>\n<p class=\"asset asset-text\">Depuis son retour \u00e0 la Maison Blanche, Donald Trump a accord\u00e9 une attention toute particuli\u00e8re au Kennedy Center, notamment en y installant \u00e0 sa t\u00eate des proches. Le pr\u00e9sident a fait voter au Conseil d\u2019administration un changement de nom du lieu pourtant baptis\u00e9 ainsi apr\u00e8s l\u2019assassinat du pr\u00e9sident JFK en 1963\u00a0et en vertu d\u2019une loi pour faire de ce lieu un m\u00e9morial vivant en son honneur.<\/p>\n<p class=\"asset asset-text\">D\u2019apr\u00e8s Donald Trump lui-m\u00eame, cet investissement prononc\u00e9 dans le lieu culturel consiste \u00e0 en faire un\u00a0<a href=\"https:\/\/www.huffingtonpost.fr\/international\/article\/pourquoi-donald-trump-est-si-obsede-par-le-kennedy-center-l-institution-culturelle-phare-de-washington_253905.html\" target=\"_blank\" rel=\"noopener\">embl\u00e8me de sa lutte contre le (pr\u00e9tendu) \u00ab\u00a0wokisme\u00a0\u00bb<\/a>. Un investissement de taille puisque Donald Trump vient d\u2019obtenir 250\u00a0millions de dollars du Congr\u00e8s pour y faire des travaux de modernisation.<\/p>\n","protected":false},"excerpt":{"rendered":"Bloomberg \/ Bloomberg via Getty Images Donald Trump s\u2019est fait \u00ab\u00a0voler\u00a0\u00bb le nom de domaine du Trump Kennedy&hellip;\n","protected":false},"author":2,"featured_media":629560,"comment_status":"","ping_status":"","sticky":false,"template":"","format":"standard","meta":{"footnotes":""},"categories":[8],"tags":[251,58,75,59,1011,27,310,30466,38497],"class_list":{"0":"post-629559","1":"post","2":"type-post","3":"status-publish","4":"format-standard","5":"has-post-thumbnail","7":"category-divertissement","8":"tag-culture","9":"tag-divertissement","10":"tag-donald-trump","11":"tag-entertainment","12":"tag-fr","13":"tag-france","14":"tag-internet","15":"tag-kennedy","16":"tag-south-park"},"share_on_mastodon":{"url":"https:\/\/pubeurope.com\/@fr\/115807833894872728","error":""},"_links":{"self":[{"href":"https:\/\/www.europesays.com\/fr\/wp-json\/wp\/v2\/posts\/629559","targetHints":{"allow":["GET"]}}],"collection":[{"href":"https:\/\/www.europesays.com\/fr\/wp-json\/wp\/v2\/posts"}],"about":[{"href":"https:\/\/www.europesays.com\/fr\/wp-json\/wp\/v2\/types\/post"}],"author":[{"embeddable":true,"href":"https:\/\/www.europesays.com\/fr\/wp-json\/wp\/v2\/users\/2"}],"replies":[{"embeddable":true,"href":"https:\/\/www.europesays.com\/fr\/wp-json\/wp\/v2\/comments?post=629559"}],"version-history":[{"count":0,"href":"https:\/\/www.europesays.com\/fr\/wp-json\/wp\/v2\/posts\/629559\/revisions"}],"wp:featuredmedia":[{"embeddable":true,"href":"https:\/\/www.europesays.com\/fr\/wp-json\/wp\/v2\/media\/629560"}],"wp:attachment":[{"href":"https:\/\/www.europesays.com\/fr\/wp-json\/wp\/v2\/media?parent=629559"}],"wp:term":[{"taxonomy":"category","embeddable":true,"href":"https:\/\/www.europesays.com\/fr\/wp-json\/wp\/v2\/categories?post=629559"},{"taxonomy":"post_tag","embeddable":true,"href":"https:\/\/www.europesays.com\/fr\/wp-json\/wp\/v2\/tags?post=629559"}],"curies":[{"name":"wp","href":"https:\/\/api.w.org\/{rel}","templated":true}]}}