{"id":629579,"date":"2025-12-30T09:43:12","date_gmt":"2025-12-30T09:43:12","guid":{"rendered":"https:\/\/www.europesays.com\/fr\/629579\/"},"modified":"2025-12-30T09:43:12","modified_gmt":"2025-12-30T09:43:12","slug":"ou-deposer-son-sapin-de-noel-apres-les-fetes-dans-laire-toulonnaise","status":"publish","type":"post","link":"https:\/\/www.europesays.com\/fr\/629579\/","title":{"rendered":"O\u00f9 d\u00e9poser son sapin de No\u00ebl apr\u00e8s les f\u00eates dans l\u2019aire toulonnaise ?"},"content":{"rendered":"<p>                                                                                O\u00f9 jeter son sapin naturel sur TPM ?<\/p>\n<p class=\"fs-5 \"><strong>\u00c0 Toulon<\/strong>, les d\u00e9p\u00f4ts de sapins naturels se font \u00e0 la d\u00e9ch\u00e8terie de Toulon\/Ollioules (sans date limite). La collecte des sapins naturels \u00e0 domicile se fait sur prise de rendez-vous : 04.94.36.82.50 (service disponible aux usag\u00e9s dans l\u2019incapacit\u00e9 de se rendre \u00e0 la d\u00e9ch\u00e8terie).<\/p>\n<p class=\"fs-5 \"><strong>\u00c0 La Seyne-sur-Mer<\/strong>, la collecte des sapins naturels se fait jusqu\u2019au 28 janvier sur le parking de l\u2019\u00e9cole Jean-Jacques-Rousseau, \u00e0 l\u2019\u00e9cole L\u00e9o-Lagrange, au parc de la Navale, sur l\u2019esplanade B\u0153uf aux Sablettes, la placette des Oiseaux \u00e0 Janas, le square Gurirard, avenue Esprit-Armando (Parking du centre commercial), \u00e0 l\u2019\u00e9cole Toussaint-Merle ou \u00e0 la d\u00e9ch\u00e8terie.<\/p>\n<p class=\"fs-5 \"><strong>\u00c0 Hy\u00e8res,<\/strong> les d\u00e9p\u00f4ts de sapins naturels se font \u00e0 la d\u00e9ch\u00e8terie ou par collecte \u00e0 domicile \u00ab sans prise de rendez-vous \u00bb (et sans date limite).<\/p>\n<p class=\"fs-5 \"><strong>\u00c0 La Garde<\/strong>, jusqu\u2019au 17 janvier, dans les points de d\u00e9p\u00f4ts sont situ\u00e9s : gymnase Chabot, patinoire, parking de la piscine, parking de la Piste cyclable \u00e0 l\u2019angle du chemin de Sainte-Marguerite\/rue Albert-Camus et \u00e0 la d\u00e9ch\u00e8terie.<\/p>\n<p class=\"fs-5 \"><strong>\u00c0 Six-Fours,<\/strong> jusqu\u2019au 19 janvier, sur la contre-all\u00e9e avenue De-Lattre-de-Tassigny, sur les places de stationnement, et au p\u00f4le environnemental (d\u00e9ch\u00e8terie) de Courrens &#8211; l\u2019aire de d\u00e9chets verts des Playes. Une collecte \u00e0 domicile est r\u00e9alis\u00e9e sur prise de rendez-vous : 0800 304 306.<\/p>\n<p class=\"fs-5 \"><strong>\u00c0 La Crau<\/strong>, jusqu\u2019au 30 janvier, en point d\u2019apport volontaire, salle des f\u00eates, parking De-Lattre-de-Tassigny, parking Jean-Natte, parking Mar\u00e9chal-Leclerc (La Moutonne), parking rue du Chenin, parking de L\u2019Eolienne (La Moutonne), parking Carrefour Market et d\u00e9ch\u00e8terie<\/p>\n<p class=\"fs-5 \"><strong>\u00c0 Saint-Mandrier<\/strong>, la collecte des sapins naturels se fait en point d\u2019apport volontaire jusqu\u2019au 30 janvier au chemin des Aub\u00e9pines ou \u00e0 la d\u00e9ch\u00e8terie (sans date limite). Une collecte \u00e0 domicile est aussi pr\u00e9vue une semaine sur deux.<\/p>\n<p class=\"fs-5 \"><strong>\u00c0 Carqueiranne<\/strong>, les d\u00e9p\u00f4ts de sapins naturels se font uniquement \u00e0 la d\u00e9ch\u00e8terie.<\/p>\n<p class=\"fs-5 \"><strong>\u00c0 La Valette-du-Var<\/strong>, la collecte se fait en point d\u2019apport volontaire jusqu\u2019au 19 janvier, parking Henri-Bosco, parking Entrevert, parking F\u00e9lix-Rougier, parking Pierre Be, parc Bassin des Mouli\u00e8res, parking square Rubira et \u00e0 la d\u00e9ch\u00e8terie de La Valette\/Le Revest.<\/p>\n<p class=\"fs-5 \"><strong>Au Pradet<\/strong>, jusqu\u2019au 18 janvier \u00e0 l\u2019Espace des Arts, aux parkings de la Garonne, de la Vigerie ou \u00e0 la d\u00e9ch\u00e8terie.<\/p>\n<p class=\"fs-5 \"><strong>A Ollioules<\/strong>, Les d\u00e9p\u00f4ts de sapins naturels se font \u00e0 la d\u00e9ch\u00e8terie (sans date limite).<\/p>\n<p class=\"fs-5 \"><strong>Au Revest,<\/strong> la collecte des sapins naturels se fait jusqu\u2019au 9 janvier, chemin de l\u2019Oratoire (au niveau des terrains de tennis), boulevard de l\u2019\u00e9galit\u00e9 (au village \u00e0 c\u00f4t\u00e9 de la Maison des Comoni) ou \u00e0 la d\u00e9ch\u00e8terie de La Valette\/Le Revest-les-Eaux.<\/p>\n<p>                                                                                Que deviennent les sapins ?<\/p>\n<p class=\"fs-5 \">Les arbres collect\u00e9s sur TPM sont conduits au centre de compostage de Signes. Ils y sont transform\u00e9s en compost. Ce compost est ensuite mis gratuitement \u00e0 disposition des usagers dans les dix d\u00e9ch\u00e8teries et les deux aires de d\u00e9chets verts de la M\u00e9tropole.<\/p>\n<p class=\"fs-5 \">Au Revest, les r\u00e9sineux seront \u00e9galement offerts aux ch\u00e8vres de propri\u00e9taires de la commune. Ces animaux raffolent des aiguilles de sapins verts.<\/p>\n<p>                                                                                Et les floqu\u00e9s ?<\/p>\n<p class=\"fs-5 \">Pour les sapins floqu\u00e9s et (ou) avec des d\u00e9corations, TPM pr\u00e9cise qu\u2019ils devront \u00eatre d\u00e9pos\u00e9s en d\u00e9ch\u00e8terie dans la benne \u00e0 encombrants ou jet\u00e9s avec vos ordures m\u00e9nag\u00e8res.<\/p>\n<p class=\"fs-5 \">Et ailleurs\u2026<\/p>\n<p>                                                                                Dans les communaut\u00e9s de communes Vall\u00e9e du Gapeau,<strong> M\u00e9diterran\u00e9e Porte des Maures et <\/strong>l\u2019agglo Sud Sainte Baume<\/p>\n<p class=\"fs-5 \">Chaque intercommunalit\u00e9 met en place un circuit de recyclage et d\u00e9cline les modalit\u00e9s (ou pas) sur les sites internet des mairies.<\/p>\n<p class=\"fs-5 \">A <strong>La Londe<\/strong>, la collecte se d\u00e9roule sur le parking de l\u2019ancienne gare jusqu\u2019au 13 janvier. A <strong>Cuers<\/strong>, devant le restaurant scolaire. A <strong>Pierrefeu<\/strong>, le point d\u2019apport se situe au parking des pompiers\u2026 A <strong>La Farl\u00e8de<\/strong>, la collecte se d\u00e9roule derri\u00e8re la mairie, \u00e0 <strong>Solli\u00e8s-Toucas,<\/strong> diff\u00e9rentes bennes sont dispos\u00e9es\u2026<\/p>\n<p class=\"fs-5 \">Au <strong>Beausset<\/strong>, jusqu\u2019au dimanche 11 janvier, deux points de collecte sont install\u00e9s au CTM, avenue du Souvenir Fran\u00e7ais, et place Cetona, esplanade De-Gaulle (au pied de la salle Azur), avec chacun deux zones : une pour sapins \u00ab propres \u00bb et une pour sapins avec neige artificielle. A <strong>Signes<\/strong>, la zone de d\u00e9p\u00f4t, r\u00e9serv\u00e9e aux sapins naturels (non floqu\u00e9s, non synth\u00e9tiques), se situe devant l\u2019\u00e9cole \u00e9l\u00e9mentaire jusqu\u2019au 14 janvier inclus.<\/p>\n","protected":false},"excerpt":{"rendered":"O\u00f9 jeter son sapin naturel sur TPM ? \u00c0 Toulon, les d\u00e9p\u00f4ts de sapins naturels se font \u00e0&hellip;\n","protected":false},"author":2,"featured_media":629580,"comment_status":"","ping_status":"","sticky":false,"template":"","format":"standard","meta":{"footnotes":""},"categories":[9619],"tags":[1111,11,1777,674,1011,27,12,882,25,2310],"class_list":{"0":"post-629579","1":"post","2":"type-post","3":"status-publish","4":"format-standard","5":"has-post-thumbnail","7":"category-toulon","8":"tag-actu","9":"tag-actualites","10":"tag-eu","11":"tag-europe","12":"tag-fr","13":"tag-france","14":"tag-news","15":"tag-provence-alpes-cote-dazur","16":"tag-republique-francaise","17":"tag-toulon"},"share_on_mastodon":{"url":"https:\/\/pubeurope.com\/@fr\/115807872848889690","error":""},"_links":{"self":[{"href":"https:\/\/www.europesays.com\/fr\/wp-json\/wp\/v2\/posts\/629579","targetHints":{"allow":["GET"]}}],"collection":[{"href":"https:\/\/www.europesays.com\/fr\/wp-json\/wp\/v2\/posts"}],"about":[{"href":"https:\/\/www.europesays.com\/fr\/wp-json\/wp\/v2\/types\/post"}],"author":[{"embeddable":true,"href":"https:\/\/www.europesays.com\/fr\/wp-json\/wp\/v2\/users\/2"}],"replies":[{"embeddable":true,"href":"https:\/\/www.europesays.com\/fr\/wp-json\/wp\/v2\/comments?post=629579"}],"version-history":[{"count":0,"href":"https:\/\/www.europesays.com\/fr\/wp-json\/wp\/v2\/posts\/629579\/revisions"}],"wp:featuredmedia":[{"embeddable":true,"href":"https:\/\/www.europesays.com\/fr\/wp-json\/wp\/v2\/media\/629580"}],"wp:attachment":[{"href":"https:\/\/www.europesays.com\/fr\/wp-json\/wp\/v2\/media?parent=629579"}],"wp:term":[{"taxonomy":"category","embeddable":true,"href":"https:\/\/www.europesays.com\/fr\/wp-json\/wp\/v2\/categories?post=629579"},{"taxonomy":"post_tag","embeddable":true,"href":"https:\/\/www.europesays.com\/fr\/wp-json\/wp\/v2\/tags?post=629579"}],"curies":[{"name":"wp","href":"https:\/\/api.w.org\/{rel}","templated":true}]}}