{"id":629581,"date":"2025-12-30T09:44:11","date_gmt":"2025-12-30T09:44:11","guid":{"rendered":"https:\/\/www.europesays.com\/fr\/629581\/"},"modified":"2025-12-30T09:44:11","modified_gmt":"2025-12-30T09:44:11","slug":"toulon-dernieres-places-a-12h00","status":"publish","type":"post","link":"https:\/\/www.europesays.com\/fr\/629581\/","title":{"rendered":"Toulon, derni\u00e8res places \u00e0 12h00"},"content":{"rendered":"\n<p>    Toulon, derni\u00e8res places \u00e0 12h00 | Stade Rochelais<\/p>\n<p>&#13;<\/p>\n<p>            Main site navigation<\/p>\n<p>         C&rsquo;est \u00e0 12h00, ce mardi, que les derni\u00e8res places pour la rencontre de dimanche soir seront vendues sur notre billetterie en ligne. Si vous n&rsquo;avez pas encore votre s\u00e9same, c&rsquo;est le moment !<\/p>\n<p>      <img decoding=\"async\" src=\"https:\/\/www.europesays.com\/fr\/wp-content\/uploads\/2025\/06\/logo-secondary.png\" alt=\"Stade Rochelais\"\/>   <\/p>\n","protected":false},"excerpt":{"rendered":"Toulon, derni\u00e8res places \u00e0 12h00 | Stade Rochelais &#13; Main site navigation C&rsquo;est \u00e0 12h00, ce mardi, que&hellip;\n","protected":false},"author":2,"featured_media":188147,"comment_status":"","ping_status":"","sticky":false,"template":"","format":"standard","meta":{"footnotes":""},"categories":[9619],"tags":[1111,11,1777,674,1011,27,12,882,25,2310],"class_list":{"0":"post-629581","1":"post","2":"type-post","3":"status-publish","4":"format-standard","5":"has-post-thumbnail","7":"category-toulon","8":"tag-actu","9":"tag-actualites","10":"tag-eu","11":"tag-europe","12":"tag-fr","13":"tag-france","14":"tag-news","15":"tag-provence-alpes-cote-dazur","16":"tag-republique-francaise","17":"tag-toulon"},"share_on_mastodon":{"url":"https:\/\/pubeurope.com\/@fr\/115807876766513331","error":""},"_links":{"self":[{"href":"https:\/\/www.europesays.com\/fr\/wp-json\/wp\/v2\/posts\/629581","targetHints":{"allow":["GET"]}}],"collection":[{"href":"https:\/\/www.europesays.com\/fr\/wp-json\/wp\/v2\/posts"}],"about":[{"href":"https:\/\/www.europesays.com\/fr\/wp-json\/wp\/v2\/types\/post"}],"author":[{"embeddable":true,"href":"https:\/\/www.europesays.com\/fr\/wp-json\/wp\/v2\/users\/2"}],"replies":[{"embeddable":true,"href":"https:\/\/www.europesays.com\/fr\/wp-json\/wp\/v2\/comments?post=629581"}],"version-history":[{"count":0,"href":"https:\/\/www.europesays.com\/fr\/wp-json\/wp\/v2\/posts\/629581\/revisions"}],"wp:featuredmedia":[{"embeddable":true,"href":"https:\/\/www.europesays.com\/fr\/wp-json\/wp\/v2\/media\/188147"}],"wp:attachment":[{"href":"https:\/\/www.europesays.com\/fr\/wp-json\/wp\/v2\/media?parent=629581"}],"wp:term":[{"taxonomy":"category","embeddable":true,"href":"https:\/\/www.europesays.com\/fr\/wp-json\/wp\/v2\/categories?post=629581"},{"taxonomy":"post_tag","embeddable":true,"href":"https:\/\/www.europesays.com\/fr\/wp-json\/wp\/v2\/tags?post=629581"}],"curies":[{"name":"wp","href":"https:\/\/api.w.org\/{rel}","templated":true}]}}