{"id":629586,"date":"2025-12-30T09:47:14","date_gmt":"2025-12-30T09:47:14","guid":{"rendered":"https:\/\/www.europesays.com\/fr\/629586\/"},"modified":"2025-12-30T09:47:14","modified_gmt":"2025-12-30T09:47:14","slug":"immobilier-amenagements-nouveaux-transports-ces-pans-de-rouen-qui-ont-change-de-visage-en-2025","status":"publish","type":"post","link":"https:\/\/www.europesays.com\/fr\/629586\/","title":{"rendered":"Immobilier, am\u00e9nagements, nouveaux transports&#8230;. Ces pans de Rouen qui ont chang\u00e9 de visage en 2025"},"content":{"rendered":"<p>                    Par<br \/>\n        <strong><br \/>\n            <a href=\"https:\/\/actu.fr\/auteur\/fmass\" title=\"Consulter tous les articles de Fabien Massin\" target=\"_blank\" rel=\"noopener\">Fabien Massin<\/a><br \/>\n                    <\/strong><\/p>\n<p>        Publi\u00e9 le<\/p>\n<p>            30 d\u00e9c. 2025 \u00e0 8h40        <\/p>\n<p>Avec l\u2019arriv\u00e9e de la ligne T5, la construction d\u2019un nouveau parc canal, la r\u00e9fection de l\u2019avenue des Martyrs-de-la-R\u00e9sistance, etc. plusieurs pans de villes \u00e0 Rouen <a href=\"https:\/\/actu.fr\/normandie\/rouen_76540\" target=\"_blank\" rel=\"noopener\">(Seine-Maritime)<\/a> ont vu leur visage changer en 2025. En voici quelques aper\u00e7us.<\/p>\n<p>Arriv\u00e9e de la ligne T5<\/p>\n<p class=\" wall-content\">Avec l\u2019arriv\u00e9e de la cinqui\u00e8me ligne<a href=\"https:\/\/actu.fr\/tag\/teor\" target=\"_blank\" rel=\"noopener\"> Teor<\/a>, un<a href=\"https:\/\/actu.fr\/normandie\/rouen_76540\/lancee-ce-mardi-la-ligne-t5-inaugure-une-grande-premiere-a-rouen-et-doit-faire-oublier-quelques-galeres_63486736.html\" target=\"_blank\" rel=\"noopener\"> vaste am\u00e9nagement urbain<\/a> a \u00e9t\u00e9 op\u00e9r\u00e9 du <a href=\"https:\/\/actu.fr\/normandie\/rouen_76540\/cet-amenagement-va-attirer-des-pietons-voici-a-quoi-va-ressembler-le-cours-clemenceau-a-rouen_62579058.html\" target=\"_blank\" rel=\"noopener\">cours Clemenceau<\/a> au Mont-Riboudet, en passant par le boulevard d\u2019Orl\u00e9ans \u2014 mais aussi la rue Saint-Sever \u2014 et le quartier Flaubert, <a href=\"https:\/\/actu.fr\/normandie\/rouen_76540\/a-rouen-un-tout-nouveau-pont-va-etre-construit-dans-ce-quartier-pour-la-future-ligne-de-bus-t5_62810277.html\" target=\"_blank\" rel=\"noopener\">o\u00f9 un nouveau pont a m\u00eame vu le jour<\/a>.<\/p>\n<p class=\" wall-content\">\n    <img   decoding=\"async\" loading=\"lazy\" src=\"https:\/\/www.europesays.com\/fr\/wp-content\/uploads\/2025\/12\/boulevard-orleans-rouent5-960x640.jpg\" alt=\"Le boulevard d'Orl\u00e9ans avec l'arriv\u00e9e de la T5.\" width=\"960\" height=\"640\"\/><br \/>\n    Le boulevard d\u2019Orl\u00e9ans avec l\u2019arriv\u00e9e de la T5. (\u00a9FM\/76actu)<br \/>\n    <img   decoding=\"async\" loading=\"lazy\" src=\"https:\/\/www.europesays.com\/fr\/wp-content\/uploads\/2025\/12\/rue-saint-sever-rouen-t5-960x640.jpg\" alt=\"La partie de la rue Saint-Sever r\u00e9am\u00e9nag\u00e9e. \" width=\"960\" height=\"640\"\/><br \/>\n    La partie de la rue Saint-Sever r\u00e9am\u00e9nag\u00e9e. (\u00a9FM\/7-actu)<\/p>\n<p>Un nouveau parc canal<\/p>\n<p class=\" wall-content\">Samedi 26\u00a0avril 2025, la M\u00e9tropole de Rouen a inaugur\u00e9 son <a href=\"https:\/\/actu.fr\/normandie\/rouen_76540\/un-nouveau-parc-canal-inaugure-a-rouen-un-moment-historique_62562439.html\" target=\"_blank\" rel=\"noopener\">nouveau parc-canal Camille-Claudel<\/a>, sur la rive gauche. En 2024,<a href=\"https:\/\/actu.fr\/normandie\/rouen_76540\/l-image-on-a-assiste-a-la-mise-a-l-eau-du-futur-canal-du-quartier-flaubert-de-rouen_60885493.html\" target=\"_blank\" rel=\"noopener\"> le canal \u00e9tait mis en eau, au pied du 108<\/a>, dans la continuit\u00e9 du quartier Flaubert, entour\u00e9 de ce qui ressemblait encore une friche. <strong>D\u00e9sormais, la verdure a pris sa place pour entourer l\u2019\u00e9tendue d\u2019eau.<\/strong><\/p>\n<p>    <img   decoding=\"async\" loading=\"lazy\" src=\"https:\/\/www.europesays.com\/fr\/wp-content\/uploads\/2025\/12\/parc-canal-rouen-960x640.jpg\" alt=\"Derri\u00e8re le 108, rive gauche \u00e0 Rouen, le nouveau parc-canal Camille-Claudel. \" width=\"960\" height=\"640\"\/><br \/>\n    Derri\u00e8re le 108, rive gauche \u00e0 Rouen, le nouveau parc-canal Camille-Claudel. (\u00a9FM\/76actu)L\u2019avenue des Martyrs-de-la-R\u00e9sistance r\u00e9am\u00e9nag\u00e9e<\/p>\n<p class=\" wall-content\">Les riverains comme tous ceux qui empruntent cet axe majeur de la rive gauche de Rouen, qui longe notamment le jardin des plantes, <a href=\"https:\/\/actu.fr\/normandie\/rouen_76540\/a-rouen-et-au-petit-quevilly-ces-avenues-vont-bientot-connaitre-20-mois-de-travaux_57792972.html\" target=\"_blank\" rel=\"noopener\">ont d\u00fb \u00eatre patients<\/a>. Mais d\u00e9sormais,<strong> l\u2019avenue de Martyrs-de-la-R\u00e9sistance\/Canadiens<\/strong> pr\u00e9sente un tout autre visage, et comprend une v\u00e9ritable piste cyclable.<\/p>\n<p>    <img   decoding=\"async\" loading=\"lazy\" src=\"https:\/\/www.europesays.com\/fr\/wp-content\/uploads\/2025\/12\/avenue-martyrs-resistance-rouen-960x640.jpg\" alt=\"Avenue des Martyrs-de-la-R\u00e9sistance. \" width=\"960\" height=\"640\"\/><br \/>\n    Avenue des Martyrs-de-la-R\u00e9sistance. (\u00a9FM\/76actu)Vid\u00e9os : en ce moment sur ActuLa rue Beauvoisine aux pi\u00e9tons<\/p>\n<p class=\" wall-content\">Cette rue pittoresque de la rive droite de Rouen a \u00e9t\u00e9 largement embellie, avec en fait majeur, <a href=\"https:\/\/actu.fr\/normandie\/rouen_76540\/pietonniser-la-rue-beauvoisine-a-rouen-une-revolution-qui-va-creer-des-complications_62300127.html\" target=\"_blank\" rel=\"noopener\">sa pi\u00e9tonnisation partielle<\/a>. Avec elle s\u2019ach\u00e8ve la premi\u00e8re partie du programme de r\u00e9am\u00e9nagement urbain <a href=\"https:\/\/actu.fr\/normandie\/rouen_76540\/beauvoisine-rive-gauche-ile-lacroix-les-chantiers-du-coeur-de-rouen-sont-loin-d-etre-finis_61519135.html\" target=\"_blank\" rel=\"noopener\">C\u0153ur de M\u00e9tropole<\/a>, <a href=\"https:\/\/actu.fr\/normandie\/rouen_76540\/30-millions-deuros-pour-renover-le-centre-ville-de-rouen-plus-de-rues-pietonnes_632807.html\" target=\"_blank\" rel=\"noopener\">engag\u00e9 il y a pr\u00e8s de 10\u00a0ans<\/a>.<\/p>\n<p>    <img   decoding=\"async\" loading=\"lazy\" src=\"https:\/\/www.europesays.com\/fr\/wp-content\/uploads\/2025\/12\/rouen-rue-beauvoisine-pietonne-coeur-metropole-960x640.jpg\" alt=\"La \" width=\"960\" height=\"640\"\/><br \/>\n    La \u00ab\u2009nouvelle\u2009\u00bb rue Beauvoisine, qui parach\u00e8ve le quartier des mus\u00e9es pens\u00e9 dans le cadre du programme C\u0153ur de M\u00e9tropole, engag\u00e9 il y a pr\u00e8s de 10\u00a0ans. (\u00a9FM\/76actu)<\/p>\n<p>Votre r\u00e9gion, votre actu !<\/p>\n<p>Recevez chaque jour les infos qui comptent pour vous.<\/p>\n<p>\t<a href=\"https:\/\/actu.fr\/newsletter\" class=\"ac-btn ac-btn--corner ac-btn--medium ac-btn--blue800\" target=\"_blank\" rel=\"noopener\">S&rsquo;incrire<\/a><br \/>\nLe quartier Flaubert poursuit son essor<\/p>\n<p class=\" wall-content\">Flaubert continue de pousser. Ce nouveau quartier destin\u00e9 \u00e0 accueillir <strong>plus de 10\u2009000\u00a0habitants et usagers sur pr\u00e8s de 90 hectares<\/strong>, prend forme depuis plusieurs ann\u00e9es. Entre\u00a02006 et\u00a02016, les \u00e9tudes pr\u00e9alables \u00e0 la construction de cette ville dans la ville sont men\u00e9es, avant la mise en place d\u2019une enqu\u00eate publique et d\u2019une d\u00e9claration de projet. En 2019, les travaux d\u00e9butent v\u00e9ritablement. Qu\u2019est ce qui a \u00e9t\u00e9 construit\u2009? Et qu\u2019est-ce qu\u2019il reste \u00e0 faire\u2009? <a href=\"https:\/\/actu.fr\/normandie\/rouen_76540\/ou-en-sont-les-travaux-du-quartier-flaubert-a-rouen-ce-qui-est-termine-et-ce-qui-reste-a-faire_63563056.html\" target=\"_blank\" rel=\"noopener\">On a fait le point<\/a> au mois de d\u00e9cembre.<\/p>\n<p>D\u2019autres programmes immobiliers \u00e0 venir<\/p>\n<p class=\" wall-content\">D\u2019importants projets immobiliers sont en cours dans les quartiers ouest de Rouen, avec des programmes<a href=\"https:\/\/actu.fr\/normandie\/rouen_76540\/c-est-quoi-cette-nouvelle-residence-qui-veut-metamorphoser-le-quartier-pasteur-a-rouen_62951749.html\" target=\"_blank\" rel=\"noopener\">\u00a0dans le quartier Pasteur<\/a> et le <a href=\"https:\/\/actu.fr\/normandie\/rouen_76540\/rouen-on-en-sait-plus-sur-le-116-ce-grand-projet-immobilier-qui-veut-transformer-le-quartier-pasteur_63310237.html\" target=\"_blank\" rel=\"noopener\">long de l\u2019avenue du Mont-Riboudet<\/a>, o\u00f9 <a href=\"https:\/\/actu.fr\/normandie\/rouen_76540\/rouen-le-116-decouvrez-ce-grand-projet-immobilier-sur-le-mont-riboudet_57045794.html\" target=\"_blank\" rel=\"noopener\">l\u2019ancienne concession automobile Peugeot a \u00e9t\u00e9 ras\u00e9e<\/a>.<\/p>\n<p>    <img   decoding=\"async\" loading=\"lazy\" src=\"https:\/\/www.europesays.com\/fr\/wp-content\/uploads\/2025\/12\/programme-immobilier-pasteur-rouen-1-960x640.jpg\" alt=\"D\u00e9molition en cours rue du Pr\u00e9-de-la-Bataille dans le quartier Pasteur pour laisser place \u00e0 un nouveau programme immobilier. \" width=\"960\" height=\"640\"\/><br \/>\n    D\u00e9molition en cours rue du Pr\u00e9-de-la-Bataille dans le quartier Pasteur pour laisser place \u00e0 un nouveau programme immobilier. (\u00a9FM\/76actu)Suivez l\u2019actualit\u00e9 de Rouen sur notre <a href=\"https:\/\/www.whatsapp.com\/channel\/0029VaKfnf99hXF2ddApFB1D\" target=\"_blank\" rel=\"noopener\">cha\u00eene WhatsApp<\/a> et sur notre <a href=\"https:\/\/www.tiktok.com\/@76actu.fr?lang=fr\" target=\"_blank\" rel=\"noopener\">compte TikTok<\/a><\/p>\n<p class=\" wall-content\">Personnalisez votre actualit\u00e9 en ajoutant vos villes et m\u00e9dias en favori avec <a href=\"https:\/\/moncompte.actu.fr\" title=\"D\u00e9couvez Mon Actu\" rel=\"nofollow noopener\" data-trk=\"{&quot;cta&quot;:{&quot;action&quot;:&quot;https:\\\/\\\/moncompte.actu.fr&quot;,&quot;category&quot;:&quot;mon compte&quot;,&quot;from&quot;:&quot;article footer&quot;,&quot;name&quot;:&quot;Mon actu&quot;,&quot;type&quot;:&quot;cta&quot;}}\" target=\"_blank\">Mon Actu<\/a>.<\/p>\n<p>                    <script async src=\"\/\/www.tiktok.com\/embed.js\"><\/script><\/p>\n","protected":false},"excerpt":{"rendered":"Par Fabien Massin Publi\u00e9 le 30 d\u00e9c. 2025 \u00e0 8h40 Avec l\u2019arriv\u00e9e de la ligne T5, la construction&hellip;\n","protected":false},"author":2,"featured_media":629587,"comment_status":"","ping_status":"","sticky":false,"template":"","format":"standard","meta":{"footnotes":""},"categories":[9587],"tags":[1111,11,1777,674,1011,27,5353,12,5161,25,9590,40462,104,31790],"class_list":{"0":"post-629586","1":"post","2":"type-post","3":"status-publish","4":"format-standard","5":"has-post-thumbnail","7":"category-rouen","8":"tag-actu","9":"tag-actualites","10":"tag-eu","11":"tag-europe","12":"tag-fr","13":"tag-france","14":"tag-la-seine","15":"tag-news","16":"tag-normandie","17":"tag-republique-francaise","18":"tag-rouen","19":"tag-rouen-flaubert","20":"tag-societe","21":"tag-teor"},"share_on_mastodon":{"url":"https:\/\/pubeurope.com\/@fr\/115807888893291003","error":""},"_links":{"self":[{"href":"https:\/\/www.europesays.com\/fr\/wp-json\/wp\/v2\/posts\/629586","targetHints":{"allow":["GET"]}}],"collection":[{"href":"https:\/\/www.europesays.com\/fr\/wp-json\/wp\/v2\/posts"}],"about":[{"href":"https:\/\/www.europesays.com\/fr\/wp-json\/wp\/v2\/types\/post"}],"author":[{"embeddable":true,"href":"https:\/\/www.europesays.com\/fr\/wp-json\/wp\/v2\/users\/2"}],"replies":[{"embeddable":true,"href":"https:\/\/www.europesays.com\/fr\/wp-json\/wp\/v2\/comments?post=629586"}],"version-history":[{"count":0,"href":"https:\/\/www.europesays.com\/fr\/wp-json\/wp\/v2\/posts\/629586\/revisions"}],"wp:featuredmedia":[{"embeddable":true,"href":"https:\/\/www.europesays.com\/fr\/wp-json\/wp\/v2\/media\/629587"}],"wp:attachment":[{"href":"https:\/\/www.europesays.com\/fr\/wp-json\/wp\/v2\/media?parent=629586"}],"wp:term":[{"taxonomy":"category","embeddable":true,"href":"https:\/\/www.europesays.com\/fr\/wp-json\/wp\/v2\/categories?post=629586"},{"taxonomy":"post_tag","embeddable":true,"href":"https:\/\/www.europesays.com\/fr\/wp-json\/wp\/v2\/tags?post=629586"}],"curies":[{"name":"wp","href":"https:\/\/api.w.org\/{rel}","templated":true}]}}