{"id":62959,"date":"2025-04-29T23:17:12","date_gmt":"2025-04-29T23:17:12","guid":{"rendered":"https:\/\/www.europesays.com\/fr\/62959\/"},"modified":"2025-04-29T23:17:12","modified_gmt":"2025-04-29T23:17:12","slug":"equipe-de-france-un-nouveau-manager-pour-lequipe-de-france-feminine-rugby-a-xiii","status":"publish","type":"post","link":"https:\/\/www.europesays.com\/fr\/62959\/","title":{"rendered":"Equipe de France &#8211; Un nouveau manager pour l&rsquo;\u00e9quipe de France f\u00e9minine &#8211; Rugby \u00e0 XIII"},"content":{"rendered":"<p style=\"text-align: justify;\"><strong>Personnalit\u00e9 m\u00e9connue de la sph\u00e8re treiziste, Pierre Bonhomme a \u00e9t\u00e9 nomm\u00e9 manager de l\u2019\u00e9quipe de France f\u00e9minine. Il a pris ses fonctions le 19 avril.<\/strong><\/p>\n<p style=\"text-align: justify;\">De son propre aveu, \u00ab\u00a0il ne vient pas du monde du rugby\u00a0\u00bb. Mais ses qualit\u00e9s ont quand m\u00eame plu \u00e0 la FFR XIII. Pierre Bonhomme est le nouveau manager de l\u2019\u00e9quipe de France f\u00e9minine de rugby \u00e0 XIII. Son r\u00f4le aupr\u00e8s de la s\u00e9lection sera de \u00ab\u00a0structurer, organiser, planifier, et \u00e0 \u00eatre \u00e0 l\u2019\u00e9coute des besoins du collectif\u00a0\u00bb afin que les rassemblements se passent pour le mieux.<\/p>\n<p style=\"text-align: justify;\">D\u00e9sireuse de \u00ab\u00a0professionnaliser et renforcer l\u2019environnement des \u00e9quipes nationales\u00a0\u00bb, la f\u00e9d\u00e9ration a donc fait appel \u00e0 Pierre Bonhomme pour mener \u00e0 bien cette t\u00e2che aupr\u00e8s des f\u00e9minines. Son profil administratif et son oeil ext\u00e9rieur devraient apporter un vent de fraicheur au sein de l\u2019\u00e9quipe f\u00e9minine.<\/p>\n<\/p>\n<p><strong>Treize Mondial<br \/><a href=\"https:\/\/www.facebook.com\/13Mondial\" target=\"_blank\" rel=\"noopener\"><img loading=\"lazy\" decoding=\"async\" class=\"alignnone wp-image-217097\" src=\"https:\/\/www.europesays.com\/fr\/wp-content\/uploads\/2025\/04\/logo-facebook.png\" alt=\"\" width=\"40\" height=\"40\"  \/><\/a> <a href=\"https:\/\/twitter.com\/XIIIMondial\" target=\"_blank\" rel=\"noopener\"><img loading=\"lazy\" decoding=\"async\" class=\"alignnone wp-image-217098\" src=\"https:\/\/www.europesays.com\/fr\/wp-content\/uploads\/2025\/04\/logo-twitter.png\" alt=\"\" width=\"39\" height=\"39\"  \/><\/a><\/strong><\/p>\n<p>        <script async src=\"https:\/\/platform.twitter.com\/widgets.js\" charset=\"utf-8\"><\/script><\/p>\n","protected":false},"excerpt":{"rendered":"Personnalit\u00e9 m\u00e9connue de la sph\u00e8re treiziste, Pierre Bonhomme a \u00e9t\u00e9 nomm\u00e9 manager de l\u2019\u00e9quipe de France f\u00e9minine. Il&hellip;\n","protected":false},"author":2,"featured_media":62960,"comment_status":"","ping_status":"","sticky":false,"template":"","format":"standard","meta":{"footnotes":""},"categories":[1416],"tags":[2067,1011,27,16125,479,2228,1468,2229,60],"class_list":{"0":"post-62959","1":"post","2":"type-post","3":"status-publish","4":"format-standard","5":"has-post-thumbnail","7":"category-rugby","8":"tag-equipe-de-france-feminine","9":"tag-fr","10":"tag-france","11":"tag-pierre-bonhomme","12":"tag-rugby","13":"tag-rugby-a-xiii","14":"tag-rugby-football","15":"tag-rugby-league","16":"tag-sports"},"share_on_mastodon":{"url":"https:\/\/pubeurope.com\/@fr\/114423807709170375","error":""},"_links":{"self":[{"href":"https:\/\/www.europesays.com\/fr\/wp-json\/wp\/v2\/posts\/62959","targetHints":{"allow":["GET"]}}],"collection":[{"href":"https:\/\/www.europesays.com\/fr\/wp-json\/wp\/v2\/posts"}],"about":[{"href":"https:\/\/www.europesays.com\/fr\/wp-json\/wp\/v2\/types\/post"}],"author":[{"embeddable":true,"href":"https:\/\/www.europesays.com\/fr\/wp-json\/wp\/v2\/users\/2"}],"replies":[{"embeddable":true,"href":"https:\/\/www.europesays.com\/fr\/wp-json\/wp\/v2\/comments?post=62959"}],"version-history":[{"count":0,"href":"https:\/\/www.europesays.com\/fr\/wp-json\/wp\/v2\/posts\/62959\/revisions"}],"wp:featuredmedia":[{"embeddable":true,"href":"https:\/\/www.europesays.com\/fr\/wp-json\/wp\/v2\/media\/62960"}],"wp:attachment":[{"href":"https:\/\/www.europesays.com\/fr\/wp-json\/wp\/v2\/media?parent=62959"}],"wp:term":[{"taxonomy":"category","embeddable":true,"href":"https:\/\/www.europesays.com\/fr\/wp-json\/wp\/v2\/categories?post=62959"},{"taxonomy":"post_tag","embeddable":true,"href":"https:\/\/www.europesays.com\/fr\/wp-json\/wp\/v2\/tags?post=62959"}],"curies":[{"name":"wp","href":"https:\/\/api.w.org\/{rel}","templated":true}]}}