{"id":629592,"date":"2025-12-30T09:52:10","date_gmt":"2025-12-30T09:52:10","guid":{"rendered":"https:\/\/www.europesays.com\/fr\/629592\/"},"modified":"2025-12-30T09:52:10","modified_gmt":"2025-12-30T09:52:10","slug":"une-nouvelle-plateforme-pour-repondre-aux-defis-de-la-logistique-hospitaliere","status":"publish","type":"post","link":"https:\/\/www.europesays.com\/fr\/629592\/","title":{"rendered":"une nouvelle plateforme pour r\u00e9pondre aux d\u00e9fis de la logistique hospitali\u00e8re"},"content":{"rendered":"<p>Dans le cadre de son nouveau sch\u00e9ma directeur immobilier et pour r\u00e9pondre au vieillissement de l\u2019infrastructure logistique de son site de Pontchaillou, le CHU de Rennes a d\u00e9voil\u00e9\u00a0une plateforme logistique de 6 200 m\u00b2, d\u00e9coup\u00e9e en cinq secteurs. Le premier concerne une plateforme logistique h\u00f4teli\u00e8re comprenant une zone de stockage \u00e9tendue permettant d\u2019ajouter 500 r\u00e9f\u00e9rences en stock suppl\u00e9mentaires, dont des dispositifs m\u00e9dicaux, dans une logistique de juste \u00e0 temps. Cette extension permet \u00e9galement le stockage de r\u00e9f\u00e9rences pour les cinq \u00e9tablissements du territoire.<\/p>\n<p>\u00a0<\/p>\n<p>Deuxi\u00e8mement, un\u00a0hub logistique assure d\u00e9sormais la gestion de tous les flux de la blanchisserie, de la logistique h\u00f4teli\u00e8re et de la restauration. L&rsquo;espace est constitu\u00e9 de deux gares, une \u00ab propre \u00bb de 340 m\u00b2 et une \u00ab sale \u00bb de 280 m\u00b2, \u00e0 l\u2019int\u00e9rieur desquelles transiteront 25 AGV et 1 000 contenants par jour. Six monte-charges, dont cinq automatis\u00e9s, permettront de relier la galerie aux unit\u00e9s de soins.<\/p>\n<p>\u00a0<\/p>\n<p>Vers une standardisation des pratiques logistiques<\/p>\n<p>Parall\u00e8lement, une zone de traitement des d\u00e9chets a \u00e9t\u00e9 install\u00e9e. Elle traite, in situ, l\u2019ensemble des d\u00e9chets hospitaliers, soit 420 tonnes par an. Les d\u00e9chets sont achemin\u00e9s depuis les diff\u00e9rents b\u00e2timents de soins par un syst\u00e8me d\u2019aspiration pneumatique positionn\u00e9 \u00e0 chaque \u00e9tage. Cette zone collecte \u00e9galement tous les d\u00e9chets assimilables aux ordures m\u00e9nag\u00e8res et les recyclables. Enfin, une zone courrier et reprographie, ainsi qu&rsquo;une zone de stockage de produits d\u00e9di\u00e9s aux situations sanitaires exceptionnelles, ont \u00e9galement \u00e9t\u00e9 int\u00e9gr\u00e9es au projet.<\/p>\n<p>\u00a0<\/p>\n<p>Ces\u00a0nouveaux b\u00e2timents, con\u00e7us avec\u00a0une double exigence \u00ab d&rsquo;efficacit\u00e9 fonctionnelle et d&rsquo;exemplarit\u00e9 \u00e9cologique \u00bb, seront interconnect\u00e9s \u00e0 la plateforme logistique h\u00f4teli\u00e8re gr\u00e2ce \u00e0 la construction d\u2019une galerie souterraine de 350m de long, o\u00f9 un transport AGV permettra l\u2019acheminement des flux.\u00a0\u00c0 travers cette organisation, le CHU \u00ab entend aller vers une standardisation des pratiques logistiques d\u00e9clin\u00e9e et adapt\u00e9e \u00e0 chaque b\u00e2timent\u00a0\u00bb.\u00a0Ces travaux d&rsquo;envergure, dans le montant atteint 21 millions d&rsquo;euros et 7,75 millions d&rsquo;euros d\u2019\u00e9quipements, ont \u00e9t\u00e9 r\u00e9alis\u00e9s par le groupement TLR architecture &amp; Associ\u00e9s. Enfin, \u00e9volutive, la plateforme du CHU de Rennes pourra accueillir \u00e0 terme de nouvelles fonctions logistiques.<\/p>\n<p>\u00a0<\/p>\n<p>\u00a0<\/p>\n<p>\u00c0 lire \u00e9galement :\u00a0<a href=\"https:\/\/www.voxlog.fr\/actualite\/9221\/idea-optimise-la-logistique-du-chantier-hospitalier-du-chu-de-nantes-pour-vinci-construction\" target=\"_blank\" rel=\"nofollow noopener\">Idea optimise la logistique du chantier hospitalier du CHU de Nantes pour Vinci Construction<\/a><\/p>\n<p>\u00a0<\/p>\n<p>\u00a0<\/p>\n<p>\u00a0<\/p>\n<p>\u00a0<\/p>\n<p class=\"p2\" style=\"font-variant-numeric: normal; font-variant-east-asian: normal; font-variant-alternates: normal; font-size-adjust: none; font-kerning: auto; font-optical-sizing: auto; font-feature-settings: normal; font-variation-settings: normal; font-variant-position: normal; font-variant-emoji: normal; font-stretch: normal; font-size: 10px; line-height: normal; font-family: Helvetica; color: #205768;\">\u00a0<strong>d\u2019une plateforme logistique (PLA) de 6 200 m\u00b2\u00a0<\/strong><\/p>\n","protected":false},"excerpt":{"rendered":"Dans le cadre de son nouveau sch\u00e9ma directeur immobilier et pour r\u00e9pondre au vieillissement de l\u2019infrastructure logistique de&hellip;\n","protected":false},"author":2,"featured_media":629593,"comment_status":"","ping_status":"","sticky":false,"template":"","format":"standard","meta":{"footnotes":""},"categories":[2821],"tags":[1111,11,73889,829,52462,1777,674,1011,27,73888,12,584,25,71,2803],"class_list":{"0":"post-629592","1":"post","2":"type-post","3":"status-publish","4":"format-standard","5":"has-post-thumbnail","7":"category-rennes","8":"tag-actu","9":"tag-actualites","10":"tag-agv","11":"tag-bretagne","12":"tag-chu-rennes","13":"tag-eu","14":"tag-europe","15":"tag-fr","16":"tag-france","17":"tag-logistique-hospitaliere","18":"tag-news","19":"tag-rennes","20":"tag-republique-francaise","21":"tag-sante","22":"tag-transport"},"share_on_mastodon":{"url":"https:\/\/pubeurope.com\/@fr\/115807908265275815","error":""},"_links":{"self":[{"href":"https:\/\/www.europesays.com\/fr\/wp-json\/wp\/v2\/posts\/629592","targetHints":{"allow":["GET"]}}],"collection":[{"href":"https:\/\/www.europesays.com\/fr\/wp-json\/wp\/v2\/posts"}],"about":[{"href":"https:\/\/www.europesays.com\/fr\/wp-json\/wp\/v2\/types\/post"}],"author":[{"embeddable":true,"href":"https:\/\/www.europesays.com\/fr\/wp-json\/wp\/v2\/users\/2"}],"replies":[{"embeddable":true,"href":"https:\/\/www.europesays.com\/fr\/wp-json\/wp\/v2\/comments?post=629592"}],"version-history":[{"count":0,"href":"https:\/\/www.europesays.com\/fr\/wp-json\/wp\/v2\/posts\/629592\/revisions"}],"wp:featuredmedia":[{"embeddable":true,"href":"https:\/\/www.europesays.com\/fr\/wp-json\/wp\/v2\/media\/629593"}],"wp:attachment":[{"href":"https:\/\/www.europesays.com\/fr\/wp-json\/wp\/v2\/media?parent=629592"}],"wp:term":[{"taxonomy":"category","embeddable":true,"href":"https:\/\/www.europesays.com\/fr\/wp-json\/wp\/v2\/categories?post=629592"},{"taxonomy":"post_tag","embeddable":true,"href":"https:\/\/www.europesays.com\/fr\/wp-json\/wp\/v2\/tags?post=629592"}],"curies":[{"name":"wp","href":"https:\/\/api.w.org\/{rel}","templated":true}]}}