{"id":629600,"date":"2025-12-30T09:56:18","date_gmt":"2025-12-30T09:56:18","guid":{"rendered":"https:\/\/www.europesays.com\/fr\/629600\/"},"modified":"2025-12-30T09:56:18","modified_gmt":"2025-12-30T09:56:18","slug":"pourquoi-logc-nice-a-fait-le-choix-du-retour-de-claude-puel","status":"publish","type":"post","link":"https:\/\/www.europesays.com\/fr\/629600\/","title":{"rendered":"Pourquoi l\u2019OGC Nice a fait le choix du retour de Claude Puel"},"content":{"rendered":"<p class=\"fs-5 \">L\u2019union fait la force dit le proverbe. Le <strong>Gym <\/strong>a v\u00e9rifi\u00e9 combien l\u2019inverse peut \u00eatre vrai aussi sur ce d\u00e9but de saison rat\u00e9.<\/p>\n<p class=\"fs-5 \">Le trio <strong>Bocquet-Maurice-Haise<\/strong> s\u2019\u00e9tait tellement divis\u00e9 qu\u2019il n\u2019avait plus d\u2019autorit\u00e9 sur un effectif suffisamment d\u00e9mobilis\u00e9 pour battre des records de m\u00e9diocrit\u00e9.<\/p>\n<p class=\"fs-5 \">Apr\u00e8s la t\u00eate du club, le responsable technique du vestiaire a trinqu\u00e9 la semaine suivante.<\/p>\n<p class=\"fs-5 \">Nice avait enfin <a href=\"https:\/\/www.nicematin.com\/sports\/football\/l-ogc-nice-vient-difficilement-a-bout-de-saint-etienne-l2-et-se-qualifie-pour-les-16es-de-finale-de-la-coupe-de-france-10661801\" target=\"_blank\" rel=\"noopener\">gagn\u00e9 un match contre Saint-Etienne<\/a>, mais <a href=\"https:\/\/www.nicematin.com\/sports\/football\/je-ne-l-aurais-pas-gere-de-la-meme-facon-jean-pierre-rivere-revient-sur-la-gestion-de-l-ogc-nice-en-pleine-crise-par-fabrice-bocquet-10660678\" target=\"_blank\" rel=\"noopener\">Jean-Pierre Riv\u00e8re avait surtout constat\u00e9 tout ce que le club avait perdu \u00e0 l\u2019abri du vestiaire<\/a>.<\/p>\n<p class=\"fs-5 \">Dans les attitudes, chez un entra\u00eeneur qui n\u2019\u00e9tait plus entra\u00eenant pour ses joueurs.<\/p>\n<p class=\"fs-5 \">\u00ab\u00a0Le mal est plus profond que je ne l\u2019imaginais de l\u2019ext\u00e9rieur\u00a0\u00bb, a rembobin\u00e9 ce lundi 29\u00a0d\u00e9cembre le pr\u00e9sident pour expliquer le coup de fil de No\u00ebl particulier qu\u2019a re\u00e7u Franck Haise.<\/p>\n<p class=\"fs-5 \">\u00ab\u00a0Nous avons eu une discussion tr\u00e8s humaine, tr\u00e8s franche avec Franck, avec pour seul objectif l\u2019int\u00e9r\u00eat du club. Pour aboutir \u00e0 la conclusion qu\u2019on \u00e9tait arriv\u00e9 \u00e0 la fin d\u2019une histoire. \u00a0\u00bb<\/p>\n<p>        <img src=\"https:\/\/www.europesays.com\/fr\/wp-content\/uploads\/2025\/12\/62d54ec_upload-1-yw91bhhpph6k-whatsapp-image-2025-12-29-at-12-45-14.jpeg\"   loading=\"lazy\" decoding=\"async\" alt=\"\" class=\"img-fluid position-absolute w-100 object-fit-cover rounded-2\" width=\"600\" height=\"400\"\/><\/p>\n<p class=\"fs-5 \">Cinq mois pour redresser une telle situation, c\u2019est peu. Il fallait faire vite et viser juste pour le bin\u00f4me Riv\u00e8re-Cohen.<\/p>\n<p class=\"fs-5 \">Les dossiers d\u2019<strong>Antoine Kombouar\u00e9<\/strong> ou <strong>Fr\u00e9d\u00e9ric Antonetti<\/strong> ont \u00e9t\u00e9 \u00e9voqu\u00e9s mais celui de <a href=\"https:\/\/www.nicematin.com\/sports\/football\/claude-puel-est-officiellement-le-nouvel-entraineur-de-l-ogc-nice-10662572\" target=\"_blank\" rel=\"noopener\">Claude Puel cochait toutes les cases<\/a>, surtout celle de la connaissance des hommes et de la maison.<\/p>\n<p class=\"fs-5 \">\u00ab\u00a0J\u2019ai eu C\u00e9sar Arghirudis (adjoint en charge de l\u2019analyse du jeu) et Julien Sabl\u00e9 (adjoint) \u00e0 Saint-Etienne, j\u2019ai connu Beno\u00eet Delaval (directeur de la performance) \u00e0 Lille, et Florian Maurice, je lui ai mis un peu le pied \u00e0 l\u2019\u00e9trier \u00e0 Lyon en tant que recruteur. \u00a0\u00bb<\/p>\n<p class=\"fs-5 \">Une proximit\u00e9 d\u00e9j\u00e0 b\u00e9n\u00e9fique puisque Claude Puel a appuy\u00e9 <a href=\"https:\/\/www.nicematin.com\/sports\/football\/arnaud-kalimuendo-elye-wahi-l-ogc-nice-n-a-plus-le-droit-a-l-erreur-dans-ce-mercato-d-hiver-10661934\" target=\"_blank\" rel=\"noopener\">les d\u00e9sirs de mercato de son directeur sportif aupr\u00e8s d\u2019Elye Wahi <\/a>et l\u2019accord entre le Gym et <strong>Francfort<\/strong> autour des modalit\u00e9s du pr\u00eat semblaient ce lundi l\u2019ultime rempart \u00e0 l\u2019arriv\u00e9e de l\u2019avant-centre sur la <strong>C\u00f4te d\u2019Azur<\/strong>.<\/p>\n<p class=\"fs-5 \">Au-del\u00e0 des \u00e9ventuels arrivants, Puel a d\u00e9but\u00e9 sa mission aupr\u00e8s des 23 joueurs, dont neuf jeunes, qui ont repris l\u2019entra\u00eenement lundi.<\/p>\n<p class=\"fs-5 \">Parce que \u00ab\u00a0le terrain doit prendre la plus grande importance\u00a0\u00bb selon lui, sa liste des devoirs est longue\u00a0: \u00ab\u00a0redonner confiance\u00a0\u00bb, \u00ab\u00a0f\u00e9d\u00e9rer\u00a0\u00bb, \u00ab\u00a0rendre collective l\u2019expression individuelle\u00a0\u00bb, \u00ab\u00a0accompagner\u00a0\u00bb, \u00ab\u00a0faire percevoir les bienfaits d\u2019une homog\u00e9n\u00e9it\u00e9\u00a0\u00bb, \u00ab\u00a0donner un cadre qui permet d\u2019exprimer ses qualit\u00e9s, sa cr\u00e9ativit\u00e9\u00a0\u00bb&#8230;<\/p>\n<p class=\"fs-5 \">\u00ab\u00a0Quand tu fais le tour du v\u00e9cu de Claude Puel et le parall\u00e8le avec la situation actuelle du club, tu ne peux que rejoindre la d\u00e9cision du pr\u00e9sident de le rappeler,\u00a0\u00bb r\u00e9agit Romain Genevois, recrut\u00e9 en 2012 par Claude Puel (photo ci-dessous).<\/p>\n<p>        <img decoding=\"async\" src=\"https:\/\/www.europesays.com\/fr\/wp-content\/uploads\/2025\/12\/ARTVIEW-10662649-ORIG-4d67642_upload-1-sjnyjoq8tpnp-image-maxmatinnews218610-small.jpg\" class=\"figure-img img-fluid rounded\" alt=\"En 2012, Romain Genevois \u00e9tait recrut\u00e9 par Claude Puel.\"\/><\/p>\n<p>                                    En 2012, Romain Genevois \u00e9tait recrut\u00e9 par Claude Puel. <br \/>Photo Fran\u00e7ois Vignola<\/p>\n<p class=\"fs-5 \">\u00ab\u00a0Il avait r\u00e9ussi sa premi\u00e8re mission au club. Alors pourquoi pas r\u00e9parer et reconsolider les fondations avec celui qui les avait pos\u00e9es\u00a0? \u00a0\u00bb<\/p>\n<p>                                                                                Un atout pour les supporterset l\u2019\u00e9mergence de joueurs<\/p>\n<p class=\"fs-5 \">L\u2019\u00e9chec de <strong>Lucien Favre<\/strong> montre qu\u2019un retour n\u2019est pas toujours gagnant mais \u00ab\u00a0le contexte est diff\u00e9rent\u00a0\u00bb assure un ex-collaborateur du technicien suisse, victime des errements d\u2019<strong>INEOS<\/strong> et <strong>Dave Brailsford<\/strong>.<\/p>\n<p class=\"fs-5 \"><strong>Jim Ratcliffe<\/strong> a cette fois donn\u00e9 carte blanche \u00e0 Jean-Pierre Riv\u00e8re et <strong>Maurice Cohen<\/strong> et le bin\u00f4me a redistribu\u00e9 les r\u00f4les en dix jours apr\u00e8s un chaos de cinq mois.<\/p>\n<p class=\"fs-5 \">\u00c0 l\u2019image de la <strong>Populaire Sud<\/strong>, qui attend plus de garanties pour<a href=\"https:\/\/www.nicematin.com\/sports\/football\/la-populaire-sud-boycottera-les-prochains-matchs-de-l-ogc-nice-10659566\" target=\"_blank\" rel=\"noopener\"> mettre fin au boycott<\/a> apr\u00e8s la premi\u00e8re entrevue positive organis\u00e9e peu avant <strong>No\u00ebl<\/strong>, il est trop t\u00f4t pour mesurer les bienfaits des <a href=\"https:\/\/www.nicematin.com\/sports\/football\/personne-n-est-dupe-la-fin-de-la-serie-noire-ne-suffit-pas-a-lever-les-questions-autour-de-l-ogc-nice-10661846#:~:text=%C2%AB%20On%20va%20retenir%20la%20qualification,adversaire%20en%20fin%20de%20match.\" target=\"_blank\" rel=\"noopener\">op\u00e9rations mais \u00ab\u00a0l\u2019\u00e9lectrochoc\u00a0\u00bb longtemps \u00e9voqu\u00e9 par Franck Haise \u00e9tait in\u00e9luctable.<\/a><\/p>\n<p class=\"fs-5 \">Claude Puel n\u2019a pas vu les derniers matchs du Gym et revient dans le foot apr\u00e8s une pause de quatre ans mais il compte sur les ressources d\u2019un staff d\u00e9sormais pl\u00e9thorique &#8211; ils \u00e9taient quatre fois moins en 2012 &#8211; et cite le Ni\u00e7ois <strong>Eric Roy<\/strong> en exemple pour d\u00e9montrer que tous les come-back sont possibles.<\/p>\n<p class=\"fs-5 \">\u00c0 64 ans, le coach pr\u00f4nera toujours le beau jeu, la r\u00e9compense du travail et du talent peu importe l\u2019\u00e2ge, ce qui peut \u00eatre favorable \u00e0 des jeunes comme <strong>Gabin Bernardeau<\/strong> et <strong>Djibril Coulibaly<\/strong>.<\/p>\n<p class=\"fs-5 \">Lundi il a aussi \u00e9voqu\u00e9 \u00ab\u00a0l\u2019entra\u00eenement \u00e0 la carte\u00a0\u00bb pour r\u00e9tablir \u00ab\u00a0un effectif bancal\u00a0\u00bb et raviver le souvenir de sa gestion particuli\u00e8re avec <strong>Kevin Anin<\/strong> (2012-13) ou <strong>Hatem Ben Arfa<\/strong> (2015-16).<\/p>\n<p class=\"fs-5 \">Une carte \u00e0 jouer pour<strong> Tanguy Ndombele<\/strong>, talent hors norme mais hors de forme depuis des mois.<\/p>\n","protected":false},"excerpt":{"rendered":"L\u2019union fait la force dit le proverbe. Le Gym a v\u00e9rifi\u00e9 combien l\u2019inverse peut \u00eatre vrai aussi sur&hellip;\n","protected":false},"author":2,"featured_media":629601,"comment_status":"","ping_status":"","sticky":false,"template":"","format":"standard","meta":{"footnotes":""},"categories":[2819],"tags":[1111,11,1777,674,1011,27,12,2401,54521,882,25],"class_list":{"0":"post-629600","1":"post","2":"type-post","3":"status-publish","4":"format-standard","5":"has-post-thumbnail","7":"category-nice","8":"tag-actu","9":"tag-actualites","10":"tag-eu","11":"tag-europe","12":"tag-fr","13":"tag-france","14":"tag-news","15":"tag-nice","16":"tag-ogcnice","17":"tag-provence-alpes-cote-dazur","18":"tag-republique-francaise"},"share_on_mastodon":{"url":"https:\/\/pubeurope.com\/@fr\/115807924133318103","error":""},"_links":{"self":[{"href":"https:\/\/www.europesays.com\/fr\/wp-json\/wp\/v2\/posts\/629600","targetHints":{"allow":["GET"]}}],"collection":[{"href":"https:\/\/www.europesays.com\/fr\/wp-json\/wp\/v2\/posts"}],"about":[{"href":"https:\/\/www.europesays.com\/fr\/wp-json\/wp\/v2\/types\/post"}],"author":[{"embeddable":true,"href":"https:\/\/www.europesays.com\/fr\/wp-json\/wp\/v2\/users\/2"}],"replies":[{"embeddable":true,"href":"https:\/\/www.europesays.com\/fr\/wp-json\/wp\/v2\/comments?post=629600"}],"version-history":[{"count":0,"href":"https:\/\/www.europesays.com\/fr\/wp-json\/wp\/v2\/posts\/629600\/revisions"}],"wp:featuredmedia":[{"embeddable":true,"href":"https:\/\/www.europesays.com\/fr\/wp-json\/wp\/v2\/media\/629601"}],"wp:attachment":[{"href":"https:\/\/www.europesays.com\/fr\/wp-json\/wp\/v2\/media?parent=629600"}],"wp:term":[{"taxonomy":"category","embeddable":true,"href":"https:\/\/www.europesays.com\/fr\/wp-json\/wp\/v2\/categories?post=629600"},{"taxonomy":"post_tag","embeddable":true,"href":"https:\/\/www.europesays.com\/fr\/wp-json\/wp\/v2\/tags?post=629600"}],"curies":[{"name":"wp","href":"https:\/\/api.w.org\/{rel}","templated":true}]}}