{"id":629602,"date":"2025-12-30T09:57:29","date_gmt":"2025-12-30T09:57:29","guid":{"rendered":"https:\/\/www.europesays.com\/fr\/629602\/"},"modified":"2025-12-30T09:57:29","modified_gmt":"2025-12-30T09:57:29","slug":"du-service-civique-a-lentreprise-de-nantes-au-senegal-mille-destins-de-jeunes-accompagnes","status":"publish","type":"post","link":"https:\/\/www.europesays.com\/fr\/629602\/","title":{"rendered":"Du service civique \u00e0 l\u2019entreprise, de Nantes au S\u00e9n\u00e9gal\u00a0: mille destins de jeunes accompagn\u00e9s"},"content":{"rendered":"<p>En 2015, <a href=\"https:\/\/nantes.maville.com\/actu\/actudet_-nantes.-davis-moukala-l-enfant-du-quartier-devenu-un-exemple-_8-5007580_actu.Htm\" target=\"_blank\" rel=\"noopener\">Davis Moukala<\/a> et un groupe de militants des Dervalli\u00e8res, \u00e0 Nantes (Loire-Atlantique), constatant qu\u2019on parle surtout des difficult\u00e9s des jeunes des quartiers et non de leurs r\u00e9ussites, ont cr\u00e9\u00e9 l\u2019association R\u00e9silience Factory. L\u2019objectif\u00a0: \u00a0Accompagner les 18-30 ans dans leur recherche\u00a0d\u2019autonomie, via la mise en\u00a0\u0153uvre de leurs projets, en s\u2019appuyant principalement sur trois leviers\u00a0: la culture, le sport et l\u2019emploi, explique Davis Moukala, pr\u00e9sident de l\u2019association. Avec l\u2019id\u00e9e de favoriser leur inclusion sociale.\u00a0<\/p>\n<p><strong>Lire aussi\u00a0:<\/strong> <a href=\"https:\/\/nantes.maville.com\/actu\/actudet_-le-surf-prend-la-vague-de-la-democratisation-avec-le-projet-les-robins-des-vagues-_52716-6808632_actu.Htm\" target=\"_blank\" rel=\"noopener\">Le surf prend la vague de la d\u00e9mocratisation, avec le projet Les Robins des vagues accompagn\u00e9 par R\u00e9silience Factory<\/a><\/p>\n<p>Dix ans plus tard, le pr\u00e9sident de R\u00e9silience Factory, qui souligne \u00a0l\u2019\u00e9nergie de cet incubateur social\u00a0, dresse le bilan. Car \u00e0 c\u00f4t\u00e9 de cet anniversaire, on c\u00e9l\u00e8bre aussi la milli\u00e8me d\u00e9marche solidaire. \u00a0Nous avons accompagn\u00e9 des jeunes en service civique, trouv\u00e9 des stages scolaires ou en universit\u00e9, \u00e9paul\u00e9 des cr\u00e9ateurs d\u2019entreprise, organis\u00e9 ensemble des manifestations sportives et culturelles\u2026\u00a0 \u00e9num\u00e8re Davis Moukala.<\/p>\n<p>112\u00a0\u00e9v\u00e9nements dans des quartiers nantais<\/p>\n<p>Il poursuit\u00a0: \u00a0L\u2019association a guid\u00e9 des jeunes dans leurs d\u00e9placements \u00e0 Londres, Bruxelles, en Cor\u00e9e, au S\u00e9n\u00e9gal, dans le cadre de leurs projets ambitieux. R\u00e9silience Factory a \u00e9galement organis\u00e9 112\u00a0\u00e9v\u00e9nements dans les diff\u00e9rents quartiers de Nantes, procur\u00e9 cinquante\u00a0ordinateurs \u00e0 des familles d\u00e9munies en p\u00e9riode Covid dans le cadre de son dispositif R\u00e9ussite pur tous.\u00a0 Et cette liste est loin d\u2019\u00eatre exhaustive. Djamel Debouze a remis \u00e0 R\u00e9silience Factory le titre de Meilleure association de France\u00a0en 2021.<\/p>\n<p>Dernier ajout au bout de ce bordereau solidaire, le projet de Ranya Barkallah, 16\u00a0ans, en classe de premi\u00e8re bac pro\u00a0: la milli\u00e8me b\u00e9n\u00e9ficiaire. Au sein de R\u00e9silience Factory, comme un clin d\u2019\u0153il. \u00a0Je termine un stage de quatre semaines, explique-t-elle, pour valider mon ann\u00e9e scolaire. J\u2019ai \u00e9t\u00e9 charg\u00e9e de missions vari\u00e9es\u00a0: mettre \u00e0 jour la base de donn\u00e9es de l\u2019association, conseiller d\u2019autres jeunes dans ma situation, comprendre le fonctionnement du site administratif de Nantes m\u00e9tropole. J\u2019ai effectu\u00e9 un reportage radio\u2026\u00a0 Cette exp\u00e9rience, reconna\u00eet-elle, a compl\u00e9t\u00e9 sa formation th\u00e9orique et a renforc\u00e9 sa motivation pour poursuivre ses \u00e9tudes.<\/p>\n<p>Se focaliser sur les moins de 18\u00a0ans<\/p>\n<p>Et l\u2019avenir de R\u00e9silience Factory\u00a0? Davis Moukala juge le bilan \u00a0positif\u00a0 tout en admettant \u00a0pouvoir faire mieux\u00a0. Comment\u00a0?\u00a0\u00c0 partir de septembre\u00a02026, on va accompagner uniquement les moins de 18\u00a0ans, insiste-t-il, ceux qui ont le plus besoin de nous, aupr\u00e8s de qui on peut \u00eatre le plus efficace, tout en d\u00e9veloppant leur esprit civique.\u00a0<\/p>\n<p><strong>Contact.<\/strong> resilienceassociation@gmail.com<\/p>\n<p>\u00a0<\/p>\n","protected":false},"excerpt":{"rendered":"En 2015, Davis Moukala et un groupe de militants des Dervalli\u00e8res, \u00e0 Nantes (Loire-Atlantique), constatant qu\u2019on parle surtout&hellip;\n","protected":false},"author":2,"featured_media":629603,"comment_status":"","ping_status":"","sticky":false,"template":"","format":"standard","meta":{"footnotes":""},"categories":[2818],"tags":[39583,1111,11,73890,18475,257,1777,674,53730,1011,27,4074,44942,766,12,2636,25,30815,6689,880,3737,9693],"class_list":{"0":"post-629602","1":"post","2":"type-post","3":"status-publish","4":"format-standard","5":"has-post-thumbnail","7":"category-nantes","8":"tag-accompagnes","9":"tag-actu","10":"tag-actualites","11":"tag-civique","12":"tag-destins","13":"tag-entreprise","14":"tag-eu","15":"tag-europe","16":"tag-factory","17":"tag-fr","18":"tag-france","19":"tag-jeunes","20":"tag-mille","21":"tag-nantes","22":"tag-news","23":"tag-pays-de-la-loire","24":"tag-republique-francaise","25":"tag-resilience","26":"tag-roche","27":"tag-senegal","28":"tag-service","29":"tag-yon"},"share_on_mastodon":{"url":"https:\/\/pubeurope.com\/@fr\/115807927940513981","error":""},"_links":{"self":[{"href":"https:\/\/www.europesays.com\/fr\/wp-json\/wp\/v2\/posts\/629602","targetHints":{"allow":["GET"]}}],"collection":[{"href":"https:\/\/www.europesays.com\/fr\/wp-json\/wp\/v2\/posts"}],"about":[{"href":"https:\/\/www.europesays.com\/fr\/wp-json\/wp\/v2\/types\/post"}],"author":[{"embeddable":true,"href":"https:\/\/www.europesays.com\/fr\/wp-json\/wp\/v2\/users\/2"}],"replies":[{"embeddable":true,"href":"https:\/\/www.europesays.com\/fr\/wp-json\/wp\/v2\/comments?post=629602"}],"version-history":[{"count":0,"href":"https:\/\/www.europesays.com\/fr\/wp-json\/wp\/v2\/posts\/629602\/revisions"}],"wp:featuredmedia":[{"embeddable":true,"href":"https:\/\/www.europesays.com\/fr\/wp-json\/wp\/v2\/media\/629603"}],"wp:attachment":[{"href":"https:\/\/www.europesays.com\/fr\/wp-json\/wp\/v2\/media?parent=629602"}],"wp:term":[{"taxonomy":"category","embeddable":true,"href":"https:\/\/www.europesays.com\/fr\/wp-json\/wp\/v2\/categories?post=629602"},{"taxonomy":"post_tag","embeddable":true,"href":"https:\/\/www.europesays.com\/fr\/wp-json\/wp\/v2\/tags?post=629602"}],"curies":[{"name":"wp","href":"https:\/\/api.w.org\/{rel}","templated":true}]}}