{"id":629604,"date":"2025-12-30T09:58:15","date_gmt":"2025-12-30T09:58:15","guid":{"rendered":"https:\/\/www.europesays.com\/fr\/629604\/"},"modified":"2025-12-30T09:58:15","modified_gmt":"2025-12-30T09:58:15","slug":"un-milieu-alsacien-sur-les-tablettes-du-fc-nantes","status":"publish","type":"post","link":"https:\/\/www.europesays.com\/fr\/629604\/","title":{"rendered":"Un milieu alsacien sur les tablettes du FC Nantes !"},"content":{"rendered":"<p>                                            Publi\u00e9 le 30\/12\/2025 \u00e0 08h46<br \/>\n                                                                                3 minutes de lecture\n                                                                    <\/p>\n<p>F\u00e9ru de sport et plus particuli\u00e8rement de ballon rond depuis ma plus tendre enfance.<\/p>\n<p>                                            Lire la suite<\/p>\n<p>Le mercato hivernal du FC Nantes prend une tournure d\u00e9cisive avec l\u00a0\u00bbidentification d&rsquo;une cible prioritaire pour renforcer l&rsquo;entrejeu. Apr\u00e8s l&rsquo;\u00e9chec des n\u00e9gociations avec <strong>Morgan Sanson<\/strong>, la direction nantaise men\u00e9e par <strong>Waldemar Kita<\/strong> a rapidement r\u00e9orient\u00e9 sa strat\u00e9gie vers un profil prometteur \u00e9voluant en Ligue 1. Cette qu\u00eate urgente de renforts au milieu de terrain s&rsquo;inscrit dans une logique de reconstruction de l&rsquo;effectif, particuli\u00e8rement n\u00e9cessaire pour apporter de la concurrence et de la qualit\u00e9 dans un secteur de jeu crucial. Les Canaris semblent avoir trouv\u00e9 leur perle rare du c\u00f4t\u00e9 de l&rsquo;Alsace, o\u00f9 un jeune talent de <strong>22 ans<\/strong> attire d\u00e9sormais toutes les convoitises. L&rsquo;op\u00e9ration envisag\u00e9e s&rsquo;articule autour d&rsquo;un montage financier astucieux qui permettrait au club de la Beaujoire de se renforcer sans d\u00e9s\u00e9quilibrer sa masse salariale, tout en offrant des perspectives d&rsquo;\u00e9volution int\u00e9ressantes au joueur cibl\u00e9.<\/p>\n<p>                                <img decoding=\"async\" src=\"https:\/\/www.europesays.com\/fr\/wp-content\/uploads\/2025\/04\/1744123449_543_logo.png\" alt=\"Logo\"\/><\/p>\n<p>100\u20ac offerts sur ton 1er pari !<\/p>\n<p>                            <a href=\"https:\/\/www.score.fr\/redirection\/1\/\" class=\"headband-button\" target=\"_blank\" rel=\"noopener\">J&rsquo;en profite<\/a><\/p>\n<p>                                                                <img loading=\"lazy\" decoding=\"async\" src=\"https:\/\/www.europesays.com\/fr\/wp-content\/uploads\/2025\/12\/mercato-strasbourg-un-milieu-alsacien-sur-les-tablettes-du-fc-nantes.jpg\" alt=\"Illustration : &quot;Mercato Strasbourg : Un milieu alsacien sur les tablettes du FC Nantes !&quot;\" class=\"figure-img img-fluid\" width=\"780\" height=\"478\"\/><\/p>\n<p>                                    \u00a9 Site officiel du RC Strasbourg                                <\/p>\n<p>F\u00e9lix Lemar\u00e9chal, la nouvelle priorit\u00e9 nantaise<\/p>\n<p>Selon les informations exclusives, <strong>F\u00e9lix Lemar\u00e9chal<\/strong> du RC Strasbourg figure d\u00e9sormais tout en haut de la short-list du FC Nantes pour ce mercato hivernal. Le milieu de terrain alsacien repr\u00e9sente le profil id\u00e9al recherch\u00e9 par les dirigeants nantais, combinant jeunesse, exp\u00e9rience de la Ligue 1 et potentiel de d\u00e9veloppement. L&rsquo;option privil\u00e9gi\u00e9e par le FCN s&rsquo;oriente vers <strong>un pr\u00eat d\u00e8s cet hiver<\/strong>, une formule jug\u00e9e optimale pour apporter rapidement de la qualit\u00e9 et de la concurrence dans l&rsquo;entrejeu sans impacter n\u00e9gativement les finances du club. Cette strat\u00e9gie s&rsquo;inscrit dans une approche pragmatique du mercato, permettant d&rsquo;\u00e9valuer les capacit\u00e9s du joueur sur une p\u00e9riode d\u00e9termin\u00e9e avant d&rsquo;envisager un \u00e9ventuel transfert d\u00e9finitif. Du c\u00f4t\u00e9 strasbourgeois, les discussions sont bien engag\u00e9es et les n\u00e9gociations avancent dans le bon sens, sans accord final, laissant entrevoir des perspectives encourageantes pour la finalisation de cette op\u00e9ration complexe.<\/p>\n<p>Strasbourg pose ses conditions pour le d\u00e9part<\/p>\n<p>Le RC Strasbourg ne ferme pas totalement la porte \u00e0 un d\u00e9part temporaire de son milieu de terrain, mais assortit cette ouverture de conditions pr\u00e9cises et non n\u00e9gociables. Le club alsacien accepterait d&rsquo;envisager le pr\u00eat de Lemar\u00e9chal \u00e0 une condition claire : <strong>une prolongation pr\u00e9alable de son contrat<\/strong>. Cette exigence s&rsquo;accompagne d&rsquo;une proposition concr\u00e8te transmise au joueur, bas\u00e9e sur un engagement de <strong>deux ann\u00e9es suppl\u00e9mentaires<\/strong>, assorti d&rsquo;une nette revalorisation salariale particuli\u00e8rement attractive. Le RCSA lui offre un salaire mensuel estim\u00e9 \u00e0 <strong>90 000 euros<\/strong>, contre environ <strong>60 000 euros<\/strong> actuellement, repr\u00e9sentant une augmentation substantielle de ses \u00e9moluments. Cette marque de confiance financi\u00e8re t\u00e9moigne de l&rsquo;estime port\u00e9e au joueur par sa direction, m\u00eame si elle ne suffit pas encore \u00e0 emporter d\u00e9finitivement sa d\u00e9cision. La strat\u00e9gie strasbourgeoise vise \u00e0 s\u00e9curiser l&rsquo;avenir du joueur tout en s&rsquo;ouvrant la possibilit\u00e9 de le r\u00e9cup\u00e9rer \u00e0 l&rsquo;issue du pr\u00eat, cr\u00e9ant ainsi un montage gagnant-gagnant pour toutes les parties impliqu\u00e9es.<\/p>\n<p>Un joueur en r\u00e9flexion face \u00e0 son avenir<\/p>\n<p>\u00c0 ce jour, F\u00e9lix Lemar\u00e9chal demeure en phase de r\u00e9flexion concernant son avenir, pesant soigneusement les diff\u00e9rentes options qui s&rsquo;offrent \u00e0 lui. Selon les informations recueillies, le milieu strasbourgeois n&rsquo;aurait pas forc\u00e9ment appr\u00e9ci\u00e9 sa r\u00e9cente perte de statut, notamment le fait d&rsquo;\u00eatre pass\u00e9 derri\u00e8re <strong>Valentin Barco<\/strong> dans la hi\u00e9rarchie \u00e9tablie par son entra\u00eeneur. Ce choix sportif s&rsquo;av\u00e8re difficile \u00e0 encaisser pour le joueur, m\u00eame si l&rsquo;Argentin d\u00e9montre des performances convaincantes dans l&rsquo;entrejeu du RCSA. Cette situation d\u00e9licate pourrait finalement jouer en faveur du FC Nantes, qui se positionne \u00e9galement sur la piste <strong>Zakaria Aboukhlal<\/strong> et semble pr\u00eat \u00e0 offrir du temps de jeu garanti ainsi qu&rsquo;un r\u00f4le plus central \u00e0 Lemar\u00e9chal. Le dossier reste en cours de finalisation, n\u00e9cessitant encore de convaincre d\u00e9finitivement le joueur avant de boucler ce montage \u00e0 trois bandes particuli\u00e8rement complexe entre Nantes, Strasbourg et le joueur lui-m\u00eame.<\/p>\n<p><strong>Ce samedi 3 janvier, le RC Strasbourg se d\u00e9place \u00e0 Nice pour tenter de se rapprocher des places europ\u00e9ennes. Pour cette rencontre, profitez de 100\u20ac offerts pour votre premi\u00e8re inscription sur Parions Sport en Ligne.<\/strong><a href=\"https:\/\/www.score.fr\/redirection\/1\/\" target=\"_blank\" rel=\"noopener\"><strong> Une victoire du RC Strasbourg face \u00e0 Nice avec au moins un but de Panichelli vous rapporte jusqu\u2019\u00e0 370 \u20ac !<\/strong><\/a><\/p>\n<p><strong>Pour en profiter, c\u2019est tr\u00e8s simple :<\/strong><\/p>\n<p><strong>&#8211; Cr\u00e9ez votre compte joueur en seulement 2 \u00e9tapes <\/strong><a href=\"https:\/\/www.score.fr\/redirection\/1\/\" target=\"_blank\" rel=\"noopener\"><strong>ici<\/strong><\/a><\/p>\n<p><strong>&#8211; R\u00e9alisez votre 1er d\u00e9p\u00f4t puis placez votre 1er pari (Minimum 5\u20ac)<\/strong><\/p>\n<p><strong>&#8211; Une fois votre 1er d\u00e9p\u00f4t et votre 1er pari r\u00e9alis\u00e9s, l\u2019int\u00e9gralit\u00e9 du montant de ce 1er pari sera cr\u00e9dit\u00e9e sur votre compte joueur dans la limite de 100\u20ac maximum et sous la forme de cr\u00e9dits de jeu non retirables. Le cr\u00e9dit s\u2019effectuera alors en une seule \u00e9tape et sous 3 jours<\/strong><\/p>\n<p><strong>Jouer comporte des risques : endettement, d\u00e9pendance\u2026 Appelez le 09 74 75 13 13 (appel non surtax\u00e9)<\/strong><\/p>\n","protected":false},"excerpt":{"rendered":"Publi\u00e9 le 30\/12\/2025 \u00e0 08h46 3 minutes de lecture F\u00e9ru de sport et plus particuli\u00e8rement de ballon rond&hellip;\n","protected":false},"author":2,"featured_media":629605,"comment_status":"","ping_status":"","sticky":false,"template":"","format":"standard","meta":{"footnotes":""},"categories":[2818],"tags":[1111,11,1777,674,1011,27,766,12,2636,25],"class_list":{"0":"post-629604","1":"post","2":"type-post","3":"status-publish","4":"format-standard","5":"has-post-thumbnail","7":"category-nantes","8":"tag-actu","9":"tag-actualites","10":"tag-eu","11":"tag-europe","12":"tag-fr","13":"tag-france","14":"tag-nantes","15":"tag-news","16":"tag-pays-de-la-loire","17":"tag-republique-francaise"},"share_on_mastodon":{"url":"https:\/\/pubeurope.com\/@fr\/115807932005821540","error":""},"_links":{"self":[{"href":"https:\/\/www.europesays.com\/fr\/wp-json\/wp\/v2\/posts\/629604","targetHints":{"allow":["GET"]}}],"collection":[{"href":"https:\/\/www.europesays.com\/fr\/wp-json\/wp\/v2\/posts"}],"about":[{"href":"https:\/\/www.europesays.com\/fr\/wp-json\/wp\/v2\/types\/post"}],"author":[{"embeddable":true,"href":"https:\/\/www.europesays.com\/fr\/wp-json\/wp\/v2\/users\/2"}],"replies":[{"embeddable":true,"href":"https:\/\/www.europesays.com\/fr\/wp-json\/wp\/v2\/comments?post=629604"}],"version-history":[{"count":0,"href":"https:\/\/www.europesays.com\/fr\/wp-json\/wp\/v2\/posts\/629604\/revisions"}],"wp:featuredmedia":[{"embeddable":true,"href":"https:\/\/www.europesays.com\/fr\/wp-json\/wp\/v2\/media\/629605"}],"wp:attachment":[{"href":"https:\/\/www.europesays.com\/fr\/wp-json\/wp\/v2\/media?parent=629604"}],"wp:term":[{"taxonomy":"category","embeddable":true,"href":"https:\/\/www.europesays.com\/fr\/wp-json\/wp\/v2\/categories?post=629604"},{"taxonomy":"post_tag","embeddable":true,"href":"https:\/\/www.europesays.com\/fr\/wp-json\/wp\/v2\/tags?post=629604"}],"curies":[{"name":"wp","href":"https:\/\/api.w.org\/{rel}","templated":true}]}}