{"id":629606,"date":"2025-12-30T09:59:26","date_gmt":"2025-12-30T09:59:26","guid":{"rendered":"https:\/\/www.europesays.com\/fr\/629606\/"},"modified":"2025-12-30T09:59:26","modified_gmt":"2025-12-30T09:59:26","slug":"il-ny-a-pas-de-futur-pour-moi-en-cisjordanie","status":"publish","type":"post","link":"https:\/\/www.europesays.com\/fr\/629606\/","title":{"rendered":"\u00ab\u00a0Il n\u2019y a pas de futur pour moi en Cisjordanie\u00a0\u00bb"},"content":{"rendered":"<p>En septembre, la pr\u00e9fecture lui propose un entretien d\u2019assimilation. \u00ab\u00a0Il s\u2019est tr\u00e8s bien pass\u00e9, mon interlocutrice m\u2019a donn\u00e9 beaucoup d\u2019espoir\u00a0\u00bb, t\u00e9moigne la doctorante, qui semble avoir beaucoup d\u2019atouts plaidant en sa faveur. Elle parle un fran\u00e7ais excellent, est trilingue (anglais et arabe), bien int\u00e9gr\u00e9e dans sa ville et son campus du CHU de Bordeaux.<\/p>\n<p>Sa th\u00e8se, qu\u2019elle doit soutenir au printemps, porte sur \u00ab\u00a0la biogen\u00e8se d\u2019une enzyme cl\u00e9 du m\u00e9tabolisme \u00e9nerg\u00e9tique cellulaire\u00a0\u00bb, en lien avec la lutte contre les maladies g\u00e9n\u00e9tiques. \u00ab\u00a0L\u2019int\u00e9gration de Narda \u00e0 notre \u00e9quipe s\u2019est extr\u00eamement bien pass\u00e9e. C\u2019est une personne volontaire, scientifiquement comp\u00e9tente et d\u2019une aide pr\u00e9cieuse\u00a0\u00bb, \u00e9crit la directrice de son laboratoire dans une lettre port\u00e9e \u00e0 son dossier.<\/p>\n<p>Visa \u00e9tudiant bient\u00f4t expir\u00e9<\/p>\n<p>Mais fin octobre, un courrier adress\u00e9 \u00e0 Narda Ardah l\u2019informe que sa demande a \u00e9t\u00e9 retoqu\u00e9e, ou plut\u00f4t \u00ab\u00a0ajourn\u00e9e \u00e0 deux ans\u00a0\u00bb. Dans sa r\u00e9ponse, la pr\u00e9fecture semble consid\u00e9rer qu\u2019elle n\u2019est en France que depuis 2022\u00a0et que ses ressources ne sont pas garanties. \u00ab\u00a0J\u2019ai \u00e9t\u00e9 forc\u00e9e de revenir en Palestine de 2020\u00a0\u00e0 2022\u00a0en raison du Covid\u00a0\u00bb, explique la jeune femme, qui est titulaire d\u2019une bourse de recherche de 1\u00a0900\u00a0euros, cofinanc\u00e9e par le minist\u00e8re des Affaires \u00e9trang\u00e8res et son universit\u00e9 de rattachement d\u2019Anajah. Insuffisant\u00a0? \u00ab\u00a0Un contrat de travail aurait \u00e9t\u00e9 mieux. Mais ce n\u2019est pas mon choix.\u00a0\u00bb<\/p>\n<blockquote><p>\u00ab\u00a0D\u2019un c\u00f4t\u00e9, on nous dit que la France a besoin de chercheurs. De l\u2019autre, on fait tout pour nous d\u00e9courager de rester\u00a0\u00bb<\/p><\/blockquote>\n<p>Cette d\u00e9cision la met dans une situation p\u00e9rilleuse. \u00ab\u00a0Mon visa \u00e9tudiant expire en mars, lorsque j\u2019aurai soutenu ma th\u00e8se et je n\u2019ai aucune garantie qu\u2019il soit renouvel\u00e9.\u00a0\u00bb Une solution serait d\u2019\u00eatre recrut\u00e9e comme postdoctorante. Mais le seul passeport palestinien est un frein\u00a0: \u00ab\u00a0Je ne pourrai pas voyager hors de l\u2019Union europ\u00e9enne. Les laboratoires pr\u00e9f\u00e8rent employer des personnes plus mobiles\u00a0\u00bb, dit Narda Ardah, qui assure qu\u2019elle a une promesse d\u2019embauche orale, conditionn\u00e9e \u00e0 sa nationalit\u00e9 fran\u00e7aise. \u00ab\u00a0D\u2019un c\u00f4t\u00e9, on nous dit que la France a besoin de chercheurs. De l\u2019autre, on fait tout pour nous d\u00e9courager de rester.\u00a0\u00bb<\/p>\n<p>Durcissement<\/p>\n<p>Elle a d\u00e9pos\u00e9 un recours. \u00ab\u00a0Vu ses perspectives professionnelles et ses ressources, ma cliente avait tous les \u00e9l\u00e9ments pour l\u2019acquisition de la nationalit\u00e9\u00a0\u00bb, s\u2019\u00e9tonne Me\u00a0Thiam Khadim, son avocat, qui constate que ce cas particulier s\u2019inscrit dans un contexte de durcissement g\u00e9n\u00e9ral\u00a0: \u00ab\u00a0Je vois ces derniers mois une hausse significative des refus.\u00a0\u00bb<\/p>\n<p>Ceux-ci pourraient aussi s\u2019expliquer par une forme d\u2019attentisme de l\u2019administration. Au 1er\u00a0janvier 2026, de nouvelles dispositions s\u2019appliqueront pour les candidats \u00e0 la nationalit\u00e9 fran\u00e7aise. Il s\u2019agit de l<a href=\"https:\/\/www.sudouest.fr\/politique\/bruno-retailleau\/naturalisation-juste-avant-de-partir-bruno-retailleau-durcit-l-examen-civique-combien-de-francais-reussiraient-le-test-26363408.php\" target=\"_blank\" rel=\"noopener\">\u2019\u00ab\u00a0examen civique\u00a0\u00bb, sous la forme d\u2019un QCM, arr\u00eat\u00e9 par Bruno Retailleau<\/a> en octobre, ainsi que du rel\u00e8vement du niveau de fran\u00e7ais exig\u00e9 (de B1 \u00e0 B2), mesure issue de la loi immigration de 2024\u00a0port\u00e9e par G\u00e9rald Darmanin. En attendant, \u00ab\u00a0il y a sans doute une anticipation, un exc\u00e8s de z\u00e8le\u00a0\u00bb, dit l\u2019avocat, qui esp\u00e8re encore une d\u00e9cision positive pour sa cliente dans les semaines qui viennent.<\/p>\n<p>Dans le cas contraire, Narda Ardah peut envisager un autre recours devant le tribunal administratif, \u00ab\u00a0mais \u00e7a peut aussi prendre des ann\u00e9es\u00a0\u00bb, soupire la jeune femme. Et le temps est son ennemi. \u00ab\u00a0En Cisjordanie, il n\u2019y a pas de recherche m\u00e9dicale. Tout est bloqu\u00e9, on ne peut pas y faire de projets. Il n\u2019y a pas de futur.\u00a0\u00bb<\/p>\n","protected":false},"excerpt":{"rendered":"En septembre, la pr\u00e9fecture lui propose un entretien d\u2019assimilation. \u00ab\u00a0Il s\u2019est tr\u00e8s bien pass\u00e9, mon interlocutrice m\u2019a donn\u00e9&hellip;\n","protected":false},"author":2,"featured_media":629607,"comment_status":"","ping_status":"","sticky":false,"template":"","format":"standard","meta":{"footnotes":""},"categories":[2817],"tags":[1111,11,1997,1777,674,1011,27,12,2219,25],"class_list":{"0":"post-629606","1":"post","2":"type-post","3":"status-publish","4":"format-standard","5":"has-post-thumbnail","7":"category-bordeaux","8":"tag-actu","9":"tag-actualites","10":"tag-bordeaux","11":"tag-eu","12":"tag-europe","13":"tag-fr","14":"tag-france","15":"tag-news","16":"tag-nouvelle-aquitaine","17":"tag-republique-francaise"},"share_on_mastodon":{"url":"https:\/\/pubeurope.com\/@fr\/115807935726177610","error":""},"_links":{"self":[{"href":"https:\/\/www.europesays.com\/fr\/wp-json\/wp\/v2\/posts\/629606","targetHints":{"allow":["GET"]}}],"collection":[{"href":"https:\/\/www.europesays.com\/fr\/wp-json\/wp\/v2\/posts"}],"about":[{"href":"https:\/\/www.europesays.com\/fr\/wp-json\/wp\/v2\/types\/post"}],"author":[{"embeddable":true,"href":"https:\/\/www.europesays.com\/fr\/wp-json\/wp\/v2\/users\/2"}],"replies":[{"embeddable":true,"href":"https:\/\/www.europesays.com\/fr\/wp-json\/wp\/v2\/comments?post=629606"}],"version-history":[{"count":0,"href":"https:\/\/www.europesays.com\/fr\/wp-json\/wp\/v2\/posts\/629606\/revisions"}],"wp:featuredmedia":[{"embeddable":true,"href":"https:\/\/www.europesays.com\/fr\/wp-json\/wp\/v2\/media\/629607"}],"wp:attachment":[{"href":"https:\/\/www.europesays.com\/fr\/wp-json\/wp\/v2\/media?parent=629606"}],"wp:term":[{"taxonomy":"category","embeddable":true,"href":"https:\/\/www.europesays.com\/fr\/wp-json\/wp\/v2\/categories?post=629606"},{"taxonomy":"post_tag","embeddable":true,"href":"https:\/\/www.europesays.com\/fr\/wp-json\/wp\/v2\/tags?post=629606"}],"curies":[{"name":"wp","href":"https:\/\/api.w.org\/{rel}","templated":true}]}}