{"id":629616,"date":"2025-12-30T10:05:12","date_gmt":"2025-12-30T10:05:12","guid":{"rendered":"https:\/\/www.europesays.com\/fr\/629616\/"},"modified":"2025-12-30T10:05:12","modified_gmt":"2025-12-30T10:05:12","slug":"on-va-surprendre-encore-promet-la-marseillaise-mae-avec-son-inverdance","status":"publish","type":"post","link":"https:\/\/www.europesays.com\/fr\/629616\/","title":{"rendered":"\u00ab\u00a0On va surprendre encore\u00a0\u00bb, promet la Marseillaise Mae avec son Inverdance"},"content":{"rendered":"<p>D\u00e9j\u00e0 20\u00a0ans\u00a0! L\u2019\u00e9mission \u00ab\u00a0La France a un incroyable talent\u00a0\u00bb c\u00e9l\u00e8bre sa double d\u00e9cennie ce mardi 30\u00a0d\u00e9cembre sur M6. Pour l\u2019occasion, la production a fait appel \u00e0 d\u2019anciens candidats qui ont marqu\u00e9 l\u2019histoire du programme.<\/p>\n<p><a href=\"https:\/\/www.laprovence.com\/article\/region\/2238253418358914\/la-france-a-un-incroyable-talent-linverdance-creee-a-allauch-en-finale-avec-un-numero-artistique-et-technique\" target=\"_blank\" rel=\"noopener\">Parmi eux, la troupe \u00ab\u00a0Inverdance\u00a0\u00bb.<\/a> Souvenez-vous\u00a0: il y a un peu plus d\u2019un an, la Marseillaise Mae (\u00e7a se prononce Ma\u00e9) faisait d\u00e9couvrir cette toute nouvelle pratique qui conjugue qualit\u00e9 sportive et artistique. \u00ab\u00a0J\u2019ai pens\u00e9 \u00e0 cette discipline pendant le confinement, nous <a href=\"https:\/\/www.laprovence.com\/article\/region\/1179445721259915\/linverdance-pratique-sportive-nee-a-marseille-et-unique-en-france-prochain-incroyable-talent\" target=\"_blank\" rel=\"noopener\">confiait la trentenaire, qui \u00e9tait avant cela professeure de natation synchronis\u00e9e<\/a>. En gros, c\u2019est de la danse invers\u00e9e sur un tabouret de yoga. Je me suis film\u00e9e en train de faire une chor\u00e9graphie dessus. J\u2019ai post\u00e9 tout \u00e7a sur les r\u00e9seaux sociaux. \u00c7a a plu, toutes mes \u00e9l\u00e8ves m\u2019ont suivie. On a mont\u00e9 une chor\u00e9 dans une salle, le r\u00e9sultat m\u2019a convaincu.\u00a0\u00bb<\/p>\n<p>L\u2019\u00e9mission a \u00e9t\u00e9 un tremplin incroyable<br \/>\n<img alt=\"La pratique, sportive et artistique, est une chor\u00e9graphie invers\u00e9e avec un appui sur un tabouret de yoga.\" loading=\"lazy\" decoding=\"async\" data-nimg=\"fill\" class=\" TwicCore_img__i9TC1 undefined  undefined\" style=\"position:absolute;height:100%;width:100%;left:0;top:0;right:0;bottom:0;color:transparent;background-size:cover;background-position:50% 50%;background-repeat:no-repeat;background-image:url(&quot;data:image\/svg+xml;charset=utf-8,%3Csvg xmlns='http:\/\/www.w3.org\/2000\/svg' %3E%3Cfilter id='b' color-interpolation-filters='sRGB'%3E%3CfeGaussianBlur stdDeviation='20'\/%3E%3CfeColorMatrix values='1 0 0 0 0 0 1 0 0 0 0 0 1 0 0 0 0 0 100 -1' result='s'\/%3E%3CfeFlood x='0' y='0' width='100%25' height='100%25'\/%3E%3CfeComposite operator='out' in='s'\/%3E%3CfeComposite in2='SourceGraphic'\/%3E%3CfeGaussianBlur stdDeviation='20'\/%3E%3C\/filter%3E%3Cimage width='100%25' height='100%25' x='0' y='0' preserveAspectRatio='none' style='filter: url(%23b);' href='https:\/\/pictures.laprovence.com\/cdn-cgi\/image\/blur=250\/media\/melody\/2025\/12\/30\/inverdance-lfauit-fete-ses-20-ans-la-france-a-un-incroyable-talent-fete-ses-20-ans-saison-20-1767084543_c6a26666be496caa26666be498ea26v_.jpg'\/%3E%3C\/svg%3E&quot;)\"   src=\"https:\/\/www.europesays.com\/fr\/wp-content\/uploads\/2025\/12\/inverdance-lfauit-fete-ses-20-ans-la-france-a-un-incroyable-talent-fete-ses-20-ans-saison-20-1767084.jpeg\"\/>La pratique, sportive et artistique, est une chor\u00e9graphie invers\u00e9e avec un appui sur un tabouret de yoga. Photo Julien THEUIL \/ M6<\/p>\n<p>Et donc plus d\u2019un an plus tard et une place de finaliste, la troupe est de retour sur la sc\u00e8ne. \u00ab\u00a0Ce prime a \u00e9t\u00e9 pr\u00e9par\u00e9 en se demandant comment arriver avec quelque chose en plus, nous souligne Mae. On va surprendre encore avec une troupe de 17 personnes contre 8 auparavant mais \u00e0 pr\u00e9sent avec un tabouret qui tourne\u00a0\u00bb. Une chor\u00e9graphie verticale et d\u00e9sormais rotationnelle qui promet un beau moment de po\u00e9sie et de justesse technique.<\/p>\n<p>Depuis son passage remarqu\u00e9 sur M6,<a href=\"https:\/\/www.laprovence.com\/article\/region\/1179445721259915\/linverdance-pratique-sportive-nee-a-marseille-et-unique-en-france-prochain-incroyable-talent\" target=\"_blank\" rel=\"noopener\"> l\u2019Inverdance s\u2019est fait une renomm\u00e9e<\/a>. N\u00e9e aux pieds des collines d\u2019Allauch pr\u00e8s de Marseille, la pratique a connu un bond dans les adh\u00e9sions et compte s\u2019\u00e9tendre dans toute la France. \u00ab\u00a0On est plus de 80 d\u00e9sormais sur l\u2019\u00e9cole et je d\u00e9veloppe \u00e9galement une licence pour former des coaches d\u2019Inverdance en\u00a02026, nous explique Mae. Il y aura quatre nouveaux lieux dans le pays pour apprendre la discipline.\u00a0\u00bb<\/p>\n<p><a href=\"https:\/\/www.instagram.com\/reel\/DSKW_5uDMV6\/?utm_source=ig_embed&amp;utm_campaign=loading\" target=\"_blank\" rel=\"noopener\">La volont\u00e9 de la Marseillaise est de cr\u00e9er une vraie communaut\u00e9 \u00ab\u00a0Inverdance\u00a0\u00bb afin que la pratique reste dans un m\u00eame axe. \u00ab\u00a0Pour la pratiquer\u00a0? Il faut l\u2019envie de se challenger d\u2019apprendre \u00e0 l\u2019envers une chor\u00e9graphie. C\u2019est p\u00e9dagogique et ludique, les \u00e9l\u00e8ves sont impressionn\u00e9s par l\u2019inversion, souligne la jeune femme. Il faut vouloir s\u2019amuser, danser, s\u2019exprimer.\u00a0\u00bb<\/p>\n<p>Une success-story enclench\u00e9e gr\u00e2ce \u00e0 un Incroyable talent. Mais ce n\u2019est pas la seule chose que le programme a apport\u00e9e \u00e0 Mae. \u00ab\u00a0Incroyable talent m\u2019a apport\u00e9 de la confiance. Quand je me suis lanc\u00e9e, on \u00e9tait 5-7 \u00e9l\u00e8ves dans l\u2019\u00e9cole. Je doutais de moi\u00a0\u00bb, remercie encore la Marseillaise pour qui sa pr\u00e9sence \u00e0 cet anniversaire \u00e9tait forc\u00e9ment incontournable.<\/p>\n<p><img alt=\"\" loading=\"lazy\" width=\"18\" height=\"18\" decoding=\"async\" data-nimg=\"1\" class=\"mx-[8px]\" style=\"color:transparent\" src=\"https:\/\/www.laprovence.com\/_next\/static\/media\/comment.b95dda91.svg\"\/>D\u00e9marrez la conversation<\/p>\n<p class=\"text-[1.8rem] mt-[32px]\">Votre opinion compte pour nous. Rejoignez la communaut\u00e9 laprovence.com en r\u00e9agissant sur l&rsquo;article \u00ab\u00a0Incroyable talent\u00a0\u00bb f\u00eate ses 20\u00a0ans\u00a0: \u00ab\u00a0On va surprendre encore\u00a0\u00bb, promet la Marseillaise Mae avec son Inverdance.<\/p>\n<p><script async src=\"\/\/www.instagram.com\/embed.js\"><\/script><\/p>\n","protected":false},"excerpt":{"rendered":"D\u00e9j\u00e0 20\u00a0ans\u00a0! L\u2019\u00e9mission \u00ab\u00a0La France a un incroyable talent\u00a0\u00bb c\u00e9l\u00e8bre sa double d\u00e9cennie ce mardi 30\u00a0d\u00e9cembre sur M6.&hellip;\n","protected":false},"author":2,"featured_media":629617,"comment_status":"","ping_status":"","sticky":false,"template":"","format":"standard","meta":{"footnotes":""},"categories":[2814],"tags":[6873,17,1111,11,251,1777,674,4768,1011,27,28488,884,12,5241,882,25,2407,73893,3244],"class_list":{"0":"post-629616","1":"post","2":"type-post","3":"status-publish","4":"format-standard","5":"has-post-thumbnail","7":"category-marseille","8":"tag-20-ans","9":"tag-17","10":"tag-actu","11":"tag-actualites","12":"tag-culture","13":"tag-eu","14":"tag-europe","15":"tag-fete","16":"tag-fr","17":"tag-france","18":"tag-incroyable","19":"tag-marseille","20":"tag-news","21":"tag-on","22":"tag-provence-alpes-cote-dazur","23":"tag-republique-francaise","24":"tag-ses","25":"tag-surprendre","26":"tag-talent"},"share_on_mastodon":{"url":"https:\/\/pubeurope.com\/@fr\/115807959399286382","error":""},"_links":{"self":[{"href":"https:\/\/www.europesays.com\/fr\/wp-json\/wp\/v2\/posts\/629616","targetHints":{"allow":["GET"]}}],"collection":[{"href":"https:\/\/www.europesays.com\/fr\/wp-json\/wp\/v2\/posts"}],"about":[{"href":"https:\/\/www.europesays.com\/fr\/wp-json\/wp\/v2\/types\/post"}],"author":[{"embeddable":true,"href":"https:\/\/www.europesays.com\/fr\/wp-json\/wp\/v2\/users\/2"}],"replies":[{"embeddable":true,"href":"https:\/\/www.europesays.com\/fr\/wp-json\/wp\/v2\/comments?post=629616"}],"version-history":[{"count":0,"href":"https:\/\/www.europesays.com\/fr\/wp-json\/wp\/v2\/posts\/629616\/revisions"}],"wp:featuredmedia":[{"embeddable":true,"href":"https:\/\/www.europesays.com\/fr\/wp-json\/wp\/v2\/media\/629617"}],"wp:attachment":[{"href":"https:\/\/www.europesays.com\/fr\/wp-json\/wp\/v2\/media?parent=629616"}],"wp:term":[{"taxonomy":"category","embeddable":true,"href":"https:\/\/www.europesays.com\/fr\/wp-json\/wp\/v2\/categories?post=629616"},{"taxonomy":"post_tag","embeddable":true,"href":"https:\/\/www.europesays.com\/fr\/wp-json\/wp\/v2\/tags?post=629616"}],"curies":[{"name":"wp","href":"https:\/\/api.w.org\/{rel}","templated":true}]}}