{"id":629620,"date":"2025-12-30T10:07:16","date_gmt":"2025-12-30T10:07:16","guid":{"rendered":"https:\/\/www.europesays.com\/fr\/629620\/"},"modified":"2025-12-30T10:07:16","modified_gmt":"2025-12-30T10:07:16","slug":"best-of-2025-le-milliardaire-bruno-rousset-est-il-sequestre-chez-lui-contre-sa-volonte","status":"publish","type":"post","link":"https:\/\/www.europesays.com\/fr\/629620\/","title":{"rendered":"Best of 2025. Le milliardaire Bruno Rousset est-il s\u00e9questr\u00e9 chez lui contre sa volont\u00e9 ? &#8211;"},"content":{"rendered":"<p>Durant les vacances de No\u00ebl, nous rediffusons les chroniques ayant cumul\u00e9 le plus d\u2019audience en 2025. La disparition de Bruno Rousset a d\u00e9fray\u00e9 la chronique depuis le 27 janvier 2025, date de la premi\u00e8re parution de cet article. Une histoire similaire a touch\u00e9 son homologue Christian Latouche, fondateur de Fiducial.\u00a0<\/p>\n<p><strong>Le milliardaire Bruno Rousset est-il s\u00e9questr\u00e9 chez lui contre sa volont\u00e9 ?<\/strong><\/p>\n<p><strong>Texte\u00a0: Philippe Lecoq \u2013<\/strong> La derni\u00e8re apparition publique de l\u2019homme d\u2019affaires lyonnais <strong>Bruno Rousset<\/strong> remonte \u00e0 juin 2022.<\/p>\n<p>Au Mus\u00e9e des Confluences o\u00f9 Evolem f\u00eate ses 25 ans, son fils a\u00een\u00e9 <strong>Nicolas<\/strong> qui pr\u00e9side \u00e0 l\u2019\u00e9poque le family office depuis 2020 \u2013 son fr\u00e8re <strong>Guillaume<\/strong> vient de lui succ\u00e9der \u2013 lui demande de monter sur sc\u00e8ne pour rejoindre l\u2019\u00e9quipe mais aussi ses autres enfants qui si\u00e8gent au conseil de surveillance. Le moment est symbolique. Une photo fige ce jour hommage. Dernier acte de la transmission, ci-dessous.<\/p>\n<p><img loading=\"lazy\" decoding=\"async\" aria-describedby=\"caption-attachment-155107\" class=\"size-full wp-image-155107\" src=\"data:image\/svg+xml,%3Csvg%20xmlns=\" http:=\"\" alt=\"\" width=\"682\" height=\"438\" data-lazy- data-lazy- data-lazy-src=\"https:\/\/www.europesays.com\/fr\/wp-content\/uploads\/2025\/12\/03-Bruno-Rousset-25-ans-evolem-.jpg\"\/><\/p>\n<p id=\"caption-attachment-155107\" class=\"wp-caption-text\">Bruno Rousset aux 25 ans d\u2019Evolem, c\u00e9l\u00e9br\u00e9s au Mus\u00e9e des Confluences \u2013 Capture d\u2019\u00e9cran evolem<\/p>\n<p>Le fondateur de la c\u00e9l\u00e8bre soci\u00e9t\u00e9 d\u2019assurances April vendue \u00e0 CVC Capital Partners en 2019 pour environ 900 millions d\u2019euros \u2013 et revendue deux ans plus tard 2,4 milliards \u20ac au fonds d\u2019investissement KKR and Co\u00a0! \u2013 fondateur d\u2019Evolem et de la Fondation Entrepreneurs de la Cit\u00e9, est ramen\u00e9 \u00e0 son h\u00f4tel particulier de Lyon 6.<\/p>\n<p>Depuis cette photo familiale, plus de nouvelles. En v\u00e9rit\u00e9, plus de nouvelles depuis la soir\u00e9e des vingt ans de Lyon People en f\u00e9vrier 2020 o\u00f9 Bruno Rousset \u2013 souriant, l\u2019\u0153il vif, jean gris, veste noire sur chemise blanche et cravate assortie \u2013 s\u2019affiche aux c\u00f4t\u00e9s de <strong>Vanessa Rousset<\/strong> \u2013 robe noire et veste rouge \u00e9clatante (photo ci-dessous).<\/p>\n<p><img loading=\"lazy\" decoding=\"async\" aria-describedby=\"caption-attachment-155108\" class=\"size-full wp-image-155108\" src=\"data:image\/svg+xml,%3Csvg%20xmlns=\" http:=\"\" alt=\"\" width=\"702\" height=\"492\" data-lazy- data-lazy- data-lazy-src=\"https:\/\/www.europesays.com\/fr\/wp-content\/uploads\/2025\/12\/03.-vanessa-et-bruno-rousset-20-ans-Lyon-people.jpg\"\/><\/p>\n<p id=\"caption-attachment-155108\" class=\"wp-caption-text\">Vanessa et Bruno Rousset aux 20 ans de Lyon People, en f\u00e9vrier 2020, \u00e0 la brasserie L\u2019Ouest<\/p>\n<p>Alors, qu\u2019est donc devenu Bruno Rousset, l\u2019un des plus embl\u00e9matiques entrepreneurs de la ville, patron r\u00e9put\u00e9 \u00ab\u00a0social\u00a0\u00bb, \u00e0 la r\u00e9ussite spectaculaire, investi par le biais de ses fondations et\/ou ses fonds de dotation dans l\u2019aide \u00e0 l\u2019emploi des jeunes, l\u2019insertion sociale, ou encore la transition \u00e9cologique\u00a0? Perdu de vue.<\/p>\n<p><strong>Jusqu\u2019\u00e0 l\u2019autre jour, avec un post de Vanessa Rousset, son ex-\u00e9pouse, sur LinkedIn. <\/strong><\/p>\n<p>\u00ab\u00a0Mon ex-mari, le fondateur d\u2019April, est enferm\u00e9 chez lui sans ordinateur et sans t\u00e9l\u00e9phone depuis plus de quatre ans. Il souffre d\u2019une maladie neuro d\u00e9g\u00e9n\u00e9rative : la d\u00e9mence fronto-temporale mais il est encore lucide. La Justice saisie par anticipation par ses enfants l\u2019a plac\u00e9 h\u00e2tivement sous curatelle renforc\u00e9e, en d\u00e9signant contre sa volont\u00e9 ses enfants comme curateurs (Bruno voulait signer un mandat de protection future et \u00e0 d\u00e9faut, il voulait comme curatrice \u00e0 la personne sa s\u0153ur Brigitte, infirmi\u00e8re). Depuis le jugement, Bruno est enferm\u00e9 chez lui, il n\u2019a plus acc\u00e8s \u00e0 ses amis, il n\u2019a plus de t\u00e9l\u00e9phone, il n\u2019a plus d\u2019ordinateur. Il n\u2019a plus le droit de sortir d\u00e9jeuner ou d\u00eener dans son restaurant favori \u00ab\u00a0le Pr\u00e9sident\u00a0\u00bb, m\u00eame en \u00e9tant invit\u00e9\u00a0\u00bb.<\/p>\n<p><img loading=\"lazy\" decoding=\"async\" class=\"alignnone size-full wp-image-155109\" src=\"data:image\/svg+xml,%3Csvg%20xmlns=\" http:=\"\" alt=\"\" width=\"615\" height=\"900\" data-lazy- data-lazy- data-lazy-src=\"https:\/\/www.europesays.com\/fr\/wp-content\/uploads\/2025\/12\/05-post-vanessa-rousset.jpg\"\/><\/p>\n<p>Bon sang\u00a0! Si les informations livr\u00e9es par Madame Rousset aux lecteurs de LinkedIn pouvaient se v\u00e9rifier, la charge est lourde. On apprend d\u2019abord \u2013 ou on se le voit confirm\u00e9 peut-\u00eatre pour ses amis \u2013 que Bruno Rousset est s\u00e9rieusement malade, une \u00ab\u00a0d\u00e9mence fronto-temporale\u00a0\u00bb, et ce depuis plus de quatre ans. Quatre ans ? La soir\u00e9e de Lyon People a donc \u00e9t\u00e9 vraiment sa derni\u00e8re soir\u00e9e publique\u00a0?<\/p>\n<p>Nous apprenons \u00e9galement qu\u2019il serait \u00ab enferm\u00e9 \u00bb chez lui, priv\u00e9 de ses amis, en ne disposant plus des outils courants de communication, alors qu\u2019il reste \u00ab lucide \u00bb. \u00ab Enferm\u00e9 \u00bb, le mot est fort et sans doute pas choisi au hasard par la pr\u00e9sidente d\u2019AMDG, qui a fait \u2013 pour m\u00e9moire \u2013 Polytechnique, les Ponts et Sciences-Po en parall\u00e8le. S\u2019il est \u00ab lucide \u00bb, pourquoi le priver de t\u00e9l\u00e9phone, de sms, de mels ? Pourquoi le priver de sorties au restaurant ? Et de visites ?<\/p>\n<p><strong>Nous apprenons surtout que cette situation p\u00e9nible serait due \u00e0 ses propres enfants<\/strong><\/p>\n<p>Vanessa Rousset ajoute sans tergiverser\u00a0: \u00ab\u00a0Personne n\u2019ose le dire mais parfois l\u2019enfermement vient de nos plus proches. Nos propres enfants\u2026\u00a0\u00bb Bref, les enfants de Bruno Rousset auraient d\u00e9cid\u00e9\u00a0de son \u00ab\u00a0enfermement\u00a0\u00bb depuis d\u00e9but 2020 donc, contre l\u2019avis \u2013 c\u2019est ce que nous lisons \u2013 de Bruno Rousset lui-m\u00eame \u00ab\u00a0plac\u00e9 h\u00e2tivement sous curatelle renforc\u00e9e, en d\u00e9signant contre sa volont\u00e9 ses enfants comme curateurs\u00a0\u00bb.<\/p>\n<p><img loading=\"lazy\" decoding=\"async\" class=\" wp-image-155112 alignleft\" src=\"data:image\/svg+xml,%3Csvg%20xmlns=\" http:=\"\" alt=\"\" width=\"198\" height=\"235\" data-lazy-src=\"https:\/\/www.europesays.com\/fr\/wp-content\/uploads\/2025\/12\/Bruno-Rousset-CGPME-05.07.2012.jpg\"\/>Mais que s\u2019est-il pass\u00e9 avant f\u00e9vrier 2020 ? Pourquoi cette curatelle renforc\u00e9e qu\u2019il n\u2019aurait pas souhait\u00e9e ? Pourquoi les enfants sont-ils curateurs et non sa s\u0153ur <strong>Brigitte<\/strong> s\u2019il l\u2019avait souhait\u00e9, pourtant infirmi\u00e8re, que nous n\u2019avons h\u00e9las pas pu joindre\u00a0? Pourquoi Bruno Rousset n\u2019a pas pu \u00ab\u00a0signer un mandat de protection future\u00a0\u00bb\u00a0? Mais peu importe, les histoires de familles sont parfois compliqu\u00e9es et doivent aussi parfois rester \u00ab en famille \u00bb.<\/p>\n<p><strong>Sauf que. Le post de Vanessa Rousset veut alerter sur une certaine forme de maltraitance. Bruno Rousset serait priv\u00e9 d\u2019amis, de t\u00e9l\u00e9phone, et d\u2019ordinateur. Il ne pourrait donc joindre personne \u00e0 l\u2019ext\u00e9rieur de sa maison. <\/strong><\/p>\n<p>Il est pourtant entour\u00e9 d\u2019auxiliaires de vie qui se relaient pour l\u2019aider au quotidien. Une source de son entourage proche nous a m\u00eame assur\u00e9 qu\u2019il pourrait sans difficult\u00e9 sortir au restaurant. \u00ab\u00a0Il se balade au parc de la T\u00eate d\u2019or, accompagn\u00e9 bien s\u00fbr, nage dans sa piscine, joue aux \u00e9checs\u2026 Et d\u00e9jeune ou d\u00eene comme tout le monde, mais de tr\u00e8s mauvais plats pr\u00e9par\u00e9s livr\u00e9s \u00e0 son domicile\u00a0\u00bb.<\/p>\n<p><img loading=\"lazy\" decoding=\"async\" aria-describedby=\"caption-attachment-155110\" class=\"size-full wp-image-155110\" src=\"data:image\/svg+xml,%3Csvg%20xmlns=\" http:=\"\" alt=\"\" width=\"722\" height=\"665\" data-lazy- data-lazy- data-lazy-src=\"https:\/\/www.europesays.com\/fr\/wp-content\/uploads\/2025\/12\/hotel-Gorse.jpg\"\/><\/p>\n<p id=\"caption-attachment-155110\" class=\"wp-caption-text\">La prison dor\u00e9e de Bruno Rousset. H\u00f4tel particulier construit par Jean Gorse, puis occup\u00e9 par Ma\u00eetre Dubost, avant d\u2019\u00eatre rachet\u00e9 par Charles M\u00e9rieux, fils de Marcel M\u00e9rieux, qui l\u2019a enti\u00e8rement \u00ab restructur\u00e9 \u00bb pour y installer une salle de cin\u00e9ma et les bureaux du consulat d\u2019Autriche. Occup\u00e9 par l\u2019entreprise am\u00e9ricaine Marine Consulting. En 1990, les fr\u00e8res Giorgi (RIC) l\u2019ach\u00e8tent, le d\u00e9figurent et le remettent en vente. Bruno Rousset, PDG d\u2019April Group a enti\u00e8rement r\u00e9am\u00e9nag\u00e9 la maison en la dotant d\u2019une piscine en sous-sol et d\u2019une plaque tournante pour caser ses v\u00e9hicules dans le garage.Source : Magazine Lyon People \u2013 Juin 2010<\/p>\n<p>Bruno Rousset voit de temps en temps ses enfants et sa s\u0153ur Brigitte cit\u00e9e dans le post. Il ne parle plus ou presque, mais \u00ab comprend tr\u00e8s bien tout ce qui se dit \u00bb, confirme notre source. De son c\u00f4t\u00e9, le restaurant \u00ab Le Pr\u00e9sident \u00bb dirig\u00e9 par <strong>Christophe<\/strong> et <strong>Nicole Marguin<\/strong> n\u2019a, en effet, plus de visites de Bruno Rousset, malgr\u00e9 ses invitations.<\/p>\n<p>Alors, Madame Rousset rend public une situation \u00e0 forte port\u00e9e \u00e9motionnelle, \u00e0 laquelle il est malais\u00e9 d\u2019assister quand on n\u2019est pas de la famille ou de la justice. Elle lance un appel, un appel \u00e0 la famille de Bruno Rousset, un appel \u00e0 ses amis ou anciens amis \u00e0 demander \u00e0 le voir, \u00e0 lui ouvrir en quelque sorte un peu les portes de la libert\u00e9.<\/p>\n<p><img loading=\"lazy\" decoding=\"async\" class=\"alignnone size-full wp-image-155111\" src=\"data:image\/svg+xml,%3Csvg%20xmlns=\" http:=\"\" alt=\"\" width=\"746\" height=\"710\" data-lazy- data-lazy- data-lazy-src=\"https:\/\/www.europesays.com\/fr\/wp-content\/uploads\/2025\/12\/Bruno-Rousset-enferme-chez-lui-.jpeg\"\/><\/p>\n<p><strong>\u00ab\u00a0Ne l\u2019oubliez pas. Merci pour lui\u00a0\u00bb, conclut-elle.<\/strong><\/p>\n<p>Interrog\u00e9s par Lyon People, les enfants ont choisi de ne pas r\u00e9pondre directement aux accusations de maltraitance prof\u00e9r\u00e9es par Vanessa Rousset, comme ils l\u2019ont fait avec notre confr\u00e8re <strong>Lionel Favrot<\/strong> de <a href=\"https:\/\/www.mag2lyon.fr\/quest-devenu-bruno-rousset\/\" target=\"_blank\" rel=\"noopener\"><strong>Mag2Lyon<\/strong><\/a>. \u00ab\u00a0Afin de respecter la dignit\u00e9 de notre p\u00e8re et la n\u00e9cessit\u00e9 d\u2019un contexte apais\u00e9\u00a0indispensable \u00e0 son bien-\u00eatre, tout article de presse mettant en avant\u00a0sa vie priv\u00e9e\u00a0n\u2019est pas le bienvenu\u00a0\u00bb, nous a indiqu\u00e9 <strong>Lo\u00efc Rousset<\/strong> par mail, en nous faisant parvenir le communiqu\u00e9 ci-joint\u00a0:<\/p>\n<p>\u00ab Bruno Rousset, fondateur du Groupe APRIL, est atteint d\u2019une maladie incurable, la d\u00e9g\u00e9n\u00e9rescence fronto-temporale (DFT) qui a lui a \u00e9t\u00e9 diagnostiqu\u00e9e voici maintenant plusieurs ann\u00e9es. Ce trouble neurocognitif rare affecte les r\u00e9gions frontale et temporale du cerveau et entra\u00eene progressivement une perte d\u2019autonomie. Il n\u2019existe \u00e0 ce jour aucun traitement pour cette maladie.<\/p>\n<p>Les mesures de protection et le cadre de prise en charge recommand\u00e9s par le corps m\u00e9dical ont \u00e9t\u00e9 mis en place, avec l\u2019accompagnement d\u2019une association sp\u00e9cialis\u00e9e, et s\u2019adaptent \u00e0 la progression de la maladie. Dans cette p\u00e9riode difficile, la compr\u00e9hension, la compassion et le respect de la dignit\u00e9 de Bruno Rousset observ\u00e9s par l\u2019ensemble de ses proches constituent un soutien particuli\u00e8rement pr\u00e9cieux pour l\u2019aider \u00e0 vivre une vie aussi d\u00e9cente et paisible que possible.<\/p>\n<p>Nous remercions celles et ceux qui respecteront notre douleur et notre volont\u00e9 de discr\u00e9tion dans cette \u00e9preuve et restons naturellement ouverts \u00e0 toutes les marques de sympathie et d\u2019affection qui voudraient s\u2019exprimer envers Bruno.\u00a0\u00bb<\/p>\n<p>C\u2019\u00e9tait notre intention. Transmettre notre sympathie et notre bon souvenir. Les articles de Mag2Lyon et Lyon People permettront-ils de desserrer l\u2019\u00e9tau autour de Bruno Rousset ? Nous le saurons tr\u00e8s vite. A suivre, donc.<\/p>\n<p><strong>&gt; Le second \u00e9pisode de cette s\u00e9rie est \u00e0 retrouver ici\u00a0<\/strong><\/p>\n","protected":false},"excerpt":{"rendered":"Durant les vacances de No\u00ebl, nous rediffusons les chroniques ayant cumul\u00e9 le plus d\u2019audience en 2025. La disparition&hellip;\n","protected":false},"author":2,"featured_media":629621,"comment_status":"","ping_status":"","sticky":false,"template":"","format":"standard","meta":{"footnotes":""},"categories":[1889],"tags":[4257,1111,11,14246,2430,73894,1777,674,1011,27,2428,12,25],"class_list":{"0":"post-629620","1":"post","2":"type-post","3":"status-publish","4":"format-standard","5":"has-post-thumbnail","7":"category-lyon","8":"tag-0top","9":"tag-actu","10":"tag-actualites","11":"tag-actualites-lyon","12":"tag-auvergne-rhone-alpes","13":"tag-bruno-rousset","14":"tag-eu","15":"tag-europe","16":"tag-fr","17":"tag-france","18":"tag-lyon","19":"tag-news","20":"tag-republique-francaise"},"share_on_mastodon":{"url":"https:\/\/pubeurope.com\/@fr\/115807967258755876","error":""},"_links":{"self":[{"href":"https:\/\/www.europesays.com\/fr\/wp-json\/wp\/v2\/posts\/629620","targetHints":{"allow":["GET"]}}],"collection":[{"href":"https:\/\/www.europesays.com\/fr\/wp-json\/wp\/v2\/posts"}],"about":[{"href":"https:\/\/www.europesays.com\/fr\/wp-json\/wp\/v2\/types\/post"}],"author":[{"embeddable":true,"href":"https:\/\/www.europesays.com\/fr\/wp-json\/wp\/v2\/users\/2"}],"replies":[{"embeddable":true,"href":"https:\/\/www.europesays.com\/fr\/wp-json\/wp\/v2\/comments?post=629620"}],"version-history":[{"count":0,"href":"https:\/\/www.europesays.com\/fr\/wp-json\/wp\/v2\/posts\/629620\/revisions"}],"wp:featuredmedia":[{"embeddable":true,"href":"https:\/\/www.europesays.com\/fr\/wp-json\/wp\/v2\/media\/629621"}],"wp:attachment":[{"href":"https:\/\/www.europesays.com\/fr\/wp-json\/wp\/v2\/media?parent=629620"}],"wp:term":[{"taxonomy":"category","embeddable":true,"href":"https:\/\/www.europesays.com\/fr\/wp-json\/wp\/v2\/categories?post=629620"},{"taxonomy":"post_tag","embeddable":true,"href":"https:\/\/www.europesays.com\/fr\/wp-json\/wp\/v2\/tags?post=629620"}],"curies":[{"name":"wp","href":"https:\/\/api.w.org\/{rel}","templated":true}]}}