{"id":629626,"date":"2025-12-30T10:13:11","date_gmt":"2025-12-30T10:13:11","guid":{"rendered":"https:\/\/www.europesays.com\/fr\/629626\/"},"modified":"2025-12-30T10:13:11","modified_gmt":"2025-12-30T10:13:11","slug":"laurent-nunez-admet-un-dysfonctionnement-au-sujet-de-la-nationalite-du-suspect","status":"publish","type":"post","link":"https:\/\/www.europesays.com\/fr\/629626\/","title":{"rendered":"Laurent Nu\u00f1ez admet un \u00ab\u00a0dysfonctionnement\u00a0\u00bb au sujet de la nationalit\u00e9 du suspect"},"content":{"rendered":"<p class=\"article-p mdl\">Il y a bien eu une erreur. Le ministre de l&rsquo;Int\u00e9rieur, Laurent Nu\u00f1ez, a reconnu \u00ab\u00a0un dysfonctionnement\u00a0\u00bb, ce mardi 30 d\u00e9cembre sur France Inter, apr\u00e8s la d\u00e9couverte de la naturalisation de l&rsquo;individu suspect\u00e9 d&rsquo;avoir\u00a0<a class=\"link\" href=\"https:\/\/www.rtl.fr\/actu\/justice-faits-divers\/connu-de-la-justice-prison-oqtf-ce-qu-on-sait-du-suspect-de-l-attaque-au-couteau-dans-le-metro-parisien-7900582782\" target=\"_blank\" rel=\"noopener\">agress\u00e9 trois femmes dans le m\u00e9tro parisien<\/a>\u00a0vendredi 26 d\u00e9cembre dernier.\u00a0<\/p>\n<p class=\"article-p mdl\">D&rsquo;abord pr\u00e9sent\u00e9 comme Malien, l&rsquo;homme n&rsquo;a jamais mentionn\u00e9 sa nationalit\u00e9 fran\u00e7aise obtenue en 2018 aux enqu\u00eateurs, selon\u00a0<a class=\"link\" href=\"https:\/\/www.rtl.fr\/actu\/justice-faits-divers\/info-rtl-attaque-au-couteau-a-paris-le-suspect-a-ete-naturalise-francais-en-2018-7900583033\" target=\"_blank\" rel=\"noopener\">les informations recueillies par RTL<\/a>, et \u00e9tait m\u00eame sous OQTF (Obligation de quitter le territoire fran\u00e7ais).\u00a0<\/p>\n<p class=\"article-p mdl\">\u00ab\u00a0Il est Malien, il est n\u00e9 \u00e0 Bamako (&#8230;) il est Fran\u00e7ais par filiation. C&rsquo;est son p\u00e8re, qui est Fran\u00e7ais, qui l&rsquo;a reconnu alors qu&rsquo;il avait neuf ans et donc il s&rsquo;est vu, effectivement, d\u00e9livrer un certificat de nationalit\u00e9 en 2012 \u00e0 12 ans. \u00c0 18 ans, il a eu un passeport, une carte nationale d&rsquo;identit\u00e9. Ce n&rsquo;\u00e9tait pas connu des services. Alors, est-ce qu&rsquo;il y a eu un dysfonctionnement? Forc\u00e9ment\u00a0\u00bb, a expliqu\u00e9 le ministre de l&rsquo;Int\u00e9rieur.<\/p>\n<p>            Le ministre va lancer des v\u00e9rifications<\/p>\n<p class=\"article-p mdl\">Le ministre de l&rsquo;Int\u00e9rieur a, par ailleurs, annonc\u00e9 que des v\u00e9rifications allaient \u00eatre men\u00e9es, notamment sur le ficher des passeports fran\u00e7ais, pour savoir s&rsquo;il a \u00e9t\u00e9 consult\u00e9 par la police ou la justice, voire l&rsquo;administration p\u00e9nitentiaire. Le but est de savoir si le franco-malien a toujours \u00e9t\u00e9 consid\u00e9r\u00e9 comme un \u00e9tranger en situation irr\u00e9guli\u00e8re sans v\u00e9rification de la part des services.\u00a0<\/p>\n<p class=\"article-p mdl\">\u00ab\u00a0\u00c0\u00a0partir du moment o\u00f9 vous traitez un individu comme quelqu&rsquo;un en situation irr\u00e9guli\u00e8re, o\u00f9 vous le placez en centre de r\u00e9tention administrative et vous tentez une proc\u00e9dure d&rsquo;\u00e9loignement&#8230; alors que, en r\u00e9alit\u00e9, il est Fran\u00e7ais, \u00e9videmment qu&rsquo;il y a eu un dysfonctionnement et je vais regarder dans quelles conditions on a &#8211; ou pas &#8211; consult\u00e9 le fichier des personnes qui d\u00e9tiennent une carte nationale d&rsquo;identit\u00e9 ou un passeport fran\u00e7ais\u00a0\u00bb, a assur\u00e9 Laurent Nu\u00f1ez.<\/p>\n<p class=\"article-p mdl\">Laurent Nu\u00f1ez a \u00e9galement pr\u00e9cis\u00e9 que le suspect est n\u00e9 d&rsquo;un p\u00e8re lui m\u00eame malien et fran\u00e7ais de droit, totalement inexpulsable. Reste aussi \u00e0 comprendre pourquoi l&rsquo;homme de 25 ans n&rsquo;a jamais revendiqu\u00e9 sa double nationalit\u00e9 m\u00eame lorsqu&rsquo;il a \u00e9t\u00e9 vis\u00e9 par une OQTF. Lundi soir, le suspect, qui a d\u00e9j\u00e0 fait de la prison, \u00e9tait toujours hospitalis\u00e9 en psychiatrie dans l&rsquo;attente d&rsquo;une \u00e9ventuelle reprise de sa garde \u00e0 vue.\u00a0<\/p>\n<p class=\"article-p mdl\">Interrog\u00e9 sur RTL, ce lundi 29 d\u00e9cembre,\u00a0<a class=\"link\" href=\"https:\/\/www.rtl.fr\/actu\/justice-faits-divers\/un-francais-sous-oqtf-sur-rtl-le-patron-de-l-ofii-deplore-l-absence-d-interconnexion-des-fichiers-de-l-etat-apres-l-agression-dans-le-metro-parisien-7900583205\" target=\"_blank\" rel=\"noopener\">le directeur g\u00e9n\u00e9ral de l&rsquo;Office fran\u00e7ais de l&rsquo;immigration et de l&rsquo;int\u00e9gration (OFII) avait d\u00e9plor\u00e9 une absence \u00ab\u00a0d&rsquo;interconnexion des fichiers\u00a0\u00bb<\/a>\u00a0de l&rsquo;\u00c9tat. Pour\u00a0Didier Leschi, \u00ab\u00a0il y a une difficult\u00e9 pour les forces de l&rsquo;ordre \u00e0 pouvoir avoir l&rsquo;ensemble des informations qui sont disponibles \u00e0 travers diff\u00e9rents services de l&rsquo;\u00c9tat et qui ne sont pas regroup\u00e9es dans un seul syst\u00e8me\u00a0\u00bb.<\/p>\n<p>    La r\u00e9daction vous recommande<\/p>\n<p class=\"s-newsletter__title\">\n                L\u2019actualit\u00e9 par la r\u00e9daction de RTL dans votre bo\u00eete mail.\n            <\/p>\n<p class=\"s-newsletter__subtitle\">\n                Gr\u00e2ce \u00e0 votre compte RTL abonnez-vous \u00e0 la newsletter RTL info pour suivre toute l&rsquo;actualit\u00e9 au quotidien\n            <\/p>\n<p>\n                                    Lire la suite\n                                <\/p>\n","protected":false},"excerpt":{"rendered":"Il y a bien eu une erreur. Le ministre de l&rsquo;Int\u00e9rieur, Laurent Nu\u00f1ez, a reconnu \u00ab\u00a0un dysfonctionnement\u00a0\u00bb, ce&hellip;\n","protected":false},"author":2,"featured_media":629627,"comment_status":"","ping_status":"","sticky":false,"template":"","format":"standard","meta":{"footnotes":""},"categories":[1888],"tags":[1111,1928,11,1927,1120,1777,674,118,107,1011,27,4047,7088,12,1926,626,1925,1072,25],"class_list":{"0":"post-629626","1":"post","2":"type-post","3":"status-publish","4":"format-standard","5":"has-post-thumbnail","7":"category-paris","8":"tag-actu","9":"tag-actu-paris","10":"tag-actualites","11":"tag-actualites-paris","12":"tag-agression","13":"tag-eu","14":"tag-europe","15":"tag-faits-divers","16":"tag-fil-info","17":"tag-fr","18":"tag-france","19":"tag-metro","20":"tag-ministre-de-linterieur","21":"tag-news","22":"tag-news-paris","23":"tag-paris","24":"tag-paris-news","25":"tag-police","26":"tag-republique-francaise"},"share_on_mastodon":{"url":"https:\/\/pubeurope.com\/@fr\/115807990860416026","error":""},"_links":{"self":[{"href":"https:\/\/www.europesays.com\/fr\/wp-json\/wp\/v2\/posts\/629626","targetHints":{"allow":["GET"]}}],"collection":[{"href":"https:\/\/www.europesays.com\/fr\/wp-json\/wp\/v2\/posts"}],"about":[{"href":"https:\/\/www.europesays.com\/fr\/wp-json\/wp\/v2\/types\/post"}],"author":[{"embeddable":true,"href":"https:\/\/www.europesays.com\/fr\/wp-json\/wp\/v2\/users\/2"}],"replies":[{"embeddable":true,"href":"https:\/\/www.europesays.com\/fr\/wp-json\/wp\/v2\/comments?post=629626"}],"version-history":[{"count":0,"href":"https:\/\/www.europesays.com\/fr\/wp-json\/wp\/v2\/posts\/629626\/revisions"}],"wp:featuredmedia":[{"embeddable":true,"href":"https:\/\/www.europesays.com\/fr\/wp-json\/wp\/v2\/media\/629627"}],"wp:attachment":[{"href":"https:\/\/www.europesays.com\/fr\/wp-json\/wp\/v2\/media?parent=629626"}],"wp:term":[{"taxonomy":"category","embeddable":true,"href":"https:\/\/www.europesays.com\/fr\/wp-json\/wp\/v2\/categories?post=629626"},{"taxonomy":"post_tag","embeddable":true,"href":"https:\/\/www.europesays.com\/fr\/wp-json\/wp\/v2\/tags?post=629626"}],"curies":[{"name":"wp","href":"https:\/\/api.w.org\/{rel}","templated":true}]}}