{"id":629630,"date":"2025-12-30T10:15:55","date_gmt":"2025-12-30T10:15:55","guid":{"rendered":"https:\/\/www.europesays.com\/fr\/629630\/"},"modified":"2025-12-30T10:15:55","modified_gmt":"2025-12-30T10:15:55","slug":"tous-les-lieux-de-tournage-d-emily-in-paris-que-vous-pouvez-vraiment-visiter-a-paris","status":"publish","type":"post","link":"https:\/\/www.europesays.com\/fr\/629630\/","title":{"rendered":"Tous les lieux de tournage d\u2019\u00ab Emily in Paris \u00bb que vous pouvez vraiment visiter \u00e0 Paris"},"content":{"rendered":"<p><strong data-start=\"0\" data-end=\"67\">Sylvie sous le feu des projecteurs \u00e0 la Fondation Louis Vuitton<\/strong><\/p>\n<p data-start=\"0\" data-end=\"478\">Imagin\u00e9 par l\u2019architecte star <strong data-start=\"100\" data-end=\"141\">Frank Gehry <\/strong>(d\u00e9c\u00e9d\u00e9 le\u00a05 d\u00e9cembre\u00a0dernier), <a href=\"https:\/\/www.timeout.fr\/paris\/actualites\/ce-batiment-parisien-figure-parmi-les-24-plus-beaux-du-monde-selon-time-out-063025#:~:text=La%20Fondation%20Louis%20Vuitton%20figure,plus%20fascinants%20de%20la%20plan%C3%A8te.\" target=\"_blank\" rel=\"noopener\">le mus\u00e9e d\u2019art contemporain \u00e0 l\u2019allure de navire de verre<\/a> devient le th\u00e9\u00e2tre d\u2019une s\u00e9quence un brin chaotique lorsque l\u2019\u00e9quipe d\u2019Emily y fait escale. Apr\u00e8s l\u2019intervention de Sylvie lors d\u2019une conf\u00e9rence sur le \u00ab futur du luxe \u00bb, Marcello et Emily d\u00e9cident de r\u00e9gler leurs comptes en pleine session de questions-r\u00e9ponses. Pas tr\u00e8s chic.<\/p>\n<p><strong data-start=\"480\" data-end=\"535\">Mindy se produit r\u00e9guli\u00e8rement au Crazy Horse Paris<\/strong><\/p>\n<p data-start=\"480\" data-end=\"851\">Institution mythique de la nuit parisienne, le <strong data-start=\"585\" data-end=\"626\">Crazy Horse Paris<\/strong> devient l\u2019un des nouveaux terrains de jeu de Mindy, de retour en France apr\u00e8s avoir \u00e9t\u00e9 jur\u00e9e dans Chinese Popstar. Sur sc\u00e8ne, elle interpr\u00e8te des tubes pop, dont le tr\u00e8s iconique Oops!\u2026 I Did It Again de Britney Spears.<\/p>\n<p><strong data-start=\"853\" data-end=\"918\">Le jeune Luc vivait au Bateau-Lavoir, c\u00e9l\u00e8bre cit\u00e9 d\u2019artistes<\/strong><\/p>\n<p data-start=\"853\" data-end=\"1391\">Luc (interpr\u00e9t\u00e9 par <strong data-start=\"941\" data-end=\"982\">Bruno Gouery<\/strong>) entra\u00eene Emily sur les traces de son pass\u00e9, l\u00e0 o\u00f9 il vivait \u00e0 son arriv\u00e9e \u00e0 Paris. Aspirant peintre \u00e0 l\u2019\u00e9poque, il avait \u00e9lu domicile au <strong data-start=\"1121\" data-end=\"1162\">Bateau-Lavoir<\/strong>, haut lieu de la boh\u00e8me artistique qui accueillit notamment Picasso au d\u00e9but du XX\u1d49 si\u00e8cle. C\u2019est l\u00e0 que le peintre cubiste r\u00e9alisa Jeune fille \u00e0 la corbeille de fleurs. Luc, lui, se consacrait surtout \u00e0 des autoportraits nus\u2026<\/p>\n<p><strong data-start=\"1393\" data-end=\"1469\">Maxim\u2019s Paris, d\u00e9cor d\u2019une discussion \u00e0 c\u0153ur ouvert entre Mindy et Alfie<\/strong><\/p>\n<p data-start=\"1393\" data-end=\"1838\">Symbole de l\u2019exc\u00e8s parisien du XX\u1d49 si\u00e8cle, <a href=\"https:\/\/www.timeout.fr\/paris\/actualites\/maxims-ritz-laurent-les-classiques-du-luxe-parisien-reprennent-des-couleurs-102723\" target=\"_blank\" rel=\"noopener\"><strong data-start=\"1515\" data-end=\"1532\">Maxim\u2019s Paris<\/strong><\/a> a vu d\u00e9filer t\u00eates couronn\u00e9es, artistes et c\u00e9l\u00e9brit\u00e9s. Dans l\u2019un de ses salons historiques, Mindy confie \u00e0 Alfie qu\u2019au lieu d\u2019incarner Satine dans Moulin Rouge, elle s\u2019est retrouv\u00e9e cast\u00e9e en prostitu\u00e9e rat, Ratine, dans Moulin Rat. Le film Midnight in Paris de Woody Allen y a \u00e9galement \u00e9t\u00e9 tourn\u00e9.<\/p>\n<p><strong data-start=\"1840\" data-end=\"1906\">Gabriel et Emily se retrouvent autour d\u2019un d\u00eener au Train Bleu<\/strong><\/p>\n<p data-start=\"1840\" data-end=\"2261\">Situ\u00e9 \u00e0 l\u2019\u00e9tage de la gare de Lyon, <a href=\"https:\/\/www.timeout.fr\/paris\/restaurants\/le-train-bleu\" target=\"_blank\" rel=\"noopener\"><strong data-start=\"1945\" data-end=\"1962\">Le Train Bleu<\/strong><\/a> est le d\u00e9cor Belle \u00c9poque de la r\u00e9union d\u2019Emily et Gabriel apr\u00e8s le tour du monde de ce dernier. Sous les lustres dor\u00e9s et les banquettes bleu roi, ils \u00e9voquent ses voyages au Sri Lanka, en Tha\u00eflande et \u00e0 Amsterdam. Parmi les habitu\u00e9s historiques du lieu : Coco Chanel, Brigitte Bardot\u2026 et Mr Bean.<\/p>\n<p><strong data-start=\"2263\" data-end=\"2329\">Alfie et Mindy dansent jusqu\u2019au bout de la nuit au Bains Paris<\/strong><\/p>\n<p data-start=\"2263\" data-end=\"2715\">Ancien \u00e9tablissement de bains priv\u00e9s fr\u00e9quent\u00e9 par l\u2019\u00e9lite boh\u00e8me et intellectuelle, <strong data-start=\"2417\" data-end=\"2458\">Bains Paris<\/strong> est devenu dans les ann\u00e9es 1980 un club mythique, accueillant David Bowie ou Mick Jagger. Aujourd\u2019hui h\u00f4tel cinq \u00e9toiles, club, spa et restaurant, c\u2019est aussi l\u00e0 que la tension monte entre Mindy et Alfie, le temps d\u2019un tango argentin sur la piste de danse.<\/p>\n<p><strong data-start=\"2717\" data-end=\"2782\">Emily teste une nouvelle astuce marketing \u00e0 l\u2019H\u00f4tel du Louvre<\/strong><\/p>\n<p data-start=\"2717\" data-end=\"3170\">Construit en 1855, <strong data-start=\"2804\" data-end=\"2823\">H\u00f4tel du Louvre<\/strong> est l\u2019un des tout premiers h\u00f4tels de luxe parisiens. Freud ou Arthur Conan Doyle y ont s\u00e9journ\u00e9, et c\u2019est le seul \u00e9tablissement offrant une vue directe sur le mus\u00e9e du Louvre. Emily y invente une technique marketing improbable : frotter un hamburger sur sa main pour attirer l\u2019attention du chien d\u2019un client potentiel. \u00c9tonnamment, \u00e7a fonctionne.<\/p>\n<p><strong data-start=\"3172\" data-end=\"3234\">Sylvie et Laurent se retrouvent \u00e0 l\u2019H\u00f4tel Le Bristol Paris<\/strong><\/p>\n<p data-start=\"3172\" data-end=\"3600\" data-is-last-node=\"\" data-is-only-node=\"\">Apr\u00e8s avoir fr\u00e9quent\u00e9 les plus belles tables romaines avec Giancarlo, Sylvie retrouve son mari Laurent \u00e0 l\u2019<strong data-start=\"3344\" data-end=\"3370\">H\u00f4tel Le Bristol Paris<\/strong>. Ensemble, ils se rem\u00e9morent leur \u00ab Belle \u00c9poque \u00bb \u00e0 Saint-Tropez, quarante ans plus t\u00f4t, avant de finir le dessert dans la suite de Laurent. La toute nouvelle suite Imp\u00e9riale de l\u2019h\u00f4tel affiche un tarif \u00e0 45 000\u00a0euros la nuit.<\/p>\n<p>Et aussi&#8230;<\/p>\n<p data-start=\"3172\" data-end=\"3600\">On croise Mindy attabl\u00e9e \u00e0 <strong data-start=\"129\" data-end=\"152\">La Fontaine Gaillon<\/strong> avec Nico et Marcello, Sylvie d\u00e9jeunant sous les ors du <strong data-start=\"209\" data-end=\"226\">Le Grand Caf\u00e9<\/strong>, ou toute la bande refaisant le monde autour d\u2019un verre \u00e0 la <strong data-start=\"288\" data-end=\"320\">Brasserie de l\u2019H\u00f4tel du Nord<\/strong>. Pause espresso en terrasse au <strong data-start=\"352\" data-end=\"383\">Le Jardin de Verre by Locke<\/strong>, d\u00e9tour par <strong data-start=\"396\" data-end=\"416\">L\u2019Esprit de Gigi<\/strong> \u2014 QG de Gabriel (Lucas Bravo), rebaptis\u00e9 Terra Nera hors cam\u00e9ra \u2014 et fid\u00e9lit\u00e9 intacte \u00e0 la <strong data-start=\"495\" data-end=\"518\">Boulangerie Moderne<\/strong>, o\u00f9 Emily ach\u00e8te son pain depuis la saison 1.<\/p>\n<p data-start=\"3172\" data-end=\"3600\">D\u00eener programm\u00e9 chez <strong data-start=\"586\" data-end=\"601\">Lafayette\u2019s<\/strong>, pinte nostalgique au <strong data-start=\"624\" data-end=\"658\">Brass and Bourbon American Pub<\/strong> (en vrai, The Financier), cocktail feutr\u00e9 au <strong data-start=\"704\" data-end=\"724\">H\u00f4tel de Crillon<\/strong>, d\u00e9jeuner arty au <strong data-start=\"743\" data-end=\"754\">Bambini<\/strong>, retrouvailles conjugales au <strong data-start=\"784\" data-end=\"800\">114 Faubourg<\/strong>,\u00a0absinthe partag\u00e9e <strong data-start=\"864\" data-end=\"891\">Au Rendez-Vous des Amis<\/strong>, et discussion m\u00e8re-fille chez <strong data-start=\"923\" data-end=\"942\">Les Deux Magots<\/strong>. Une cartographie parisienne tr\u00e8s vivante, entre institutions, repaires de quartier et d\u00e9cors d\u00e9j\u00e0 mythifi\u00e9s par la s\u00e9rie.<\/p>\n","protected":false},"excerpt":{"rendered":"Sylvie sous le feu des projecteurs \u00e0 la Fondation Louis Vuitton Imagin\u00e9 par l\u2019architecte star Frank Gehry (d\u00e9c\u00e9d\u00e9&hellip;\n","protected":false},"author":2,"featured_media":629631,"comment_status":"","ping_status":"","sticky":false,"template":"","format":"standard","meta":{"footnotes":""},"categories":[1888],"tags":[11,73896,73895,650,1777,674,1011,27,12,626,25],"class_list":{"0":"post-629630","1":"post","2":"type-post","3":"status-publish","4":"format-standard","5":"has-post-thumbnail","7":"category-paris","8":"tag-actualites","9":"tag-actualites-cinema","10":"tag-categories-cinema","11":"tag-cinema","12":"tag-eu","13":"tag-europe","14":"tag-fr","15":"tag-france","16":"tag-news","17":"tag-paris","18":"tag-republique-francaise"},"share_on_mastodon":{"url":"https:\/\/pubeurope.com\/@fr\/115808002564013829","error":""},"_links":{"self":[{"href":"https:\/\/www.europesays.com\/fr\/wp-json\/wp\/v2\/posts\/629630","targetHints":{"allow":["GET"]}}],"collection":[{"href":"https:\/\/www.europesays.com\/fr\/wp-json\/wp\/v2\/posts"}],"about":[{"href":"https:\/\/www.europesays.com\/fr\/wp-json\/wp\/v2\/types\/post"}],"author":[{"embeddable":true,"href":"https:\/\/www.europesays.com\/fr\/wp-json\/wp\/v2\/users\/2"}],"replies":[{"embeddable":true,"href":"https:\/\/www.europesays.com\/fr\/wp-json\/wp\/v2\/comments?post=629630"}],"version-history":[{"count":0,"href":"https:\/\/www.europesays.com\/fr\/wp-json\/wp\/v2\/posts\/629630\/revisions"}],"wp:featuredmedia":[{"embeddable":true,"href":"https:\/\/www.europesays.com\/fr\/wp-json\/wp\/v2\/media\/629631"}],"wp:attachment":[{"href":"https:\/\/www.europesays.com\/fr\/wp-json\/wp\/v2\/media?parent=629630"}],"wp:term":[{"taxonomy":"category","embeddable":true,"href":"https:\/\/www.europesays.com\/fr\/wp-json\/wp\/v2\/categories?post=629630"},{"taxonomy":"post_tag","embeddable":true,"href":"https:\/\/www.europesays.com\/fr\/wp-json\/wp\/v2\/tags?post=629630"}],"curies":[{"name":"wp","href":"https:\/\/api.w.org\/{rel}","templated":true}]}}