{"id":629646,"date":"2025-12-30T10:24:11","date_gmt":"2025-12-30T10:24:11","guid":{"rendered":"https:\/\/www.europesays.com\/fr\/629646\/"},"modified":"2025-12-30T10:24:11","modified_gmt":"2025-12-30T10:24:11","slug":"dossier-lue-entre-le-marteau-americain-et-lenclume-chinoise","status":"publish","type":"post","link":"https:\/\/www.europesays.com\/fr\/629646\/","title":{"rendered":"Dossier : L&rsquo;UE entre le marteau am\u00e9ricain et l&rsquo;enclume chinoise"},"content":{"rendered":"<p><b>Depuis la rentr\u00e9e, l\u2019Union europ\u00e9enne (UE) \u00e9volue dans un contexte commercial de plus en plus tendu, prise entre des \u00c9tats-Unis au protectionnisme assum\u00e9 et une Chine dont les exportations continuent de se red\u00e9ployer vers le march\u00e9 europ\u00e9en. \u00c0 eux deux, ces partenaires concentrent pr\u00e8s de 30 % du commerce ext\u00e9rieur de l\u2019UE, pla\u00e7ant Bruxelles dans une position d\u2019\u00e9quilibre d\u00e9licate entre ouverture des \u00e9changes et protection de son tissu productif.<\/b><\/p>\n<p>C\u00f4t\u00e9 am\u00e9ricain, les relations transatlantiques restent marqu\u00e9es par des frictions persistantes. Malgr\u00e9 un commerce de biens qui d\u00e9passe <b>900 milliards d\u2019euros par an<\/b>, plusieurs droits de douane demeurent en place, parfois<b> sup\u00e9rieurs \u00e0 15 %<\/b> dans certains secteurs industriels, notamment la sid\u00e9rurgie, les v\u00e9hicules utilitaires, certains composants automobiles et des \u00e9quipements industriels. \u00c0 cela s\u2019ajoutent des dispositifs massifs de soutien \u00e0 la production locale, conditionn\u00e9s \u00e0 des exigences de contenu local, qui compliquent l\u2019acc\u00e8s au march\u00e9 pour les exportateurs europ\u00e9ens.<\/p>\n<p>Pendant ce temps, les <b>tensions <\/b>entre Washington et P\u00e9kin se r\u00e9percutent directement sur l\u2019Europe. La redirection d\u2019une partie des flux chinois vers l\u2019UE accentue les risques de surcapacit\u00e9s et de concurrence sur les prix, tandis que Bruxelles renforce le recours \u00e0 ses instruments de d\u00e9fense commerciale, avec plus de <b>150 mesures en vigueur<\/b>, dont une part significative visant la Chine.\u00a0<\/p>\n<p>Pour aller plus loin, nous avons s\u00e9lectionn\u00e9 des articles r\u00e9cemment parus dans nos newsletters hebdomadaires, <b>L\u2019Info Export<\/b> et <b>Daf Export<\/b>.<\/p>\n<p><strong>D\u00e9cembre<\/strong><\/p>\n<p><strong>Novembre<\/strong><\/p>\n<p><strong>Octobre<\/strong><\/p>\n<p><strong>Septembre<\/strong><\/p>\n<p>K\u00e9tana Men<\/p>\n","protected":false},"excerpt":{"rendered":"Depuis la rentr\u00e9e, l\u2019Union europ\u00e9enne (UE) \u00e9volue dans un contexte commercial de plus en plus tendu, prise entre&hellip;\n","protected":false},"author":2,"featured_media":629647,"comment_status":"","ping_status":"","sticky":false,"template":"","format":"standard","meta":{"footnotes":""},"categories":[1586],"tags":[11,309,73,1777,674,1779,1011,27,12,25,1778,364],"class_list":{"0":"post-629646","1":"post","2":"type-post","3":"status-publish","4":"format-standard","5":"has-post-thumbnail","7":"category-europe","8":"tag-actualites","9":"tag-chine","10":"tag-etats-unis","11":"tag-eu","12":"tag-europe","13":"tag-european-union","14":"tag-fr","15":"tag-france","16":"tag-news","17":"tag-republique-francaise","18":"tag-ue","19":"tag-union-europeenne"},"share_on_mastodon":{"url":"https:\/\/pubeurope.com\/@fr\/115808034071866344","error":""},"_links":{"self":[{"href":"https:\/\/www.europesays.com\/fr\/wp-json\/wp\/v2\/posts\/629646","targetHints":{"allow":["GET"]}}],"collection":[{"href":"https:\/\/www.europesays.com\/fr\/wp-json\/wp\/v2\/posts"}],"about":[{"href":"https:\/\/www.europesays.com\/fr\/wp-json\/wp\/v2\/types\/post"}],"author":[{"embeddable":true,"href":"https:\/\/www.europesays.com\/fr\/wp-json\/wp\/v2\/users\/2"}],"replies":[{"embeddable":true,"href":"https:\/\/www.europesays.com\/fr\/wp-json\/wp\/v2\/comments?post=629646"}],"version-history":[{"count":0,"href":"https:\/\/www.europesays.com\/fr\/wp-json\/wp\/v2\/posts\/629646\/revisions"}],"wp:featuredmedia":[{"embeddable":true,"href":"https:\/\/www.europesays.com\/fr\/wp-json\/wp\/v2\/media\/629647"}],"wp:attachment":[{"href":"https:\/\/www.europesays.com\/fr\/wp-json\/wp\/v2\/media?parent=629646"}],"wp:term":[{"taxonomy":"category","embeddable":true,"href":"https:\/\/www.europesays.com\/fr\/wp-json\/wp\/v2\/categories?post=629646"},{"taxonomy":"post_tag","embeddable":true,"href":"https:\/\/www.europesays.com\/fr\/wp-json\/wp\/v2\/tags?post=629646"}],"curies":[{"name":"wp","href":"https:\/\/api.w.org\/{rel}","templated":true}]}}