{"id":629650,"date":"2025-12-30T10:27:10","date_gmt":"2025-12-30T10:27:10","guid":{"rendered":"https:\/\/www.europesays.com\/fr\/629650\/"},"modified":"2025-12-30T10:27:10","modified_gmt":"2025-12-30T10:27:10","slug":"la-belle-annee-de-hinaupoko-celine-deveze-miss-france-2026-qui-a-grandi-dans-le-gard","status":"publish","type":"post","link":"https:\/\/www.europesays.com\/fr\/629650\/","title":{"rendered":"La belle ann\u00e9e de\u2026 Hinaupoko C\u00e9line Dev\u00e8ze, Miss France 2026, qui a grandi dans le Gard"},"content":{"rendered":"<p>\n                                                                Le 6\u00a0d\u00e9cembre 2025 restera, pour\u00a0Hinaupoko C\u00e9line Dev\u00e8ze, une date m\u00e9morable. Ce soir-l\u00e0, devant des millions de t\u00e9l\u00e9spectateurs, elle est sacr\u00e9e Miss France 2026. Et malgr\u00e9 l\u2019\u00e9charpe Miss Tahiti, c\u2019est bien dans le Gard que la jeune femme a grandi. Retour sur ce parcours d\u2019exception.\n                            <\/p>\n<p>\u00ab\u00a0Belle\u00a0\u00bb, \u00ab\u00a0souriante\u00a0\u00bb, \u00ab\u00a0attentionn\u00e9e\u00a0\u00bb. Les compliments ne manquent pas aux habitants de Pompignan pour qualifier\u00a0Hinaupoko C\u00e9line Dev\u00e8ze, la Miss France 2026. Couronn\u00e9e le 6\u00a0d\u00e9cembre 2025, devant des millions de t\u00e9l\u00e9spectateurs, cette jeune femme de 23 ans fait la fiert\u00e9 de cette petite commune du Gard. Car si lors du concours, c\u2019est l\u2019\u00e9charpe de Miss Tahiti qu\u2019elle portait fi\u00e8rement, c\u2019est bien ici, \u00e0 Pompignan qu\u2019elle a grandi.<\/p>\n<p>Une bonne \u00e9l\u00e8ve et une enfant soucieuse des autres<\/p>\n<p>Arriv\u00e9e en 2008, Hinaupoko\u00a0Dev\u00e8ze, plus connue sous son pr\u00e9nom fran\u00e7ais C\u00e9line, a pass\u00e9 toutes ses ann\u00e9es primaires \u00e0 Pompignan, du CE1 au CM2. C\u2019est \u00e0 cette \u00e9poque qu\u2019Andr\u00e9a l\u2019a rencontr\u00e9e. \u00ab\u00a0C\u2019\u00e9tait quelqu\u2019un de bienveillante, douce, toujours \u00e0 faire attention aux autres\u00a0\u00bb, racontait-elle au lendemain du sacre de cette star locale. Une jeune fille qui marquait d\u00e9j\u00e0 par sa prestance. Bonne \u00e9l\u00e8ve, selon les dires de l\u2019ancien directeur de l\u2019\u00e9cole, Hinaupoko C\u00e9line Dev\u00e8ze a ensuite poursuivi sa scolarit\u00e9 au coll\u00e8ge de Saint-Hippolyte-du-Fort, avant de partir \u00e0 Montpellier o\u00f9 elle a \u00e9t\u00e9 au lyc\u00e9e puis \u00e0 l\u2019universit\u00e9.<\/p>\n<p>Finalement, en 2023, elle d\u00e9cide de retourner vivre \u00e0 Tahiti avec sa m\u00e8re, et c\u2019est l\u00e0 que la belle aventure Miss France d\u00e9butera. \u00ab\u00a0On savait qu\u2019elle allait gagner, on y croyait dur comme fer\u00a0\u00bb, pr\u00e9cisait Andr\u00e9a. En plus de sa beaut\u00e9, c\u2019est aussi sa personnalit\u00e9 qui rend fier les Gardois. \u00c0 l\u2019image d\u2019Aur\u00e9lien, qui a bien connu la jeune femme et sa famille.\u00a0\u00ab\u00a0Son discours sur la sant\u00e9 mentale, je trouve que c\u2019est bien qu\u2019elle parle de cet enjeu-l\u00e0\u00a0\u00bb, expliquait-il, \u00e0 son tour, d\u00e9but d\u00e9cembre. Il se souvient d\u2019une enfant \u00ab\u00a0tr\u00e8s bien \u00e9lev\u00e9e\u00a0\u00bb.<\/p>\n<p>Une ann\u00e9e 2026 charg\u00e9e<\/p>\n<p>Pour\u00a0Hinaupoko C\u00e9line Dev\u00e8ze, l\u2019ann\u00e9e 2025 s\u2019est donc finie en beaut\u00e9. Et avec un emploi du temps bien charg\u00e9\u00a0! Multipliant les passages sur les plateaux t\u00e9l\u00e9 depuis son \u00e9lection, la Miss France 2026 risque de ne pas avoir beaucoup de r\u00e9pit pour l\u2019ann\u00e9e qui s\u2019ensuit. En tout cas, \u00e0 Pompignan, o\u00f9 vit toujours son p\u00e8re, une chose est s\u00fbre\u00a0: le maire comme les habitants l\u2019attendent de pieds fermes pour c\u00e9l\u00e9brer le sacre de cette Miss France locale.<\/p>\n","protected":false},"excerpt":{"rendered":"Le 6\u00a0d\u00e9cembre 2025 restera, pour\u00a0Hinaupoko C\u00e9line Dev\u00e8ze, une date m\u00e9morable. Ce soir-l\u00e0, devant des millions de t\u00e9l\u00e9spectateurs, elle&hellip;\n","protected":false},"author":2,"featured_media":629651,"comment_status":"","ping_status":"","sticky":false,"template":"","format":"standard","meta":{"footnotes":""},"categories":[4],"tags":[11,58,1011,27,2679,3034,12,2682,25,68925],"class_list":{"0":"post-629650","1":"post","2":"type-post","3":"status-publish","4":"format-standard","5":"has-post-thumbnail","7":"category-france","8":"tag-actualites","9":"tag-divertissement","10":"tag-fr","11":"tag-france","12":"tag-gard","13":"tag-miss-france","14":"tag-news","15":"tag-nimes","16":"tag-republique-francaise","17":"tag-tu00e9lu00e9-mu00e9dias"},"share_on_mastodon":{"url":"https:\/\/pubeurope.com\/@fr\/115808046087254245","error":""},"_links":{"self":[{"href":"https:\/\/www.europesays.com\/fr\/wp-json\/wp\/v2\/posts\/629650","targetHints":{"allow":["GET"]}}],"collection":[{"href":"https:\/\/www.europesays.com\/fr\/wp-json\/wp\/v2\/posts"}],"about":[{"href":"https:\/\/www.europesays.com\/fr\/wp-json\/wp\/v2\/types\/post"}],"author":[{"embeddable":true,"href":"https:\/\/www.europesays.com\/fr\/wp-json\/wp\/v2\/users\/2"}],"replies":[{"embeddable":true,"href":"https:\/\/www.europesays.com\/fr\/wp-json\/wp\/v2\/comments?post=629650"}],"version-history":[{"count":0,"href":"https:\/\/www.europesays.com\/fr\/wp-json\/wp\/v2\/posts\/629650\/revisions"}],"wp:featuredmedia":[{"embeddable":true,"href":"https:\/\/www.europesays.com\/fr\/wp-json\/wp\/v2\/media\/629651"}],"wp:attachment":[{"href":"https:\/\/www.europesays.com\/fr\/wp-json\/wp\/v2\/media?parent=629650"}],"wp:term":[{"taxonomy":"category","embeddable":true,"href":"https:\/\/www.europesays.com\/fr\/wp-json\/wp\/v2\/categories?post=629650"},{"taxonomy":"post_tag","embeddable":true,"href":"https:\/\/www.europesays.com\/fr\/wp-json\/wp\/v2\/tags?post=629650"}],"curies":[{"name":"wp","href":"https:\/\/api.w.org\/{rel}","templated":true}]}}