{"id":629654,"date":"2025-12-30T10:29:09","date_gmt":"2025-12-30T10:29:09","guid":{"rendered":"https:\/\/www.europesays.com\/fr\/629654\/"},"modified":"2025-12-30T10:29:09","modified_gmt":"2025-12-30T10:29:09","slug":"le-but-est-de-ne-pas-sortir-du-terrain-thomas-pujol-maintient-le-bon-cap-avec-lalterna-stade-poitevin","status":"publish","type":"post","link":"https:\/\/www.europesays.com\/fr\/629654\/","title":{"rendered":"\u00ab\u00a0Le but est de ne pas sortir du terrain\u00a0\u00bb, Thomas Pujol maintient le bon cap avec l\u2019Alterna Stade Poitevin"},"content":{"rendered":"<p><strong>Alterna Stade Poitevin\u00a0&#8211; Tourcoing<\/strong><\/p>\n<p>Comme tous ses co\u00e9quipiers et les membres du staff de l\u2019Alterna Stade Poitevin, Thomas Pujol a eu droit \u00e0 quelques jours de vacances la semaine pass\u00e9e pour f\u00eater No\u00ebl. Si Dan Lewis a, par exemple, profit\u00e9 de cette petite coupure pour d\u00e9couvrir Biarritz et la c\u00f4te basque, le r\u00e9ceptionneur-attaquant a, lui, pris la direction du Tarn et de la petite cit\u00e9 de Puylaurens pour retrouver les siens.<\/p>\n<p>Il a peut-\u00eatre profit\u00e9 de ce court s\u00e9jour sur ses terres pour revoir le ch\u00e2teau Cap de Castel, qui date du XIIIe si\u00e8cle, et maintenir celui qui est le sien depuis son arriv\u00e9e dans la Vienne. Car apr\u00e8s une premi\u00e8re saison professionnelle de d\u00e9couverte, la plupart du temps pass\u00e9e dans le coin des rempla\u00e7ants, le jeune homme de 20\u00a0ans est en train de confirmer tout son potentiel. Et de le montrer \u00e0 tous surtout, en encha\u00eenant les titularisations et les belles performances, \u00e0 l\u2019image de sa d\u00e9monstration, en 16e\u00a0de finale aller de la Coupe CEV, contre le Panathina\u00efkos (18 attaques gagnantes \u00e0 64\u00a0% d\u2019efficacit\u00e9, 2 contres gagnants\u00a0; 56\u00a0% de r\u00e9ceptions positives). \u00ab\u00a0Mon objectif \u00e9tait de devenir titulaire, si possible indiscutable, glisse-t-il. Pour l\u2019instant, je joue beaucoup et j\u2019essaye de faire durer \u00e7a le plus longtemps possible. Le but est de ne pas sortir du terrain.\u00a0\u00bb<\/p>\n","protected":false},"excerpt":{"rendered":"Alterna Stade Poitevin\u00a0&#8211; Tourcoing Comme tous ses co\u00e9quipiers et les membres du staff de l\u2019Alterna Stade Poitevin, Thomas&hellip;\n","protected":false},"author":2,"featured_media":629655,"comment_status":"","ping_status":"","sticky":false,"template":"","format":"standard","meta":{"footnotes":""},"categories":[1417],"tags":[1392,1654,1011,27,1655,1653,60,1584,1470,1469],"class_list":{"0":"post-629654","1":"post","2":"type-post","3":"status-publish","4":"format-standard","5":"has-post-thumbnail","7":"category-volley","8":"tag-a-la-une-local","9":"tag-alterna-stade-poitevin-volley-ball","10":"tag-fr","11":"tag-france","12":"tag-ligue-a","13":"tag-poitiers","14":"tag-sports","15":"tag-vienne","16":"tag-volley","17":"tag-volleyball"},"share_on_mastodon":{"url":"https:\/\/pubeurope.com\/@fr\/115808053740542543","error":""},"_links":{"self":[{"href":"https:\/\/www.europesays.com\/fr\/wp-json\/wp\/v2\/posts\/629654","targetHints":{"allow":["GET"]}}],"collection":[{"href":"https:\/\/www.europesays.com\/fr\/wp-json\/wp\/v2\/posts"}],"about":[{"href":"https:\/\/www.europesays.com\/fr\/wp-json\/wp\/v2\/types\/post"}],"author":[{"embeddable":true,"href":"https:\/\/www.europesays.com\/fr\/wp-json\/wp\/v2\/users\/2"}],"replies":[{"embeddable":true,"href":"https:\/\/www.europesays.com\/fr\/wp-json\/wp\/v2\/comments?post=629654"}],"version-history":[{"count":0,"href":"https:\/\/www.europesays.com\/fr\/wp-json\/wp\/v2\/posts\/629654\/revisions"}],"wp:featuredmedia":[{"embeddable":true,"href":"https:\/\/www.europesays.com\/fr\/wp-json\/wp\/v2\/media\/629655"}],"wp:attachment":[{"href":"https:\/\/www.europesays.com\/fr\/wp-json\/wp\/v2\/media?parent=629654"}],"wp:term":[{"taxonomy":"category","embeddable":true,"href":"https:\/\/www.europesays.com\/fr\/wp-json\/wp\/v2\/categories?post=629654"},{"taxonomy":"post_tag","embeddable":true,"href":"https:\/\/www.europesays.com\/fr\/wp-json\/wp\/v2\/tags?post=629654"}],"curies":[{"name":"wp","href":"https:\/\/api.w.org\/{rel}","templated":true}]}}