{"id":629664,"date":"2025-12-30T10:38:10","date_gmt":"2025-12-30T10:38:10","guid":{"rendered":"https:\/\/www.europesays.com\/fr\/629664\/"},"modified":"2025-12-30T10:38:10","modified_gmt":"2025-12-30T10:38:10","slug":"meghan-markle-et-harry-grilles-dans-un-supermarche-londonien-leur-premier-date-particulierement-cocasse","status":"publish","type":"post","link":"https:\/\/www.europesays.com\/fr\/629664\/","title":{"rendered":"Meghan Markle et Harry grill\u00e9s \u00ab\u00a0dans un supermarch\u00e9\u00a0\u00bb londonien, leur premier date particuli\u00e8rement cocasse"},"content":{"rendered":"<p>Par <a class=\"author_recette\" id=\"author_name\" href=\"https:\/\/www.nextplz.fr\/auteur\/noelle-binet\" target=\"_blank\" rel=\"noopener\">No\u00eblle<br \/>\nBinet<\/a> &#8211;<br \/>\nPubli\u00e9 le 30 D\u00e9c 2025 \u00e0<br \/>\n07:30<\/p>\n<p class=\"article-intro excerpt\">Voil\u00e0 pr\u00e8s de 10 ans que Meghan<br \/>\nMarkle et le prince Harry forment l\u2019un des couples les plus solides<br \/>\ndu gotha. Ayant l\u2019habitude de faire la Une des journaux<br \/>\ninternationaux, les Sussex ont visiblement \u00e9t\u00e9 vus dans un<br \/>\nsupermarch\u00e9 londonien, de quoi choquer certains sujets du roi<br \/>\nCharles III !<\/p>\n<p>Depuis cinq ans, Meghan Markle et le prince Harry assurent \u00eatre<br \/>\nheureux de s\u00a0\u00bb\u00eatre \u00e9mancip\u00e9s de Buckingham Palace. D\u00e9sormais<br \/>\ninstall\u00e9s aux \u00c9tats-Unis, les parents d&rsquo;Archi et Lilibet semblent<br \/>\nprosp\u00e9rer en dehors du Royaume-Uni. Cette ann\u00e9e encore, ils ont<br \/>\nd&rsquo;ailleurs pass\u00e9 les f\u00eates de No\u00ebl en Californie, loin de la<br \/>\nFirme.<\/p>\n<p>Le prince Harry raconte son premier rendez-vous avec Meghan Markle,<br \/>\net \u00e7a vaut le d\u00e9tour<\/p>\n<p>Depuis leur rupture avec les Windsor, les Sussex se sont<br \/>\nplusieurs fois attir\u00e9s leurs foudres en multipliant les<br \/>\nd\u00e9clarations fracassantes ! Attaqu\u00e9 de toutes parts, le couple se<br \/>\nfait dor\u00e9navant beaucoup plus discret. Bien des ann\u00e9es apr\u00e8s leur<br \/>\nbelle rencontre, Meghan Markle et Harry semblent s&rsquo;aimer comme au<br \/>\npremier jour. Dans un \u00e9pisode du podcast Armchair Expert With<br \/>\nDax Shepard, le <a href=\"https:\/\/www.nextplz.fr\/personnalite\/prince-harry\/\" target=\"_blank\" rel=\"noopener\">fils cadet du<br \/>\nroi Charles III<\/a> \u00e9tait revenu sur un \u00e9pisode amusant qu&rsquo;il a<br \/>\nv\u00e9cu il y a bien des ann\u00e9es avec son \u00e9pouse. Au d\u00e9but de leur belle<br \/>\nidylle, ces derniers ont multipli\u00e9 les subterfuges pour \u00e9chapper<br \/>\naux paparazzis\u2026 Et leur tout premier date se serait m\u00eame orchestr\u00e9<br \/>\n\u00e0 la vue de tous.<\/p>\n<p>\u00ab\u00a0Il y avait des gens qui me regardaient, qui me lan\u00e7aient des<br \/>\nregards bizarres\u00a0\u00bb<\/p>\n<p>\u00ab\u00a0<a href=\"https:\/\/www.google.com\/search?q=meghan+markle+nextplz&amp;oq=meghan+markle+nextplz&amp;gs_lcrp=EgZjaHJvbWUyBggAEEUYOTIGCAEQRRhAMgYIAhBFGDwyBggDEEUYPNIBCDQ3NjNqMGo0qAIAsAIA&amp;sourceid=chrome&amp;ie=UTF-8\" target=\"_blank\" rel=\"noopener\">La premi\u00e8re fois que Meghan<\/a> et moi nous nous<br \/>\nsommes retrouv\u00e9s pour passer du temps ensemble c\u2019\u00e9tait dans un<br \/>\nsupermarch\u00e9 \u00e0 Londres\u00a0\u00bb, a confi\u00e9 le prince Harry. Pour tromper<br \/>\ntout le monde, les tourtereaux faisaient visiblement mine de faire<br \/>\ndes courses tout en s&rsquo;envoyant des messages. \u00ab\u00a0Il y avait des<br \/>\ngens qui me regardaient, qui me lan\u00e7aient des regards bizarres, ils<br \/>\nvenaient et me disaient &lsquo;bonjour&rsquo;, et j\u2019\u00e9tais l\u00e0 en train d\u2019envoyer<br \/>\nun texto \u00e0 Meghan en demandant :\u00a0&lsquo;Est-ce que c\u2019est la bonne<br \/>\nr\u00e9f\u00e9rence ?&rsquo;. Elle r\u00e9pondait : &lsquo;Non, il faut du papier sulfuris\u00e9&rsquo;.<br \/>\nJe disais alors : &lsquo;Ok, o\u00f9 est le papier sulfuris\u00e9 ?'\u00a0\u00bb, s&rsquo;est<br \/>\nrem\u00e9mor\u00e9 l&rsquo;ancien militaire de 41 ans.<\/p>\n<p>Une histoire d&rsquo;amour qui perdure malgr\u00e9 les hauts et les bas<\/p>\n<p>Si ce choix de rendez-vous \u00e9tait tout de m\u00eame risqu\u00e9, le prince<br \/>\nHarry et Meghan Markle ont fait de leur maximum pour passer<br \/>\ninaper\u00e7us. \u00ab\u00a0Nous portions chacun une casquette de baseball et<br \/>\nnous \u00e9tions l\u00e0 \u00e0 regarder le sol, tout en essayant de rester<br \/>\nincognito\u00a0\u00bb, a rench\u00e9ri l&rsquo;oncle de George, Charlotte et Louis,<br \/>\nles souvenirs plein la t\u00eate. En tout cas, les Sussex ont eu l&rsquo;un<br \/>\npour l&rsquo;autre un v\u00e9ritable coup de foudre. Apr\u00e8s un mariage royal en<br \/>\n2018 \u00e0 Windsor, au Royaume-Uni, le duo a accueilli deux adorables<br \/>\nbambins : <a href=\"https:\/\/www.nextplz.fr\/famille-royale\/494040-personne-ne-les-a-vus-les-enfants-dharry-et-meghan-markle-au-coeur-detranges-theories-qui-inquietent\" target=\"_blank\" rel=\"noopener\"><br \/>\nArchie (2019) et Lilibet (2021<\/a>). Pour prot\u00e9ger son clan des<br \/>\ntablo\u00efds britanniques, le prince Harry \u2014 qui a point\u00e9 du doigt le<br \/>\nmanque de soutien de la couronne\u00a0\u2014 n&rsquo;a pas h\u00e9sit\u00e9 \u00e0 quitter<br \/>\nses terres natales.<\/p>\n<p>Une demande en mariage ultra-romantique orchestr\u00e9e en toute<br \/>\nsimplicit\u00e9<\/p>\n<p>Attaqu\u00e9e de toutes parts avant leur exil, Meghan Markle avait<br \/>\nd&rsquo;ailleurs r\u00e9v\u00e9l\u00e9 dans leur s\u00e9rie documentaire Harry &amp;<br \/>\nMeghan d\u00e9voil\u00e9e sur Netflix, qu&rsquo;elle avait envisag\u00e9 le<br \/>\nsuicide. En plus d&rsquo;accuser des <a href=\"https:\/\/www.nextplz.fr\/famille-royale\/468562-meghan-markle-affirme-etre-devenue-noire-en-frequentant-le-prince-harry#:~:text=Les%20Sussex%20accusent%20la%20famille%20royale%20de%20racisme&amp;text=Des%20propos%20qui%20auraient%20%C3%A9t%C3%A9,aurait%20eu%20des%20pens%C3%A9es%20sombres.\" target=\"_blank\" rel=\"noopener\"><br \/>\nmembres de la famille royale de racism<\/a>e, le prince Harry avait<br \/>\naussi livr\u00e9 plus de d\u00e9tails sur sa demande en mariage qui s&rsquo;est<br \/>\nd\u00e9roul\u00e9e en 2017, en toute intimit\u00e9, cette fois-ci \u00e0 Nottingham<br \/>\nCottage, dans son ancienne maison au palais de Kensington.<br \/>\n\u00ab\u00a0J&rsquo;ai fait sauter une bouteille de champagne pendant qu&rsquo;elle<br \/>\ngraissait le poulet et cela a un peu trahi le jeu\u00a0\u00bb, a expliqu\u00e9<br \/>\nle beau-fr\u00e8re de Kate Middleton. \u00ab\u00a0Elle m&rsquo;a dit : &lsquo;Tu ne bois<br \/>\npas de champagne&rsquo;. J&rsquo;ai r\u00e9pondu : &lsquo;Je ne sais pas&rsquo;. Je l&rsquo;avais<br \/>\njuste pos\u00e9 par ici, peu importe&#8230;\u00a0\u00bb. Bien \u00e9videmment, une fois<br \/>\nsa demande faite, Meghan Markle a r\u00e9pondu un grand \u00ab\u00a0oui\u00a0\u00bb. La suite,<br \/>\nvous la connaissez&#8230;<\/p>\n","protected":false},"excerpt":{"rendered":"Par No\u00eblle Binet &#8211; Publi\u00e9 le 30 D\u00e9c 2025 \u00e0 07:30 Voil\u00e0 pr\u00e8s de 10 ans que Meghan&hellip;\n","protected":false},"author":2,"featured_media":629665,"comment_status":"","ping_status":"","sticky":false,"template":"","format":"standard","meta":{"footnotes":""},"categories":[1359],"tags":[21303,58,59,1011,27,973,65861],"class_list":{"0":"post-629664","1":"post","2":"type-post","3":"status-publish","4":"format-standard","5":"has-post-thumbnail","7":"category-people","8":"tag-buzz_nonli","9":"tag-divertissement","10":"tag-entertainment","11":"tag-fr","12":"tag-france","13":"tag-people","14":"tag-trend"},"share_on_mastodon":{"url":"https:\/\/pubeurope.com\/@fr\/115808089125385072","error":""},"_links":{"self":[{"href":"https:\/\/www.europesays.com\/fr\/wp-json\/wp\/v2\/posts\/629664","targetHints":{"allow":["GET"]}}],"collection":[{"href":"https:\/\/www.europesays.com\/fr\/wp-json\/wp\/v2\/posts"}],"about":[{"href":"https:\/\/www.europesays.com\/fr\/wp-json\/wp\/v2\/types\/post"}],"author":[{"embeddable":true,"href":"https:\/\/www.europesays.com\/fr\/wp-json\/wp\/v2\/users\/2"}],"replies":[{"embeddable":true,"href":"https:\/\/www.europesays.com\/fr\/wp-json\/wp\/v2\/comments?post=629664"}],"version-history":[{"count":0,"href":"https:\/\/www.europesays.com\/fr\/wp-json\/wp\/v2\/posts\/629664\/revisions"}],"wp:featuredmedia":[{"embeddable":true,"href":"https:\/\/www.europesays.com\/fr\/wp-json\/wp\/v2\/media\/629665"}],"wp:attachment":[{"href":"https:\/\/www.europesays.com\/fr\/wp-json\/wp\/v2\/media?parent=629664"}],"wp:term":[{"taxonomy":"category","embeddable":true,"href":"https:\/\/www.europesays.com\/fr\/wp-json\/wp\/v2\/categories?post=629664"},{"taxonomy":"post_tag","embeddable":true,"href":"https:\/\/www.europesays.com\/fr\/wp-json\/wp\/v2\/tags?post=629664"}],"curies":[{"name":"wp","href":"https:\/\/api.w.org\/{rel}","templated":true}]}}