{"id":629666,"date":"2025-12-30T10:39:20","date_gmt":"2025-12-30T10:39:20","guid":{"rendered":"https:\/\/www.europesays.com\/fr\/629666\/"},"modified":"2025-12-30T10:39:20","modified_gmt":"2025-12-30T10:39:20","slug":"le-peintre-guy-fontaine-expose-a-trouville","status":"publish","type":"post","link":"https:\/\/www.europesays.com\/fr\/629666\/","title":{"rendered":"le peintre Guy Fontaine expose \u00e0 Trouville"},"content":{"rendered":"<p>                    Par<br \/>\n        <strong><br \/>\n            <a href=\"https:\/\/actu.fr\/auteur\/redaction-pa\" title=\"Consulter tous les articles de R\u00e9daction Le Pays d&#039;Auge\" target=\"_blank\" rel=\"noopener\">R\u00e9daction Le Pays d&rsquo;Auge<\/a><br \/>\n                    <\/strong><\/p>\n<p>        Publi\u00e9 le<\/p>\n<p>            29 d\u00e9c. 2025 \u00e0 18h10        <\/p>\n<p>Trouvillais de naissance, <a href=\"https:\/\/actu.fr\/normandie\/deauville_14220\/deauville-depuis-pres-de-30-ans-le-peintre-guy-fontaine-pose-son-chevalet-sur-les-planches_60026321.html\" target=\"_blank\" rel=\"noopener\">Guy Fontaine<\/a> est aujourd\u2019hui connu pour ses tableaux repr\u00e9sentant notamment <b>des sc\u00e8nes de vie sur les plages <\/b>de <a href=\"https:\/\/actu.fr\/normandie\/trouville-sur-mer_14715\" target=\"_blank\" rel=\"noopener\">Trouville-sur-Mer<\/a> et de <a href=\"https:\/\/actu.fr\/normandie\/deauville_14220\" target=\"_blank\" rel=\"noopener\">Deauville<\/a> (Calvados).<\/p>\n<p class=\" wall-content\">\u00ab\u2009J\u2019ai commenc\u00e9 par la peinture de b\u00e2timent, raconte l\u2019artiste qui expose \u00e0 l\u2019h\u00f4tel de ville. \u00c0 l\u2019arm\u00e9e, j\u2019ai dessin\u00e9 avec un gars qui avait fait les Beaux-arts. J\u2019ai bien aim\u00e9. Quand je suis rentr\u00e9, j\u2019ai fait une \u00e9cole de d\u00e9coration dans l\u2019Essonne et je suis devenu peintre d\u00e9corateur en b\u00e2timent \u00e0 Trouville. \u00c0 l\u2019\u00e9poque, je peignais des tableaux pour le plaisir dans mon atelier et puis un jour j\u2019ai rencontr\u00e9 un peintre qui m\u2019a dit que je ferai mieux de peindre dehors. Je l\u2019ai \u00e9cout\u00e9 et c\u2019est comme \u00e7a que tout a commenc\u00e9. <b>Et \u00e7a fait cinquante ans que je peins<\/b>\u2009\u00bb.<\/p>\n<p>Peindre dehors l\u2019\u00e9t\u00e9<\/p>\n<p class=\" wall-content\">De ce fait, d\u00e8s que les beaux jours arrivent, Guy Fontaine rejoint sa cabine sur les planches de Deauville. Une cabine qu\u2019il a depuis 13\u00a0ans apr\u00e8s l\u2019avoir attendue 10\u00a0ans environ. Tous les jours il y vient, souvent accompagn\u00e9 de son \u00e9pouse. \u00ab\u2009Ce qui est important dans un tableau c\u2019est de cr\u00e9er une ambiance, un mouvement. La mer, la plage, c\u2019est mon th\u00e8me de pr\u00e9dilection. Il n\u2019y a pas un jour qui ressemble \u00e0 un autre. J\u2019aime jouer avec la lumi\u00e8re et les ombres\u2009\u00bb.<\/p>\n<p class=\" wall-content\">Avant et apr\u00e8s la belle saison, il peint souvent sur les planches de Trouville alors que l\u2019hiver il reste chez lui, o\u00f9 il a une pi\u00e8ce d\u00e9di\u00e9e \u00e0 son art et \u00ab\u2009peint \u00e0 partir de croquis\u2009\u00bb.<\/p>\n<p>    <img   decoding=\"async\" loading=\"lazy\" class=\"size-large\" src=\"https:\/\/www.europesays.com\/fr\/wp-content\/uploads\/2025\/12\/dd038dc53fe46f1138dc53fe4c5138v-960x640.jpg\" alt=\"Guy Fontaine ne cesse de plaindre sur les planches.\" width=\"960\" height=\"640\"\/><br \/>\n    Guy Fontaine ne cesse de plaindre sur les planches. \u00a9Marie-Madeleine REMOLEURVid\u00e9os : en ce moment sur Actu25 tableaux expos\u00e9s \u00e0 la mairie<\/p>\n<p class=\" wall-content\">Outre le plaisir de peindre, \u00eatre sur les planches permet de<b> faire des rencontres et d\u2019\u00e9changer avec les passants\u2009<\/b>: \u00ab\u2009Quand on se retrouve \u00e0 la retraite du jour au lendemain, c\u2019est dur de ne plus avoir de contacts. Avec la cabine, on a l\u2019occasion de parler \u00e0 plein de gens\u2009; c\u2019est agr\u00e9able\u2009\u00bb indique Brigitte son \u00e9pouse.<\/p>\n<p class=\" wall-content\">\u00ab\u2009D\u2019ailleurs, la maire de Trouville vient r\u00e9guli\u00e8rement se promener sur les planches \u00e0 Deauville et c\u2019est comme cela qu\u2019elle est venue me parler et me proposer d\u2019exposer \u00e0 l\u2019h\u00f4tel de ville. J\u2019ai tout de suite accept\u00e9, c\u2019\u00e9tait tr\u00e8s gentil de sa part\u2009\u00bb rench\u00e9rit Guy Fontaine. Et c\u2019est ainsi qu\u2019il expose jusqu\u2019au 23\u00a0janvier, <b>25 tableaux au premier \u00e9tage de la mairie<\/b>.<\/p>\n<p>Votre r\u00e9gion, votre actu !<\/p>\n<p>Recevez chaque jour les infos qui comptent pour vous.<\/p>\n<p>\t<a href=\"https:\/\/actu.fr\/newsletter\" class=\"ac-btn ac-btn--corner ac-btn--medium ac-btn--blue800\" target=\"_blank\" rel=\"noopener\">S&rsquo;incrire<\/a><br \/>\n\u00ab\u2009Mon mari est connu\u2009\u00bb<\/p>\n<p class=\" wall-content\">\u00c0 force de ventes aux ench\u00e8res, notamment \u00e0 la salle des ventes d\u2019Honfleur, <b>l\u2019artiste a aujourd\u2019hui une c\u00f4te Art Price et Akoun<\/b>. \u00ab\u2009\u00c7a aide pour fixer le prix et \u00e7a rassure les acheteurs\u2009\u00bb pr\u00e9cise Brigitte qui semble s\u2019occuper de l\u2019aspect commercial et des relations avec les clients.<\/p>\n<p class=\" wall-content\">\u00ab\u2009Et puis, <b>vous savez mon mari, il est connu<\/b>\u2026 pas seulement par les gens que l\u2019on voit r\u00e9guli\u00e8rement sur les planches mais aussi parce qu\u2019il est pass\u00e9 \u00e0 la <b>t\u00e9l\u00e9vision<\/b>\u2026 \u00e0 Thalassa, au JT de 13\u2009h de TF1 et de France 2\u2009\u00bb indique Brigitte avec fiert\u00e9.<\/p>\n<p>Exposition du 15\u00a0d\u00e9cembre au 23\u00a0janvier \u2013 1er \u00e9tage de l\u2019H\u00f4tel de Ville, 164 boulevard Fernand Moureaux. Ouvert du lundi au vendredi de 9\u2009h\u200930 \u00e0 12\u2009h et de 13\u2009h\u200930 \u00e0 17\u2009h.<\/p>\n<p class=\" wall-content\">Personnalisez votre actualit\u00e9 en ajoutant vos villes et m\u00e9dias en favori avec <a href=\"https:\/\/moncompte.actu.fr\" title=\"D\u00e9couvez Mon Actu\" rel=\"nofollow noopener\" data-trk=\"{&quot;cta&quot;:{&quot;action&quot;:&quot;https:\\\/\\\/moncompte.actu.fr&quot;,&quot;category&quot;:&quot;mon compte&quot;,&quot;from&quot;:&quot;article footer&quot;,&quot;name&quot;:&quot;Mon actu&quot;,&quot;type&quot;:&quot;cta&quot;}}\" target=\"_blank\">Mon Actu<\/a>.<\/p>\n","protected":false},"excerpt":{"rendered":"Par R\u00e9daction Le Pays d&rsquo;Auge Publi\u00e9 le 29 d\u00e9c. 2025 \u00e0 18h10 Trouvillais de naissance, Guy Fontaine est&hellip;\n","protected":false},"author":2,"featured_media":629667,"comment_status":"","ping_status":"","sticky":false,"template":"","format":"standard","meta":{"footnotes":""},"categories":[1358],"tags":[1348,1384,1385,1386,58,59,1011,27,1652],"class_list":{"0":"post-629666","1":"post","2":"type-post","3":"status-publish","4":"format-standard","5":"has-post-thumbnail","7":"category-arts-et-design","8":"tag-arts","9":"tag-arts-and-design","10":"tag-arts-et-design","11":"tag-design","12":"tag-divertissement","13":"tag-entertainment","14":"tag-fr","15":"tag-france","16":"tag-loisirs-culture"},"share_on_mastodon":{"url":"https:\/\/pubeurope.com\/@fr\/115808093063158390","error":""},"_links":{"self":[{"href":"https:\/\/www.europesays.com\/fr\/wp-json\/wp\/v2\/posts\/629666","targetHints":{"allow":["GET"]}}],"collection":[{"href":"https:\/\/www.europesays.com\/fr\/wp-json\/wp\/v2\/posts"}],"about":[{"href":"https:\/\/www.europesays.com\/fr\/wp-json\/wp\/v2\/types\/post"}],"author":[{"embeddable":true,"href":"https:\/\/www.europesays.com\/fr\/wp-json\/wp\/v2\/users\/2"}],"replies":[{"embeddable":true,"href":"https:\/\/www.europesays.com\/fr\/wp-json\/wp\/v2\/comments?post=629666"}],"version-history":[{"count":0,"href":"https:\/\/www.europesays.com\/fr\/wp-json\/wp\/v2\/posts\/629666\/revisions"}],"wp:featuredmedia":[{"embeddable":true,"href":"https:\/\/www.europesays.com\/fr\/wp-json\/wp\/v2\/media\/629667"}],"wp:attachment":[{"href":"https:\/\/www.europesays.com\/fr\/wp-json\/wp\/v2\/media?parent=629666"}],"wp:term":[{"taxonomy":"category","embeddable":true,"href":"https:\/\/www.europesays.com\/fr\/wp-json\/wp\/v2\/categories?post=629666"},{"taxonomy":"post_tag","embeddable":true,"href":"https:\/\/www.europesays.com\/fr\/wp-json\/wp\/v2\/tags?post=629666"}],"curies":[{"name":"wp","href":"https:\/\/api.w.org\/{rel}","templated":true}]}}