{"id":629668,"date":"2025-12-30T10:41:13","date_gmt":"2025-12-30T10:41:13","guid":{"rendered":"https:\/\/www.europesays.com\/fr\/629668\/"},"modified":"2025-12-30T10:41:13","modified_gmt":"2025-12-30T10:41:13","slug":"star-academy-a-24-ans-cette-candidate-attend-son-premier-enfant","status":"publish","type":"post","link":"https:\/\/www.europesays.com\/fr\/629668\/","title":{"rendered":"Star Academy : \u00c0 24 ans, cette candidate attend son premier enfant !"},"content":{"rendered":"<p>                <img loading=\"lazy\" decoding=\"async\" src=\"https:\/\/www.europesays.com\/fr\/wp-content\/uploads\/2025\/04\/144-64f8c016610ee-35x35-1.jpg\" class=\"author-article-picture\" width=\"35\" height=\"35\"\/><\/p>\n<p>                    Par<\/p>\n<p>                                            <a class=\"author-article-bio-link\" href=\"https:\/\/www.purepeople.com\/auteur\/louise-martin_a144\" target=\"_blank\" rel=\"noopener\">Louise Martin<\/a><\/p>\n<p>                    |<\/p>\n<p>                                            R\u00e9dactrice<\/p>\n<p>\n                Koh Lanta, Les Marseillais mais aussi Mari\u00e9s au Premier regards\u2026 Louise Martin est une t\u00e9l\u00e9vore qui essaye, \u00e0 ses heures perdues, de refaire les g\u00e2teaux qu\u2019elle admire devant le Meilleur P\u00e2tissier\u2026 mais elle ne risque pas de gagner le tablier bleu ! Les r\u00e9seaux sociaux n\u2019ont pas de secret pour elle, les derniers scoops, les derni\u00e8res \u00e9missions, elle les conna\u00eet tous.\n            <\/p>\n<p>\n    La famille \u00ab\u00a0Star Academy\u00a0\u00bb s&rsquo;agrandit ! \u00c0 quelques heures de la nouvelle ann\u00e9e, une ex-candidate incontournable du t\u00e9l\u00e9-crochet de TF1 a annonc\u00e9 une merveilleuse nouvelle \u00e0 ses fans : elle attend son premier enfant. Et \u00e0 en croire les photos publi\u00e9es sur les r\u00e9seaux, la naissance est pour bient\u00f4t  !\n<\/p>\n<p>                            <img loading=\"lazy\" decoding=\"async\" class=\"player-thumbnail\" src=\"https:\/\/www.europesays.com\/fr\/wp-content\/uploads\/2025\/12\/ca9358026ee52827-580x326-2.jpg\" width=\"580\" height=\"326\"\/><\/p>\n<p>                            Star Academy : \u00c0 24 ans, cette ex-\u00e9l\u00e8ve qui a marqu\u00e9 l&rsquo;\u00e9mission attend son premier enfant !<\/p>\n<p>La suite apr\u00e8s la publicit\u00e9<\/p>\n<p>La saison 13 de la Star Academy bat son plein ! Ce samedi 27 d\u00e9cembre, \u00e0 l&rsquo;issue d&rsquo;un prime consacr\u00e9 aux \u00e9valuations en direct,<strong> <\/strong><a href=\"https:\/\/www.purepeople.com\/article\/star-academy-apres-des-evaluations-en-direct-le-public-a-choisi-deliminer-cette-candidate-elle-avait-obtenu-la-moins-bonne-note_a545920\/1\" target=\"_blank\" rel=\"noopener\"><strong>le public a choisi d&rsquo;\u00e9liminer M\u00e9lissa<\/strong><\/a>. Mais rassurez-vous, ce n&rsquo;est pas parce que l&rsquo;aventure Star Academy se termine, que la carri\u00e8re musicale des \u00e9l\u00e8ves est stopp\u00e9e. Bien au contraire, <strong>ils sont nombreux \u00e0 conna\u00eetre un beau succ\u00e8s <\/strong>depuis leur passage dans l&rsquo;\u00e9mission. Parmi eux, <a href=\"https:\/\/www.purepeople.com\/people\/pierre-garnier_p322533\" target=\"_blank\" rel=\"noopener\">Pierre Garnier<\/a>, qui a <a href=\"https:\/\/www.purepeople.com\/article\/on-va-se-quitter-un-moment-pierre-garnier-fait-une-annonce-apres-une-annee-de-tournee_a545464\/1\" target=\"_blank\" rel=\"noopener\">fait une annonce apr\u00e8s un an non-stop de tourn\u00e9e<\/a>, ou encore <a href=\"https:\/\/www.purepeople.com\/article\/pierre-garnier-avec-helena-sur-scene-a-bruxelles-cette-video-qui-fait-reagir-les-internautes_a545219\/1\" target=\"_blank\" rel=\"noopener\">Helena<\/a>, <a href=\"https:\/\/www.purepeople.com\/article\/pourquoi-marguerite-ne-jouera-finalement-pas-dans-le-film-de-judith-godreche-les-producteurs-sexpliquent_a544190\/1\" target=\"_blank\" rel=\"noopener\">Marguerite<\/a>, <a href=\"https:\/\/www.purepeople.com\/article\/apres-marguerite-une-autre-figure-phare-de-la-star-academy-2024-va-faire-ses-debuts-au-cinema_a544573\/1\" target=\"_blank\" rel=\"noopener\">Marine<\/a>, <a href=\"https:\/\/www.purepeople.com\/article\/julien-lieb-star-academy-pret-a-passer-un-cap-dans-sa-vie-aux-cotes-damelie-nos-enfants-auront-tes-cheveux-et-mon-sourire_a542981\/1\" target=\"_blank\" rel=\"noopener\">Julien Lieb<\/a>, ou encore <a href=\"https:\/\/www.purepeople.com\/article\/star-academy-une-aura-de-star-lenie-vacher-evoque-la-nouvelle-promotion-et-devoile-le-nom-de-leleve-quelle-prefere_a545529\/1\" target=\"_blank\" rel=\"noopener\">L\u00e9nie, qui a d\u00e9voil\u00e9 le nom de son \u00e9l\u00e8ve favori cette ann\u00e9e<\/a>. C&rsquo;est aussi le cas de <strong>L\u00e9a Haddad, l&rsquo;un des visages phares de la promotion 2022<\/strong> avec<a href=\"https:\/\/www.purepeople.com\/article\/star-academy-2023-qu-est-devenue-anisha-jo-la-gagnante-de-l-an-dernier-qui-avait-emu-le-public-avec-son-histoire-forte_a515989\/1\" target=\"_blank\" rel=\"noopener\"> la grande gagnante, Anisha Jo<\/a>. D&rsquo;ailleurs, l&rsquo;artiste de 24 ans, suivie par plus de 134 000 internautes, a fait une grande annonce \u00e0 ses fans&#8230;<\/p>\n<p>L\u00e9a Haddad sera bient\u00f4t maman !<\/p>\n<p>Ce lundi 29 d\u00e9cembre 2025, \u00e0 quelques heures seulement de la nouvelle ann\u00e9e, L\u00e9a Haddad, qui \u00e9tait <a href=\"https:\/\/www.purepeople.com\/article\/lea-haddad-absente-du-prime-des-anciens-de-la-star-acadamy-la-chanteuse-fait-une-mise-au-point-importante_a544569\/1\" target=\"_blank\" rel=\"noopener\">absente du prime des anciens en novembre dernier<\/a>, a partag\u00e9 une merveilleuse nouvelle avec ses abonn\u00e9s : <strong>elle attend son premier enfant ! <\/strong>Dans une publication Instagram, la future maman de 24 d\u00e9voile son baby bump (d\u00e9j\u00e0 bien rond), et exprime sa joie immense : \u00ab\u00a0Ce n\u2019est pas toujours facile, mais je suis profond\u00e9ment reconnaissante pour ce cadeau qui rappelle que \u00e7a vaut la peine de se battre. Merci la vie, vraiment\u00a0\u00bb.<\/p>\n<p>Pour rappel, le 5 juin 2024,<strong> <\/strong><a href=\"https:\/\/www.purepeople.com\/article\/videos-mariage-surprise-et-grandiose-pour-une-candidate-de-la-star-academy-une-celebre-proche-vend-la-meche_a523928\/1\" target=\"_blank\" rel=\"noopener\"><strong>L\u00e9a Haddad s&rsquo;\u00e9tait mari\u00e9e avec son amoureux Alon<\/strong><\/a><strong>. <\/strong>Dans une vid\u00e9o partag\u00e9e sur les r\u00e9seaux, la jeune mari\u00e9e v\u00eatue d&rsquo;une robe blanche tr\u00e8s sexy interpr\u00e9tait la chanson mythique I Will Survive, tout en descendant des escaliers. Un mariage, un b\u00e9b\u00e9, et beaucoup d&rsquo;amour, donc !<\/p>\n<p>Les anciens de la Star Academy la f\u00e9licitent<\/p>\n<p>Les internautes se sont empress\u00e9s de f\u00e9liciter la future maman. Parmi eux, <strong>des noms bien connus des fans de <\/strong><strong>Star Academy<\/strong>, comme <a href=\"https:\/\/www.purepeople.com\/article\/star-academy-anisha-jo-gagnante-de-l-edition-2022-victime-d-un-echec-cuisant_a519098\/1\" target=\"_blank\" rel=\"noopener\">Anisha Jo qui a connu un \u00e9chec apr\u00e8s sa victoire<\/a>. La jeune femme a \u00e9crit \u00e0 son amie : \u00ab\u00a0F\u00e9licitations\u00a0\u00bb avec des smileys en forme de c\u0153ur et yeux larmoyants. <a href=\"https:\/\/www.purepeople.com\/article\/en-prive-avec-adeline-toniutti-remplacee-dans-la-star-academy-2024-elle-revient-sur-son-eviction_a530051\/1\" target=\"_blank\" rel=\"noopener\">L&rsquo;ex-professeur de chant, Adeline Toniutti<\/a>, a comment\u00e9 avec plusieurs c\u0153urs, Ahcene, qui avait particip\u00e9 \u00e0 la saison 10 a \u00e9crit : \u00ab\u00a0Trop h\u00e2te de rencontrer ce petit bout\u00a0\u00bb, ou bien <a href=\"https:\/\/www.purepeople.com\/article\/exclu-leane-a-deja-son-favori-pour-remporter-la-star-academy-desormais-sortie-du-chateau-elle-ne-sen-cache-pas_a545013\/1\" target=\"_blank\" rel=\"noopener\">L\u00e9ane, la candidate de cette saison 13<\/a>, qui a comment\u00e9 : \u00ab\u00a0MAIS INCROYABLE CHOQU\u00c9E, F\u00c9LICITATIONS !\u00a0\u00bb.<\/p>\n","protected":false},"excerpt":{"rendered":"Par Louise Martin | R\u00e9dactrice Koh Lanta, Les Marseillais mais aussi Mari\u00e9s au Premier regards\u2026 Louise Martin est&hellip;\n","protected":false},"author":2,"featured_media":629669,"comment_status":"","ping_status":"","sticky":false,"template":"","format":"standard","meta":{"footnotes":""},"categories":[1356],"tags":[58,59,1011,27,252,1364],"class_list":{"0":"post-629668","1":"post","2":"type-post","3":"status-publish","4":"format-standard","5":"has-post-thumbnail","7":"category-television","8":"tag-divertissement","9":"tag-entertainment","10":"tag-fr","11":"tag-france","12":"tag-television","13":"tag-tv"},"share_on_mastodon":{"url":"https:\/\/pubeurope.com\/@fr\/115808101159951863","error":""},"_links":{"self":[{"href":"https:\/\/www.europesays.com\/fr\/wp-json\/wp\/v2\/posts\/629668","targetHints":{"allow":["GET"]}}],"collection":[{"href":"https:\/\/www.europesays.com\/fr\/wp-json\/wp\/v2\/posts"}],"about":[{"href":"https:\/\/www.europesays.com\/fr\/wp-json\/wp\/v2\/types\/post"}],"author":[{"embeddable":true,"href":"https:\/\/www.europesays.com\/fr\/wp-json\/wp\/v2\/users\/2"}],"replies":[{"embeddable":true,"href":"https:\/\/www.europesays.com\/fr\/wp-json\/wp\/v2\/comments?post=629668"}],"version-history":[{"count":0,"href":"https:\/\/www.europesays.com\/fr\/wp-json\/wp\/v2\/posts\/629668\/revisions"}],"wp:featuredmedia":[{"embeddable":true,"href":"https:\/\/www.europesays.com\/fr\/wp-json\/wp\/v2\/media\/629669"}],"wp:attachment":[{"href":"https:\/\/www.europesays.com\/fr\/wp-json\/wp\/v2\/media?parent=629668"}],"wp:term":[{"taxonomy":"category","embeddable":true,"href":"https:\/\/www.europesays.com\/fr\/wp-json\/wp\/v2\/categories?post=629668"},{"taxonomy":"post_tag","embeddable":true,"href":"https:\/\/www.europesays.com\/fr\/wp-json\/wp\/v2\/tags?post=629668"}],"curies":[{"name":"wp","href":"https:\/\/api.w.org\/{rel}","templated":true}]}}