{"id":629671,"date":"2025-12-30T10:43:35","date_gmt":"2025-12-30T10:43:35","guid":{"rendered":"https:\/\/www.europesays.com\/fr\/629671\/"},"modified":"2025-12-30T10:43:35","modified_gmt":"2025-12-30T10:43:35","slug":"le-troisieme-teaser-a-fuite-et-il-est-revelateur","status":"publish","type":"post","link":"https:\/\/www.europesays.com\/fr\/629671\/","title":{"rendered":"le troisi\u00e8me teaser a fuit\u00e9 et il est r\u00e9v\u00e9lateur"},"content":{"rendered":"<p>Marvel n\u2019a visiblement rien laiss\u00e9 au hasard avec <a href=\"https:\/\/www.journaldugeek.com\/2025\/12\/24\/avengers-doomsday-un-nouveau-teaser-en-vf-vient-de-fuiter\/\" target=\"_blank\" rel=\"noopener\">Avengers\u00a0: Doomsday<\/a>. Alors que la troisi\u00e8me bande-annonce teaser a circul\u00e9 quelques jours plus t\u00f4t que pr\u00e9vu sur les r\u00e9seaux sociaux, il appara\u00eet de plus en plus clairement que ces teasers s\u2019inscrivent dans une strat\u00e9gie marketing bien huil\u00e9e plut\u00f4t que dans une v\u00e9ritable perte de contr\u00f4le. Depuis plusieurs semaines, Marvel Studios d\u00e9ploie une campagne progressive, pens\u00e9e autour des projections en salles d\u2019<a href=\"https:\/\/www.journaldugeek.com\/dossier\/avatar-3-comment-expliquer-le-succes-james-cameron-et-le-casting-nous-donnent-les-3-cles-de-la-reussite\/\" target=\"_blank\" rel=\"noopener\">Avatar 3<\/a>.<\/p>\n<p> Les X-Men sur le devant de la sc\u00e8ne <\/p>\n<p>Le principe est simple. Un teaser par semaine, diffus\u00e9 exclusivement au cin\u00e9ma en avant-s\u00e9ance d\u2019Avatar\u00a0: de feu et de cendres, chacun mettant en avant un pilier du futur film \u00e9v\u00e9nement. Le premier extrait, rapidement mis en ligne officiellement, confirmait le retour de Steve Rogers incarn\u00e9 par Chris Evans. Le second, centr\u00e9 sur Thor, montrait un Chris Hemsworth plus grave que jamais, recentr\u00e9 sur la figure du p\u00e8re et la protection de sa fille adoptive. Le troisi\u00e8me teaser, d\u00e9di\u00e9 aux X-Men, n\u2019\u00e9chappe pas \u00e0 cette logique. S\u2019il a circul\u00e9 en avance, il est lui aussi destin\u00e9 \u00e0 \u00eatre diffus\u00e9 officiellement en salles dans les prochains jours, puis partag\u00e9 en ligne dans la foul\u00e9e.<\/p>\n<p>Ce troisi\u00e8me aper\u00e7u marque toutefois une \u00e9tape symbolique majeure pour le Marvel Cinematic Universe. Il <strong>confirme le retour assum\u00e9 des X-Men \u201cversion FOX\u201d<\/strong> avec Ian McKellen (Magneto), Patrick Stewart (Professeur Xavier) et James Marsden (Cyclope). Le teaser montre un manoir des X-Men ravag\u00e9, des sentinelles \u00e0 l\u2019attaque et une atmosph\u00e8re renforc\u00e9e par la voix de Magneto, \u00e9voquant la mort et l\u2019identit\u00e9 face \u00e0 l\u2019ultime combat. L\u2019image de Xavier et Magneto se tenant la main sugg\u00e8re une alliance importante.<\/p>\n<p> Des symboles forts pour ce troisi\u00e8me teaser <\/p>\n<p>Plut\u00f4t que de chercher \u00e0 tout r\u00e9v\u00e9ler, Marvel joue ici sur la m\u00e9moire collective. Les objets iconiques tels la chaise roulante ou encore le jeu d\u2019\u00e9checs servent de raccourcis \u00e9motionnels, rappelant l\u2019h\u00e9ritage des films X-Men tout en les int\u00e9grant \u00e0 une nouvelle narration plus large.<\/p>\n<p>Cette mont\u00e9e en puissance hebdomadaire n\u2019a rien d\u2019anodin. Marvel cherche clairement \u00e0 recr\u00e9er l\u2019\u00e9v\u00e9nement en salle, \u00e0 une \u00e9poque o\u00f9 la saturation du genre super-h\u00e9ro\u00efque impose de renouveler l\u2019exp\u00e9rience. En associant Avengers\u00a0: Doomsday \u00e0 Avatar 3, Disney capitalise sur un public massif et transforme chaque s\u00e9ance en vitrine promotionnelle qui lui sera bien utile pour faire gonfler les entr\u00e9es maintenant et \u00e0 l\u2019avenir.<\/p>\n<p>Le retard de diffusion du teaser X-Men ne change donc rien \u00e0 l\u2019\u00e9quation. Il sera bien montr\u00e9 officiellement, comme les autres. La vraie question n\u2019est pas celle de la fuite, mais celle de l\u2019efficacit\u00e9. Avengers\u00a0: Doomsday, attendu en 2026, se dessine d\u00e9j\u00e0 comme un pivot du MCU.<\/p>\n<blockquote style=\"border:1px solid #971048;border-radius:8px;\">\n<p class=\"text-base text-neutral-700 dark:text-neutral-300\" style=\"color:grey;\">\ud83d\udfe3 Pour ne manquer aucune news sur le Journal du Geek, <a href=\"https:\/\/profile.google.com\/cp\/CgwvZy8xejJ2N182c2MaHmh0dHBzOi8vd3d3LmpvdXJuYWxkdWdlZWsuY29tLw==?pf=6\" target=\"_blank\" rel=\"noopener\">suivez-nous sur Google<\/a> et sur notre canal <a href=\"https:\/\/whatsapp.com\/channel\/0029VaClM5y4tRry12tb7D2h\" target=\"_blank\" rel=\"noopener\">WhatsApp<\/a>. Et si vous nous adorez, on a <a href=\"https:\/\/www.journaldugeek.com\/newsletter\/\" target=\"_blank\" rel=\"noopener\">une newsletter tous les matins<\/a>.<\/p>\n<\/blockquote>\n","protected":false},"excerpt":{"rendered":"Marvel n\u2019a visiblement rien laiss\u00e9 au hasard avec Avengers\u00a0: Doomsday. Alors que la troisi\u00e8me bande-annonce teaser a circul\u00e9&hellip;\n","protected":false},"author":2,"featured_media":629672,"comment_status":"","ping_status":"","sticky":false,"template":"","format":"standard","meta":{"footnotes":""},"categories":[1354],"tags":[69323,4553,58,59,1346,1011,27,1360,26589],"class_list":{"0":"post-629671","1":"post","2":"type-post","3":"status-publish","4":"format-standard","5":"has-post-thumbnail","7":"category-films","8":"tag-avatar-de-feu-et-cendres","9":"tag-avengers-doomsday","10":"tag-divertissement","11":"tag-entertainment","12":"tag-films","13":"tag-fr","14":"tag-france","15":"tag-movies","16":"tag-x-men"},"share_on_mastodon":{"url":"https:\/\/pubeurope.com\/@fr\/115808108765038887","error":""},"_links":{"self":[{"href":"https:\/\/www.europesays.com\/fr\/wp-json\/wp\/v2\/posts\/629671","targetHints":{"allow":["GET"]}}],"collection":[{"href":"https:\/\/www.europesays.com\/fr\/wp-json\/wp\/v2\/posts"}],"about":[{"href":"https:\/\/www.europesays.com\/fr\/wp-json\/wp\/v2\/types\/post"}],"author":[{"embeddable":true,"href":"https:\/\/www.europesays.com\/fr\/wp-json\/wp\/v2\/users\/2"}],"replies":[{"embeddable":true,"href":"https:\/\/www.europesays.com\/fr\/wp-json\/wp\/v2\/comments?post=629671"}],"version-history":[{"count":0,"href":"https:\/\/www.europesays.com\/fr\/wp-json\/wp\/v2\/posts\/629671\/revisions"}],"wp:featuredmedia":[{"embeddable":true,"href":"https:\/\/www.europesays.com\/fr\/wp-json\/wp\/v2\/media\/629672"}],"wp:attachment":[{"href":"https:\/\/www.europesays.com\/fr\/wp-json\/wp\/v2\/media?parent=629671"}],"wp:term":[{"taxonomy":"category","embeddable":true,"href":"https:\/\/www.europesays.com\/fr\/wp-json\/wp\/v2\/categories?post=629671"},{"taxonomy":"post_tag","embeddable":true,"href":"https:\/\/www.europesays.com\/fr\/wp-json\/wp\/v2\/tags?post=629671"}],"curies":[{"name":"wp","href":"https:\/\/api.w.org\/{rel}","templated":true}]}}