{"id":629695,"date":"2025-12-30T10:59:33","date_gmt":"2025-12-30T10:59:33","guid":{"rendered":"https:\/\/www.europesays.com\/fr\/629695\/"},"modified":"2025-12-30T10:59:33","modified_gmt":"2025-12-30T10:59:33","slug":"brian-alainuuese-devrait-quitter-toulon-en-fin-de-saison","status":"publish","type":"post","link":"https:\/\/www.europesays.com\/fr\/629695\/","title":{"rendered":"Brian Alainu\u2019Uese devrait quitter Toulon en fin de saison"},"content":{"rendered":"<p>L\u2019information est sign\u00e9e Midi Olympique \u2013<\/p>\n<p>En fin de contrat avec le Rugby Club Toulonnais au mois de juin prochain, le deuxi\u00e8me ligne Brian Alainu\u2019Uese ne devrait pas poursuivre sa carri\u00e8re sur les bords de la Rade.<\/p>\n<p>Celui qui \u00e9tait arriv\u00e9 au RCT en 2019 en provenance de Glasgow va probablement mettre un terme \u00e0 son aventure Toulonnaise.<\/p>\n<p>Selon le bi-hebdomadaire, le joueur de 31 ans serait courtis\u00e9 avec insistance par plusieurs clubs Anglais.<\/p>\n<p>Certains clubs seraient pr\u00eats \u00e0 lui offrir une tr\u00e8s belle r\u00e9mun\u00e9ration pour le convaincre de quitter Toulon et le Top 14.<\/p>\n<p>Sauf retournement de situation donc, Brian Alainu\u2019Uese devrait connaitre ses six derniers mois avec le Rugby Club Toulonnais avant de relever un nouveau challenge sportif, outre-Manche.<\/p>\n<p><strong>Affaire \u00e0 suivre\u2026<\/strong><\/p>\n","protected":false},"excerpt":{"rendered":"L\u2019information est sign\u00e9e Midi Olympique \u2013 En fin de contrat avec le Rugby Club Toulonnais au mois de&hellip;\n","protected":false},"author":2,"featured_media":629696,"comment_status":"","ping_status":"","sticky":false,"template":"","format":"standard","meta":{"footnotes":""},"categories":[9619],"tags":[1111,11,1777,674,1011,27,12,882,25,2310],"class_list":{"0":"post-629695","1":"post","2":"type-post","3":"status-publish","4":"format-standard","5":"has-post-thumbnail","7":"category-toulon","8":"tag-actu","9":"tag-actualites","10":"tag-eu","11":"tag-europe","12":"tag-fr","13":"tag-france","14":"tag-news","15":"tag-provence-alpes-cote-dazur","16":"tag-republique-francaise","17":"tag-toulon"},"share_on_mastodon":{"url":"https:\/\/pubeurope.com\/@fr\/115808171719528500","error":""},"_links":{"self":[{"href":"https:\/\/www.europesays.com\/fr\/wp-json\/wp\/v2\/posts\/629695","targetHints":{"allow":["GET"]}}],"collection":[{"href":"https:\/\/www.europesays.com\/fr\/wp-json\/wp\/v2\/posts"}],"about":[{"href":"https:\/\/www.europesays.com\/fr\/wp-json\/wp\/v2\/types\/post"}],"author":[{"embeddable":true,"href":"https:\/\/www.europesays.com\/fr\/wp-json\/wp\/v2\/users\/2"}],"replies":[{"embeddable":true,"href":"https:\/\/www.europesays.com\/fr\/wp-json\/wp\/v2\/comments?post=629695"}],"version-history":[{"count":0,"href":"https:\/\/www.europesays.com\/fr\/wp-json\/wp\/v2\/posts\/629695\/revisions"}],"wp:featuredmedia":[{"embeddable":true,"href":"https:\/\/www.europesays.com\/fr\/wp-json\/wp\/v2\/media\/629696"}],"wp:attachment":[{"href":"https:\/\/www.europesays.com\/fr\/wp-json\/wp\/v2\/media?parent=629695"}],"wp:term":[{"taxonomy":"category","embeddable":true,"href":"https:\/\/www.europesays.com\/fr\/wp-json\/wp\/v2\/categories?post=629695"},{"taxonomy":"post_tag","embeddable":true,"href":"https:\/\/www.europesays.com\/fr\/wp-json\/wp\/v2\/tags?post=629695"}],"curies":[{"name":"wp","href":"https:\/\/api.w.org\/{rel}","templated":true}]}}