{"id":629697,"date":"2025-12-30T11:00:12","date_gmt":"2025-12-30T11:00:12","guid":{"rendered":"https:\/\/www.europesays.com\/fr\/629697\/"},"modified":"2025-12-30T11:00:12","modified_gmt":"2025-12-30T11:00:12","slug":"une-poissonnerie-durement-frappee-par-un-cambriolage-a-montpellier","status":"publish","type":"post","link":"https:\/\/www.europesays.com\/fr\/629697\/","title":{"rendered":"une poissonnerie durement frapp\u00e9e par un cambriolage \u00e0 Montpellier"},"content":{"rendered":"<p>                    Par<br \/>\n        <strong><br \/>\n            <a href=\"https:\/\/actu.fr\/auteur\/metropoop\" title=\"Consulter tous les articles de R\u00e9daction M\u00e9tropolitain\" target=\"_blank\" rel=\"noopener\">R\u00e9daction M\u00e9tropolitain<\/a><br \/>\n                    <\/strong><\/p>\n<p>        Publi\u00e9 le<\/p>\n<p>            30 d\u00e9c. 2025 \u00e0 10h35        <\/p>\n<p>Le cambriolage s\u2019est d\u00e9roul\u00e9<strong> entre le 24 et le 26 d\u00e9cembre<\/strong>, en pleine p\u00e9riode de f\u00eates de fin d\u2019ann\u00e9e. Un moment strat\u00e9gique, alors que l\u2019activit\u00e9 est intense et les stocks plus importants qu\u2019\u00e0 l\u2019ordinaire. La poissonnerie des halles Jacques C\u0153ur, situ\u00e9e dans le quartier d\u2019Antigone \u00e0 Montpellier, n\u2019a pas \u00e9chapp\u00e9 aux convoitises.<\/p>\n<p>    <a href=\"https:\/\/www.google.com\/maps\/embed?pb=!1m18!1m12!1m3!1d2888.867975055404!2d3.886872476459951!3d43.609290471104295!2m3!1f0!2f0!3f0!3m2!1i1024!2i768!4f13.1!3m3!1m2!1s0x12b6af85c2d3d3d7%3A0x7006e6768e702a!2sMarket%20Halles%20Jacques%20C%C5%93ur!5e0!3m2!1sfr!2sfr!4v1767084213542!5m2!1sfr!2sfr\" title=\"Ouvrie le lien\" target=\"_blank\" rel=\"noopener\">Cliquez ici pour visualiser le contenu<\/a><\/p>\n<p class=\" wall-content\">Le ou les auteurs ont d\u2019abord fractur\u00e9 le sas d\u2019entr\u00e9e du b\u00e2timent. Ils se sont ensuite dirig\u00e9s vers la poissonnerie, r\u00e9cemment reprise par de nouveaux g\u00e9rants. Le commerce avait chang\u00e9 de mains il y a seulement deux mois.\u00a0<\/p>\n<p>De l\u2019argent et des produits d\u00e9rob\u00e9s<\/p>\n<p class=\" wall-content\">\u00c0 l\u2019int\u00e9rieur, les malfaiteurs ont d\u00e9rob\u00e9 de l\u2019argent ainsi que plusieurs produits de valeur. Du caviar figure parmi les marchandises vol\u00e9es. Le pr\u00e9judice ne s\u2019arr\u00eate pas aux vols. Le mat\u00e9riel r\u00e9frig\u00e9rant a \u00e9t\u00e9 laiss\u00e9 ouvert apr\u00e8s l\u2019intrusion. Cette n\u00e9gligence a entra\u00een\u00e9 la perte d\u2019une grande partie des stocks de poissons et de fruits de mer. Face \u00e0 l\u2019ampleur des d\u00e9g\u00e2ts, les g\u00e9rants ont d\u00e9pos\u00e9 plainte. La police nationale s\u2019est rendue sur place afin d\u2019effectuer les constatations.\u00a0<\/p>\n<p class=\" wall-content\">Personnalisez votre actualit\u00e9 en ajoutant vos villes et m\u00e9dias en favori avec <a href=\"https:\/\/moncompte.actu.fr\" title=\"D\u00e9couvez Mon Actu\" rel=\"nofollow noopener\" data-trk=\"{&quot;cta&quot;:{&quot;action&quot;:&quot;https:\\\/\\\/moncompte.actu.fr&quot;,&quot;category&quot;:&quot;mon compte&quot;,&quot;from&quot;:&quot;article footer&quot;,&quot;name&quot;:&quot;Mon actu&quot;,&quot;type&quot;:&quot;cta&quot;}}\" target=\"_blank\">Mon Actu<\/a>.<\/p>\n","protected":false},"excerpt":{"rendered":"Par R\u00e9daction M\u00e9tropolitain Publi\u00e9 le 30 d\u00e9c. 2025 \u00e0 10h35 Le cambriolage s\u2019est d\u00e9roul\u00e9 entre le 24 et&hellip;\n","protected":false},"author":2,"featured_media":629698,"comment_status":"","ping_status":"","sticky":false,"template":"","format":"standard","meta":{"footnotes":""},"categories":[9599],"tags":[1111,11,1261,1174,1777,674,118,1011,27,2208,12,2680,1072,25],"class_list":{"0":"post-629697","1":"post","2":"type-post","3":"status-publish","4":"format-standard","5":"has-post-thumbnail","7":"category-montpellier","8":"tag-actu","9":"tag-actualites","10":"tag-argent","11":"tag-cambriolage","12":"tag-eu","13":"tag-europe","14":"tag-faits-divers","15":"tag-fr","16":"tag-france","17":"tag-montpellier","18":"tag-news","19":"tag-occitanie","20":"tag-police","21":"tag-republique-francaise"},"share_on_mastodon":{"url":"https:\/\/pubeurope.com\/@fr\/115808175651463444","error":""},"_links":{"self":[{"href":"https:\/\/www.europesays.com\/fr\/wp-json\/wp\/v2\/posts\/629697","targetHints":{"allow":["GET"]}}],"collection":[{"href":"https:\/\/www.europesays.com\/fr\/wp-json\/wp\/v2\/posts"}],"about":[{"href":"https:\/\/www.europesays.com\/fr\/wp-json\/wp\/v2\/types\/post"}],"author":[{"embeddable":true,"href":"https:\/\/www.europesays.com\/fr\/wp-json\/wp\/v2\/users\/2"}],"replies":[{"embeddable":true,"href":"https:\/\/www.europesays.com\/fr\/wp-json\/wp\/v2\/comments?post=629697"}],"version-history":[{"count":0,"href":"https:\/\/www.europesays.com\/fr\/wp-json\/wp\/v2\/posts\/629697\/revisions"}],"wp:featuredmedia":[{"embeddable":true,"href":"https:\/\/www.europesays.com\/fr\/wp-json\/wp\/v2\/media\/629698"}],"wp:attachment":[{"href":"https:\/\/www.europesays.com\/fr\/wp-json\/wp\/v2\/media?parent=629697"}],"wp:term":[{"taxonomy":"category","embeddable":true,"href":"https:\/\/www.europesays.com\/fr\/wp-json\/wp\/v2\/categories?post=629697"},{"taxonomy":"post_tag","embeddable":true,"href":"https:\/\/www.europesays.com\/fr\/wp-json\/wp\/v2\/tags?post=629697"}],"curies":[{"name":"wp","href":"https:\/\/api.w.org\/{rel}","templated":true}]}}