{"id":629707,"date":"2025-12-30T11:05:31","date_gmt":"2025-12-30T11:05:31","guid":{"rendered":"https:\/\/www.europesays.com\/fr\/629707\/"},"modified":"2025-12-30T11:05:31","modified_gmt":"2025-12-30T11:05:31","slug":"des-familles-a-la-rue-des-logements-vides-a-labbaye-des-annees-encore","status":"publish","type":"post","link":"https:\/\/www.europesays.com\/fr\/629707\/","title":{"rendered":"DES FAMILLES \u00c0 LA RUE, DES LOGEMENTS VIDES \u00c0 L&rsquo;ABBAYE DES ANN\u00c9ES ENCORE&#8230;"},"content":{"rendered":"<p>Posted On 30 d\u00e9cembre 2025 <\/p>\n<p>Les \u00e9lus Rouge\/Verts continuent \u00e0 larmoyer, discourir , mettre en cause \u00a0\u00bb l&rsquo;Etat\u00a0\u00bb , rappeler des engagements \u00a0\u00bb inconditionnels \u00a0\u00bb sur le logement&#8230; <a href=\"https:\/\/grenoble-le-changement.fr\/2025\/11\/21\/occupation-de-la-metro-la-gestion-du-logement-par-les-verts-lfi-explose\/\" target=\"_blank\" rel=\"noopener\">Quelques familles r\u00e9fugi\u00e9es dans le si\u00e8ge de la M\u00e9tropole place Andr\u00e9 Malraux<\/a> ont \u00e9t\u00e9 log\u00e9es \u00e0 Pont de Claix, la commune de Christophe Ferrari, le Pr\u00e9sident ( Place Publique) qui a voulu se border sur sa gauche.\u00a0<\/p>\n<p>Par cette op\u00e9ration apparement g\u00e9n\u00e9reuse , il montre du doigt les autres communes, surtout la principale, Grenoble, son Maire et son Adjointe C\u00e9line Deslattes ( Rouge\/Verts) cens\u00e9e \u00eatre toujours la plus g\u00e9n\u00e9reuse, la plus solidaire la plus, plus&#8230; Comme Laurence Ruffin, confortablement install\u00e9e \u00e0 Grenoble ,qui appelle \u00e0 la mixit\u00e9 et \u00e0 l&rsquo;accueil inconditionnel\u00a0 de tous les migrants, comme Piolle.<\/p>\n<p><img decoding=\"async\" data-id=\"85220\" src=\"https:\/\/grenoble-le-changement.fr\/wp-content\/uploads\/2025\/10\/Ruffin-Deslattes-belair-bertrand-.jpg\" alt=\"\" class=\"wp-image-85220 jetpack-lazy-image\" data-lazy-src=\"https:\/\/www.europesays.com\/fr\/wp-content\/uploads\/2025\/10\/Ruffin-Deslattes-belair-bertrand-.jpg\" \/><br \/>\nC\u00e9lines Deslattes ( \u00e0 gauche de L.Ruffin) toujours g\u00e9n\u00e9reuse avec l&rsquo;argent des autres, aux c\u00f4t\u00e9s de la vieille garde des \u00e9lus Rouge\/Verts , Olivier Bertrand, Bernard Macret, Keira Capdepon, J\u00e9r\u00f4me Cucarollo, Vincent Fristot, Antoine Back , la caution de l&rsquo;\u00e9tiquette PCF de Isabelle Peters : ils veulent continuer dans l&rsquo;irresponsabilit\u00e9 <\/p>\n<p><strong>LES \u00c9LUS ROUGE\/VERTS TOL\u00c9RENT LES MARCHANDS DE SOMMEIL<\/strong><\/p>\n<p>Mais l&rsquo;occupation du si\u00e8ge de la M\u00e9tropole par des familles jet\u00e9es \u00e0 la rue par&#8230; Pierre Bejjaji , Pr\u00e9sident d&rsquo;Actis, appartenant au groupe Piolle \u00e0 la M\u00e9tro, a d\u00e9montr\u00e9 \u00e0 nouveau le cynisme de ce syst\u00e8me politique.\u00a0 En effet ces migrants \u00e9taient victimes de&#8230; marchands de sommeil qui s\u00e9vissent dans les HLM depuis 5 ans !\u00a0Certains sont m\u00eame des locataires <a href=\"https:\/\/grenoble-le-changement.fr\/2025\/10\/16\/actis-la-gestion-catastrophiques-des-logements-sociaux-par-les-elus-verts\/\" target=\"_blank\" rel=\"noopener\">d&rsquo;Actis<strong>.<\/strong><\/a><\/p>\n<p><strong>ILS S&rsquo;ATTAQUENT AUX VICTIMES DES MARCHANDS DE SOMMEIL<\/strong><\/p>\n<p>Au lieu de s&rsquo;attaquer \u00e0 eux en enqu\u00eatant, d\u00e9posant plainte, cherchant des informations sur eux pour les confondre, les punir et les expulser, comme ils le feraient <a href=\"https:\/\/grenoble-le-changement.fr\/2025\/08\/18\/permis-de-louer-a-quand-son-application-aux-logements-geres-par-les-verts-lfi\/\" target=\"_blank\" rel=\"noopener\">contre des propri\u00e9taires priv\u00e9s<\/a>, nos \u00e9lus se sont attaqu\u00e9s aux victimes. Ce sont les migrants qui ont \u00e9t\u00e9 expuls\u00e9s et ceux qui avaient exerc\u00e9 y compris des violences sur eux, \u00e9pargn\u00e9s!\u00a0<\/p>\n<p><strong>L&rsquo;\u00c9LU PIOLLISTE CONFONDU SUR SES MENSONGES<\/strong><\/p>\n<p>Alain Carignon a mis en fureur les \u00e9lus Rouge\/verts en d\u00e9non\u00e7ant cette situation au Conseil M\u00e9tropolitain du 19 d\u00e9cembre. D&rsquo;autant qu&rsquo;il a rappel\u00e9 \u00e0 nouveau <a href=\"https:\/\/grenoble-le-changement.fr\/2025\/10\/21\/logements-vacants-grenoble-bat-le-record-national\/\" target=\"_blank\" rel=\"noopener\">la situation catastrophique des logements sociaux vides .<\/a> Mal en a pris \u00e0 Pierre Bejjaji d&rsquo;abuser de la m\u00e9thode classique d\u00e9non\u00e7ant des \u00ab\u00a0fakes\u00a0\u00bb . Le leader de l&rsquo;opposition a cit\u00e9 le compte rendu du Conseil d&rsquo;Administration d&rsquo;Actis de mai qui actait &#8230; 758 logements vides au 31\/12\/25 ! Ajoutant\u00a0 qu&rsquo;au sortir de sa descente de police \u00e0 Mistral, Catherine Seguin la Pr\u00e9f\u00e8te avait constat\u00e9 &#8230; 34 % de logements vides . \u00a0\u00bb Si elle ment pourquoi ne le lui dites vous pas?\u00a0\u00bb\u00a0 \u00a0L&rsquo;\u00e9lu Piolliste est demeur\u00e9 coi.\u00a0<\/p>\n<p><img decoding=\"async\" data-id=\"85573\" src=\"https:\/\/grenoble-le-changement.fr\/wp-content\/uploads\/2025\/10\/Capture-de\u0301cran-2025-10-20-a\u0300-10.56.25.png\" alt=\"\" class=\"wp-image-85573 jetpack-lazy-image\" data-lazy-src=\"https:\/\/www.europesays.com\/fr\/wp-content\/uploads\/2025\/10\/Capture-de\u0301cran-2025-10-20-a\u0300-10.56.25.png\" \/><br \/>\net la moiti\u00e9 des logements vacants sont dans le parc social !<\/p>\n<p><strong>LA MAJORIT\u00c9 ET L.RUFFIN FONT DE LA SURENCH\u00c9RE<\/strong><\/p>\n<p>Cet \u00e9tat de fait rend ridicule les rodomontades r\u00e9p\u00e9t\u00e9es sur \u00a0\u00bb la r\u00e9quisition des logements\u00a0\u00bb vides des vilains propri\u00e9taires. Pouss\u00e9 par le DAL, aux mains du NPA, et pour ne pas se faire d\u00e9passer par l&rsquo;extr\u00eame gauche, la majorit\u00e9 municipale et Laurence Ruffin font de<a href=\"https:\/\/grenoble-le-changement.fr\/2025\/08\/08\/logement-piolle-fait-exploser-la-grande-arnaque-de-laurence-ruffin-verts-lfi\/\" target=\"_blank\" rel=\"noopener\"> la surench\u00e8re politicienne \u00e0 ce sujet.\u00a0<\/a><\/p>\n<p><strong>POURQUOI LES \u00c9LUS ROUGE\/VERTS NE DONNENT PAS LES HLM VIDES?<\/strong>\u00a0<\/p>\n<p>Mais la question fondamentale est pos\u00e9e: pourquoi <a href=\"https:\/\/grenoble-le-changement.fr\/2025\/07\/12\/requisitions-de-logements-encore-une-fausse-annonce-de-piolle\/\" target=\"_blank\" rel=\"noopener\">ne pas \u00a0\u00bb r\u00e9quisitionner\u00a0\u00bb<\/a> d&rsquo;abord les logements vides g\u00e9r\u00e9s par des \u00e9lus Rouge\/Verts, Klauss Habfsat ( Grenoble-Habitat) et Pierre Bejjjaj! ( Actis) ?\u00a0 Environ 3000\u00a0 sont disponibles. Le Dal ne le demande d&rsquo;ailleurs pas car l&rsquo;organisation fait d&rsquo;abord de la politique. Il s&rsquo;agit de mettre en cause le capitalisme, le syst\u00e8me lib\u00e9ral , plut\u00f4t que de proposer vite des solutions de logements disponibles , qui d\u00e9pendent des \u00e9lus de l&rsquo;autre extr\u00eame gauche.<\/p>\n<p><strong>PARALYS\u00c9S PAR LEURS PROPRES EXC\u00c9S<\/strong><\/p>\n<p>De plus Laurence Ruffin et ses amis sont paralys\u00e9s par leurs propres exc\u00e8s : ils ne peuvent pas continuer \u00e0 entasser toute la mis\u00e8re du monde dans des quartiers d\u00e9j\u00e0 ghetto\u00efs\u00e9s, ingouvernables ou les dealers ont pris le pouvoir. <a href=\"https:\/\/grenoble-le-changement.fr\/2025\/04\/10\/logement-la-pauperisation-de-la-ville-saccelere\/\" target=\"_blank\" rel=\"noopener\">Ni la mettre ailleurs.<\/a> La limite de leur discours d\u00e9magogique sur l&rsquo;accueil inconditionnel, d&rsquo;ou qu&rsquo;on vienne, l\u00e9galement ou pas, d&rsquo;un pays en guerre ou pas ,est atteinte ici et maintenant.\u00a0\u00a0<\/p>\n<p>D&rsquo;o\u00f9 ces 30 % de logements sociaux vides \u00e0 l&rsquo;Arlequin ou \u00e0 Mistral qu&rsquo;ils n&rsquo;offrent pas aux familles sans toit. Il est beaucoup plus logique de r\u00e9quisitionner pour eux des logements priv\u00e9s!\u00a0<\/p>\n<p><img decoding=\"async\" data-id=\"75714\" src=\"https:\/\/grenoble-le-changement.fr\/wp-content\/uploads\/2024\/08\/Abbaye-.jpeg\" alt=\"\" class=\"wp-image-75714 jetpack-lazy-image\" data-lazy-src=\"https:\/\/www.europesays.com\/fr\/wp-content\/uploads\/2025\/12\/Abbaye-.jpeg\" \/><\/p>\n<p><img decoding=\"async\" src=\"https:\/\/grenoble-le-changement.fr\/wp-content\/uploads\/2024\/08\/Abbaye-.jpeg\" alt=\"L\u2019attribut alt de cette image est vide, son nom de fichier est Abbaye-.jpeg.\" data-lazy-src=\"https:\/\/www.europesays.com\/fr\/wp-content\/uploads\/2025\/12\/Abbaye-.jpeg\"  class=\" jetpack-lazy-image\"\/><\/p>\n<p><strong>ABBAYE : LES \u00c9LUS AVAIENT COUP\u00c9 L&rsquo;EAU, LE CHAUFFAGE ET L&rsquo;\u00c9LECTRICIT\u00c9!<\/strong><\/p>\n<p>L&rsquo;exemple des volets verts \u00e0 l&rsquo;Abbaye est un bon mod\u00e8le de cette incoh\u00e9rence. En 2021 Alan Confesson (alors LFI) avait coup\u00e9 le chauffage comme pr\u00e9sident de la Compagnie de Chauffage , Vincent Fristot (Verts\/Ades) coup\u00e9 l&rsquo;\u00e9lectricit\u00e9 comme pr\u00e9sident deGEG)\u00a0 Olivier Bertrand (Verts\/Ades) coup\u00e9 l&rsquo;eau comme pr\u00e9sident de la r\u00e9gie des eaux , <a href=\"https:\/\/grenoble-le-changement.fr\/2021\/01\/25\/abbaye-sans-eau-et-sans-chauffage-depuis-2-mois\/\" target=\"_blank\" rel=\"noopener\">aux malheureux sans logis venus occuper en plein hiver les logements vides de l&rsquo;Abbaye.<\/a>\u00a0 C\u00e9line Deslattes, sp\u00e9cialiste de la mis\u00e8re avait soutenu ces mesures inhumaines.\u00a0 En 2025 ces logements sont toujours vides. Ils devraient le demeurer encore des ann\u00e9es puisque le promoteur ne pourra jamais construire des appartements \u00e0 4000 \u20ac le M2 au milieu des HLM. Il se contente donc de construire la r\u00e9sidence \u00e9tudiante pr\u00e9vue au programme.\u00a0<\/p>\n<p><strong>LA MUNICIPALIT\u00c9 IMPOSE DES PROJETS QUI NE PEUVENT PAS VOIR LE JOUR<\/strong><\/p>\n<p><a href=\"https:\/\/grenoble-le-changement.fr\/2025\/12\/21\/poste-chavant-encore-un-projet-bloque\/\" target=\"_blank\" rel=\"noopener\">Comme avec la Poste Chavant<\/a> , la municipalit\u00e9 impose des projets qui ne tiennent aucunement compte de la r\u00e9alit\u00e9. <a href=\"https:\/\/grenoble-le-changement.fr\/2024\/10\/09\/abbaye-le-projet-de-logements-verra-t-il-le-jour\/\" target=\"_blank\" rel=\"noopener\">Ils ne peuvent donc pas voir le jour.<\/a>\u00a0 Port\u00e9s par des \u00e9lus successifs \u00e0 l&rsquo;urbanisme , Pierre-Andr\u00e9 Juven et maintenant Margot Belair qui ne sont que des r\u00e9p\u00e9titeurs des dogmes.L&rsquo;Abbaye sortira seulement si les grenoblois changent de municipalit\u00e9. Mais, en attendant,\u00a0 pourquoi la majorit\u00e9 municipale si solidaire ne loge-t-elle\u00a0 pas les familles \u00e0 la rue dans des immeubles qui vont demeurer vides encore de nombreuses ann\u00e9es ? <a href=\"https:\/\/grenoble-le-changement.fr\/2021\/02\/05\/le-dal-et-labbaye-cachez-ce-on-que-je-ne-saurais-voir\/\" target=\"_blank\" rel=\"noopener\">Notons que le DAL ne le demande pas non plus.\u00a0<\/a><\/p>\n<p><a href=\"https:\/\/grenoble-le-changement.fr\/wp-content\/uploads\/2025\/12\/Capture-de\u0301cran-2025-12-28-a\u0300-20.07.07.png\" rel=\"lightbox[86904] noopener\" target=\"_blank\"><img decoding=\"async\" data-id=\"86941\" src=\"https:\/\/grenoble-le-changement.fr\/wp-content\/uploads\/2025\/12\/Capture-de\u0301cran-2025-12-28-a\u0300-20.07.07.png\" alt=\"\" class=\"wp-image-86941 jetpack-lazy-image\" data-lazy-src=\"https:\/\/www.europesays.com\/fr\/wp-content\/uploads\/2025\/12\/Capture-de\u0301cran-2025-12-28-a\u0300-20.07.07.png\" \/><\/a><\/p>\n<p><a href=\"https:\/\/grenoble-le-changement.fr\/wp-content\/uploads\/2025\/12\/Capture-de\u0301cran-2025-12-28-a\u0300-20.10.42.png\" rel=\"lightbox[86904] noopener\" target=\"_blank\"><img decoding=\"async\" data-id=\"86940\" src=\"https:\/\/grenoble-le-changement.fr\/wp-content\/uploads\/2025\/12\/Capture-de\u0301cran-2025-12-28-a\u0300-20.10.42-610x1024.png\" alt=\"\" class=\"wp-image-86940 jetpack-lazy-image\" data-lazy-src=\"https:\/\/www.europesays.com\/fr\/wp-content\/uploads\/2025\/12\/Capture-de\u0301cran-2025-12-28-a\u0300-20.10.42-610x1024.png\" \/><\/a><br \/>\nles familles \u00e0 la rue , log\u00e9e au si\u00e8ge de la M\u00e9tropole se sont exprim\u00e9es le 19 d\u00e9cembre devant le Conseil M\u00e9tropolitain, Alain Carignon saluant \u00e0 la sortie Mohamed Fofana, porte parole des familles  <\/p>\n<p><strong>L&rsquo;EXPLOITATION DE LA MIS\u00c9RE HUMAINE EST DANS UNE IMPASSE<\/strong><\/p>\n<p>Cette profonde incoh\u00e9rence en dit long sur leur gestion chaotique et irresponsable. L&rsquo;exploitation politicienne de la mis\u00e8re humaine, devenue la chair \u00e0 canon des \u00e9lus Rouge\/Verts, est dans une impasse. Logements sociaux vides dans lesquels ils ne veulent plus loger les familles de migrants, gangr\u00e8ne \u00a0des marchands de sommeil install\u00e9s au coeur des soci\u00e9t\u00e9s que dirigent les \u00e9lus qui soutiennent Laurence Ruffin,\u00a0 immigration incontr\u00f4l\u00e9e \u00e0 laquelle ils refusent tout frein&#8230; le cumul produit ce que Grenoble vit.<\/p>\n<p><strong>Laurence RUFFIN ANNONCE 5000 HLM SUPPL\u00c9MENTAIRES<\/strong><\/p>\n<p>La surench\u00e8re au logement social &#8211; <a href=\"https:\/\/grenoble-le-changement.fr\/2025\/07\/29\/la-liste-ruffin-verts-lfi-annonce-5000-hlm-supplementaires-a-grenoble\/\" target=\"_blank\" rel=\"noopener\">5000 HLM suppl\u00e9mentaires promis par Laurence Ruffin<\/a>&#8211; ne r\u00e9pond \u00e9videmment aucunement \u00e0 ces probl\u00e9matiques: Grenoble a construit 5000 logements suppl\u00e9mentaires ces 10 derni\u00e8res ann\u00e9es , on compte toujours autant de demandeurs de logements sociaux et&#8230; <a href=\"https:\/\/grenoble-le-changement.fr\/2022\/12\/30\/grenoble-perd-des-habitants-depuis-larrivee-de-piolle\/\" target=\"_blank\" rel=\"noopener\">Grenoble a perdu 5000 habitants<\/a>. Cherchez l&rsquo;erreur ?\u00a0<\/p>\n<p>Laurence Ruffin fait semblant de ne pas la voir pour continuer dans le mur en klaxonnant . Tout le monde serait perdant.<\/p>\n<\/p>\n<p>Alain Carignon laiss\u00e9 coi les \u00e9lus Rouge\/Verts en leur rappelant qu&rsquo;ils avaient laiss\u00e9 5 ans les marchands de sommeil r\u00e9gner dans les HLM, expuls\u00e9 les victimes  et que le Pr\u00e9sident d&rsquo;Actis avouait encore en mai \u00e0 son Conseil d&rsquo;Administration qu&rsquo;il avait 758 appartements vides ! <\/p>\n","protected":false},"excerpt":{"rendered":"Posted On 30 d\u00e9cembre 2025 Les \u00e9lus Rouge\/Verts continuent \u00e0 larmoyer, discourir , mettre en cause \u00a0\u00bb l&rsquo;Etat\u00a0\u00bb&hellip;\n","protected":false},"author":2,"featured_media":629708,"comment_status":"","ping_status":"","sticky":false,"template":"","format":"standard","meta":{"footnotes":""},"categories":[9566],"tags":[31377,1111,11,9601,11148,10129,2430,46100,44819,73899,9604,9607,1777,674,1011,27,2731,42086,15883,34393,10308,44820,10136,10613,67778,12,15454,31379,10138,25,10850],"class_list":{"0":"post-629707","1":"post","2":"type-post","3":"status-publish","4":"format-standard","5":"has-post-thumbnail","7":"category-grenoble","8":"tag-actis","9":"tag-actu","10":"tag-actualites","11":"tag-alain-carignon","12":"tag-alan-confesson","13":"tag-antoine-back","14":"tag-auvergne-rhone-alpes","15":"tag-bernard-macret","16":"tag-catherine-seguin","17":"tag-celines-deslattes","18":"tag-christophe-ferrari","19":"tag-eric-piolle","20":"tag-eu","21":"tag-europe","22":"tag-fr","23":"tag-france","24":"tag-grenoble","25":"tag-grenoble-habitat","26":"tag-isabelle-peters","27":"tag-jerome-cucarollo","28":"tag-keira-capdepon","29":"tag-klauss-habfast","30":"tag-laurence-ruffin","31":"tag-margot-belair","32":"tag-mohamed-fofana","33":"tag-news","34":"tag-olivier-bertrand","35":"tag-pierre-bejjaji","36":"tag-pierre-andre-juven","37":"tag-republique-francaise","38":"tag-vincent-fristot"},"share_on_mastodon":{"url":"","error":"Validation failed: Text character limit of 500 exceeded"},"_links":{"self":[{"href":"https:\/\/www.europesays.com\/fr\/wp-json\/wp\/v2\/posts\/629707","targetHints":{"allow":["GET"]}}],"collection":[{"href":"https:\/\/www.europesays.com\/fr\/wp-json\/wp\/v2\/posts"}],"about":[{"href":"https:\/\/www.europesays.com\/fr\/wp-json\/wp\/v2\/types\/post"}],"author":[{"embeddable":true,"href":"https:\/\/www.europesays.com\/fr\/wp-json\/wp\/v2\/users\/2"}],"replies":[{"embeddable":true,"href":"https:\/\/www.europesays.com\/fr\/wp-json\/wp\/v2\/comments?post=629707"}],"version-history":[{"count":0,"href":"https:\/\/www.europesays.com\/fr\/wp-json\/wp\/v2\/posts\/629707\/revisions"}],"wp:featuredmedia":[{"embeddable":true,"href":"https:\/\/www.europesays.com\/fr\/wp-json\/wp\/v2\/media\/629708"}],"wp:attachment":[{"href":"https:\/\/www.europesays.com\/fr\/wp-json\/wp\/v2\/media?parent=629707"}],"wp:term":[{"taxonomy":"category","embeddable":true,"href":"https:\/\/www.europesays.com\/fr\/wp-json\/wp\/v2\/categories?post=629707"},{"taxonomy":"post_tag","embeddable":true,"href":"https:\/\/www.europesays.com\/fr\/wp-json\/wp\/v2\/tags?post=629707"}],"curies":[{"name":"wp","href":"https:\/\/api.w.org\/{rel}","templated":true}]}}