{"id":629709,"date":"2025-12-30T11:06:13","date_gmt":"2025-12-30T11:06:13","guid":{"rendered":"https:\/\/www.europesays.com\/fr\/629709\/"},"modified":"2025-12-30T11:06:13","modified_gmt":"2025-12-30T11:06:13","slug":"au-sud-est-de-rennes-un-homme-de-67-ans-decede-dans-lincendie-de-son-appartement","status":"publish","type":"post","link":"https:\/\/www.europesays.com\/fr\/629709\/","title":{"rendered":"Au sud-est de Rennes, un homme de 67 ans d\u00e9c\u00e8de dans l\u2019incendie de son appartement"},"content":{"rendered":"<p>Dans la nuit de lundi \u00e0 mardi, \u00e0 0 h 51, un d\u00e9part de feu a embras\u00e9 un duplex d\u2019environ 40 m2, situ\u00e9 boulevard Pierre et Julien Gourdel, dans le centre de Ch\u00e2teaugiron, au sud-est de Rennes. Un homme de 67 ans est d\u00e9c\u00e9d\u00e9. 60 pompiers ont \u00e9t\u00e9 mobilis\u00e9s pour ma\u00eetriser le feu.<\/p>\n<p><img decoding=\"async\" src=\"https:\/\/www.europesays.com\/fr\/wp-content\/uploads\/2025\/12\/6953adb84ff470224e093801.1.jpeg\" width=\"480\" height=\"300\" class=\"web_golden_m\" loading=\"lazy\" alt=\"Un feu a embras\u00e9 un duplex d\u2019environ 40 m2.\"\/>Un feu a embras\u00e9 un duplex d\u2019environ 40 m2. (Le T\u00e9l\u00e9gramme\/Claire Staes)<\/p>\n<p>De tr\u00e8s importantes fum\u00e9es se sont d\u00e9gag\u00e9es de l\u2019appartement. Le logement \u00e9tait occup\u00e9 depuis une trentaine d\u2019ann\u00e9e par un architecte. Dans la matin\u00e9e, des agents municipaux d\u00e9blayaient les restes de l\u2019incendie. Les gendarmes ont pos\u00e9 des scell\u00e9s sur la porte d\u2019entr\u00e9e. <\/p>\n","protected":false},"excerpt":{"rendered":"Dans la nuit de lundi \u00e0 mardi, \u00e0 0 h 51, un d\u00e9part de feu a embras\u00e9 un&hellip;\n","protected":false},"author":2,"featured_media":629710,"comment_status":"","ping_status":"","sticky":false,"template":"","format":"standard","meta":{"footnotes":""},"categories":[2821],"tags":[1111,11,829,765,1777,674,118,1011,27,848,5383,12,584,25],"class_list":{"0":"post-629709","1":"post","2":"type-post","3":"status-publish","4":"format-standard","5":"has-post-thumbnail","7":"category-rennes","8":"tag-actu","9":"tag-actualites","10":"tag-bretagne","11":"tag-en-continu","12":"tag-eu","13":"tag-europe","14":"tag-faits-divers","15":"tag-fr","16":"tag-france","17":"tag-ille-et-vilaine","18":"tag-incendies","19":"tag-news","20":"tag-rennes","21":"tag-republique-francaise"},"share_on_mastodon":{"url":"https:\/\/pubeurope.com\/@fr\/115808199702524449","error":""},"_links":{"self":[{"href":"https:\/\/www.europesays.com\/fr\/wp-json\/wp\/v2\/posts\/629709","targetHints":{"allow":["GET"]}}],"collection":[{"href":"https:\/\/www.europesays.com\/fr\/wp-json\/wp\/v2\/posts"}],"about":[{"href":"https:\/\/www.europesays.com\/fr\/wp-json\/wp\/v2\/types\/post"}],"author":[{"embeddable":true,"href":"https:\/\/www.europesays.com\/fr\/wp-json\/wp\/v2\/users\/2"}],"replies":[{"embeddable":true,"href":"https:\/\/www.europesays.com\/fr\/wp-json\/wp\/v2\/comments?post=629709"}],"version-history":[{"count":0,"href":"https:\/\/www.europesays.com\/fr\/wp-json\/wp\/v2\/posts\/629709\/revisions"}],"wp:featuredmedia":[{"embeddable":true,"href":"https:\/\/www.europesays.com\/fr\/wp-json\/wp\/v2\/media\/629710"}],"wp:attachment":[{"href":"https:\/\/www.europesays.com\/fr\/wp-json\/wp\/v2\/media?parent=629709"}],"wp:term":[{"taxonomy":"category","embeddable":true,"href":"https:\/\/www.europesays.com\/fr\/wp-json\/wp\/v2\/categories?post=629709"},{"taxonomy":"post_tag","embeddable":true,"href":"https:\/\/www.europesays.com\/fr\/wp-json\/wp\/v2\/tags?post=629709"}],"curies":[{"name":"wp","href":"https:\/\/api.w.org\/{rel}","templated":true}]}}