{"id":62971,"date":"2025-04-29T23:24:09","date_gmt":"2025-04-29T23:24:09","guid":{"rendered":"https:\/\/www.europesays.com\/fr\/62971\/"},"modified":"2025-04-29T23:24:09","modified_gmt":"2025-04-29T23:24:09","slug":"drew-mcintyre-dans-un-role-majeur-a-hollywood","status":"publish","type":"post","link":"https:\/\/www.europesays.com\/fr\/62971\/","title":{"rendered":"Drew McIntyre dans un r\u00f4le majeur \u00e0 Hollywood ?"},"content":{"rendered":"<p>\u00a0<\/p>\n<p style=\"text-align: justify;\"><a href=\"https:\/\/catch-newz.com\/wwe\/newz\/47451-wwe-liv-morgan-va-s-absenter-pour-le-tournage-d-un-film\" rel=\"nofollow noopener\" target=\"_blank\">Apr\u00e8s Liv Morgan,<\/a> c&rsquo;est au tour du <strong>Scottish Warrior Drew McIntyre<\/strong> d&rsquo;avoir un plan majeur \u00e0 Hollywood.\u00a0<\/p>\n<p style=\"text-align: justify;\">Apr\u00e8s avoir tourn\u00e9 avec <strong>Dave Bautista<\/strong> un film appel\u00e9 \u00ab\u00a0The Killer&rsquo;s Game\u00a0\u00bb qui raconte l&rsquo;histoire d&rsquo;un tueur \u00e0 gages, le catcheur McIntyre serait bient\u00f4t de retour dans le cin\u00e9ma. D&rsquo;apr\u00e8s <strong>PWInsider,<\/strong> Drew pourrait m\u00eame tr\u00e8s prochainement avoir <strong>un grand r\u00f4le sur grand \u00e9cran<\/strong>. En septembre dernier au micro de Chris Van Vliet, l&rsquo;\u00e9cossais avait d\u00e9j\u00e0 \u00e9mis l&rsquo;id\u00e9e d&rsquo;un retour au cin\u00e9ma apr\u00e8s son r\u00f4le dans le film.\u00a0<\/p>\n<p>Il d\u00e9clarait :\u00a0<\/p>\n<blockquote><p>&#13;<\/p>\n<p style=\"text-align: justify;\"><strong>\u00ab\u00a0Nous verrons bien [&#8230;] Heureusement, le catch m&rsquo;a permis de gagner ma vie en choisissant ce que je veux faire et en luttant. Mais je me disais qu&rsquo;un r\u00f4le au cin\u00e9ma avait l&rsquo;air sympa et \u00e7a l&rsquo;\u00e9tait. Alors si quelque chose se repr\u00e9sente, je le ferai. \u00bb<\/strong><\/p>\n<p>&#13;\n<\/p><\/blockquote>\n<p>Pensez-vous que la carri\u00e8re de Drew McIntyre <strong>\u00e0 la WWE<\/strong> va bient\u00f4t s&rsquo;arr\u00eater ?<\/p>\n<p>\u00a0<\/p>\n<p style=\"text-align: right;\">Cr\u00e9dit photo : WWE<\/p>\n","protected":false},"excerpt":{"rendered":"\u00a0 Apr\u00e8s Liv Morgan, c&rsquo;est au tour du Scottish Warrior Drew McIntyre d&rsquo;avoir un plan majeur \u00e0 Hollywood.\u00a0&hellip;\n","protected":false},"author":2,"featured_media":62972,"comment_status":"","ping_status":"","sticky":false,"template":"","format":"standard","meta":{"footnotes":""},"categories":[1359],"tags":[47,58,59,1011,27,12,2043,2054,973,2055,2052,2057,2058,2053,2059,2056,2051],"class_list":{"0":"post-62971","1":"post","2":"type-post","3":"status-publish","4":"format-standard","5":"has-post-thumbnail","7":"category-people","8":"tag-actualite","9":"tag-divertissement","10":"tag-entertainment","11":"tag-fr","12":"tag-france","13":"tag-news","14":"tag-nouvelle","15":"tag-nxt","16":"tag-people","17":"tag-ppv","18":"tag-raw","19":"tag-royal","20":"tag-rumble","21":"tag-smackdown","22":"tag-summerslam","23":"tag-wrestlemania","24":"tag-wwe"},"share_on_mastodon":{"url":"https:\/\/pubeurope.com\/@fr\/114423835047517868","error":""},"_links":{"self":[{"href":"https:\/\/www.europesays.com\/fr\/wp-json\/wp\/v2\/posts\/62971","targetHints":{"allow":["GET"]}}],"collection":[{"href":"https:\/\/www.europesays.com\/fr\/wp-json\/wp\/v2\/posts"}],"about":[{"href":"https:\/\/www.europesays.com\/fr\/wp-json\/wp\/v2\/types\/post"}],"author":[{"embeddable":true,"href":"https:\/\/www.europesays.com\/fr\/wp-json\/wp\/v2\/users\/2"}],"replies":[{"embeddable":true,"href":"https:\/\/www.europesays.com\/fr\/wp-json\/wp\/v2\/comments?post=62971"}],"version-history":[{"count":0,"href":"https:\/\/www.europesays.com\/fr\/wp-json\/wp\/v2\/posts\/62971\/revisions"}],"wp:featuredmedia":[{"embeddable":true,"href":"https:\/\/www.europesays.com\/fr\/wp-json\/wp\/v2\/media\/62972"}],"wp:attachment":[{"href":"https:\/\/www.europesays.com\/fr\/wp-json\/wp\/v2\/media?parent=62971"}],"wp:term":[{"taxonomy":"category","embeddable":true,"href":"https:\/\/www.europesays.com\/fr\/wp-json\/wp\/v2\/categories?post=62971"},{"taxonomy":"post_tag","embeddable":true,"href":"https:\/\/www.europesays.com\/fr\/wp-json\/wp\/v2\/tags?post=62971"}],"curies":[{"name":"wp","href":"https:\/\/api.w.org\/{rel}","templated":true}]}}