{"id":629711,"date":"2025-12-30T11:07:10","date_gmt":"2025-12-30T11:07:10","guid":{"rendered":"https:\/\/www.europesays.com\/fr\/629711\/"},"modified":"2025-12-30T11:07:10","modified_gmt":"2025-12-30T11:07:10","slug":"trois-blesses-transportes-a-lhopital","status":"publish","type":"post","link":"https:\/\/www.europesays.com\/fr\/629711\/","title":{"rendered":"trois bless\u00e9s transport\u00e9s \u00e0 l\u2019h\u00f4pital"},"content":{"rendered":"<p>                    Par<br \/>\n        <strong><br \/>\n            <a href=\"https:\/\/actu.fr\/auteur\/leo-gautret-actu-fr\" title=\"Consulter tous les articles de L\u00e9o Gautret\" target=\"_blank\" rel=\"noopener\">L\u00e9o Gautret<\/a><br \/>\n                    <\/strong><\/p>\n<p>        Publi\u00e9 le<\/p>\n<p>            30 d\u00e9c. 2025 \u00e0 10h25        <\/p>\n<p>Un <b>accident<\/b> impliquant <b>un seul v\u00e9hicule<\/b> s\u2019est produit vers <b>9\u2009h<\/b>, ce <b>mardi 30\u00a0d\u00e9cembre <\/b>2025, sur la <b>RN157,<\/b> au niveau de l\u2019\u00e9changeur d\u2019<b>\u00c9trelles<\/b> (Ille-et-Vilaine).<\/p>\n<p class=\" wall-content\"><b>Quatre personnes <\/b>\u00e9taient \u00e0 bord de la voiture, qui circulait en direction de Rennes. Trois d\u2019entre elles ont \u00e9t\u00e9<b> l\u00e9g\u00e8rement bless\u00e9es<\/b>, et <b>transport\u00e9es<\/b> par les sapeurs-pompiers vers le <b>centre hospitalier <\/b>de Vitr\u00e9.<\/p>\n<p>16 pompiers sur place<\/p>\n<p class=\" wall-content\">\u00ab\u2009\u00c0 notre arriv\u00e9e la voiture \u00e9tait sur ses quatre roues sur le z\u00e9bra, et <b>tous les occupants \u00e9taient sortis\u2009\u00bb<\/b>, informe le capitaine Nicolas Hisope.<\/p>\n<p class=\" wall-content\"><b>16 pompiers <\/b>sont intervenus sur place.<\/p>\n<p class=\" wall-content\">La circulation a \u00e9t\u00e9 r\u00e9duite \u00e0 une voie \u00e0 proximit\u00e9, pour permettre l\u2019intervention des pompiers, qui s\u2019est achev\u00e9e vers 9\u2009h\u200945.<\/p>\n<p class=\" wall-content\">Personnalisez votre actualit\u00e9 en ajoutant vos villes et m\u00e9dias en favori avec <a href=\"https:\/\/moncompte.actu.fr\" title=\"D\u00e9couvez Mon Actu\" rel=\"nofollow noopener\" data-trk=\"{&quot;cta&quot;:{&quot;action&quot;:&quot;https:\\\/\\\/moncompte.actu.fr&quot;,&quot;category&quot;:&quot;mon compte&quot;,&quot;from&quot;:&quot;article footer&quot;,&quot;name&quot;:&quot;Mon actu&quot;,&quot;type&quot;:&quot;cta&quot;}}\" target=\"_blank\">Mon Actu<\/a>.<\/p>\n","protected":false},"excerpt":{"rendered":"Par L\u00e9o Gautret Publi\u00e9 le 30 d\u00e9c. 2025 \u00e0 10h25 Un accident impliquant un seul v\u00e9hicule s\u2019est produit&hellip;\n","protected":false},"author":2,"featured_media":629712,"comment_status":"","ping_status":"","sticky":false,"template":"","format":"standard","meta":{"footnotes":""},"categories":[2821],"tags":[119,1111,11,829,1777,674,118,1011,27,12,1311,584,25],"class_list":{"0":"post-629711","1":"post","2":"type-post","3":"status-publish","4":"format-standard","5":"has-post-thumbnail","7":"category-rennes","8":"tag-accident","9":"tag-actu","10":"tag-actualites","11":"tag-bretagne","12":"tag-eu","13":"tag-europe","14":"tag-faits-divers","15":"tag-fr","16":"tag-france","17":"tag-news","18":"tag-pompiers","19":"tag-rennes","20":"tag-republique-francaise"},"share_on_mastodon":{"url":"https:\/\/pubeurope.com\/@fr\/115808203476693943","error":""},"_links":{"self":[{"href":"https:\/\/www.europesays.com\/fr\/wp-json\/wp\/v2\/posts\/629711","targetHints":{"allow":["GET"]}}],"collection":[{"href":"https:\/\/www.europesays.com\/fr\/wp-json\/wp\/v2\/posts"}],"about":[{"href":"https:\/\/www.europesays.com\/fr\/wp-json\/wp\/v2\/types\/post"}],"author":[{"embeddable":true,"href":"https:\/\/www.europesays.com\/fr\/wp-json\/wp\/v2\/users\/2"}],"replies":[{"embeddable":true,"href":"https:\/\/www.europesays.com\/fr\/wp-json\/wp\/v2\/comments?post=629711"}],"version-history":[{"count":0,"href":"https:\/\/www.europesays.com\/fr\/wp-json\/wp\/v2\/posts\/629711\/revisions"}],"wp:featuredmedia":[{"embeddable":true,"href":"https:\/\/www.europesays.com\/fr\/wp-json\/wp\/v2\/media\/629712"}],"wp:attachment":[{"href":"https:\/\/www.europesays.com\/fr\/wp-json\/wp\/v2\/media?parent=629711"}],"wp:term":[{"taxonomy":"category","embeddable":true,"href":"https:\/\/www.europesays.com\/fr\/wp-json\/wp\/v2\/categories?post=629711"},{"taxonomy":"post_tag","embeddable":true,"href":"https:\/\/www.europesays.com\/fr\/wp-json\/wp\/v2\/tags?post=629711"}],"curies":[{"name":"wp","href":"https:\/\/api.w.org\/{rel}","templated":true}]}}