{"id":629713,"date":"2025-12-30T11:08:12","date_gmt":"2025-12-30T11:08:12","guid":{"rendered":"https:\/\/www.europesays.com\/fr\/629713\/"},"modified":"2025-12-30T11:08:12","modified_gmt":"2025-12-30T11:08:12","slug":"musique-strasbourg-garde-vivante-la-memoire-de-marie-jaell-musicienne-de-genie","status":"publish","type":"post","link":"https:\/\/www.europesays.com\/fr\/629713\/","title":{"rendered":"Musique. Strasbourg garde vivante la m\u00e9moire de Marie Ja\u00ebll, musicienne de g\u00e9nie"},"content":{"rendered":"<p>C\u2019est l\u2019un des fonds les plus vivants de la Biblioth\u00e8que nationale et universitaire de Strasbourg, avec celui du philosophe et th\u00e9ologien catholique Jacques Maritain, pr\u00e9vient Daniel Bornemann, conservateur, responsable du patrimoine. \u00ab\u00a0Ce n\u2019est pas seulement d\u00fb au centenaire, il y a tr\u00e8s r\u00e9guli\u00e8rement des demandes, des visites, des consultations, des propositions de concerts pour notre saison culturelle\u2026\u00a0\u00bb<\/p>\n<p>Marie Ja\u00ebll est certes moins connue que Clara Schumann (1819-1896) mais des chercheurs d\u2019Am\u00e9rique du Sud, du Japon ou de Nouvelle-Z\u00e9lande s\u2019int\u00e9ressent au destin de la compositrice alsacienne, tandis que des musiciens s\u2019emparent r\u00e9guli\u00e8rement de son r\u00e9pertoire romantique, jou\u00e9 en son temps et red\u00e9couvert depuis une trentaine d\u2019ann\u00e9es apr\u00e8s un long sommeil. Un pianiste japonais vient ainsi de transmettre spontan\u00e9ment \u00e0 l\u2019\u00e9quipe de la BNU le disque qu\u2019il vient de graver. Les envois de programmes de concerts sont constants.<\/p>\n<p>Le fonds Marie Ja\u00ebll et ses quelque 800 pi\u00e8ces, documents,&#8230;<\/p>\n","protected":false},"excerpt":{"rendered":"C\u2019est l\u2019un des fonds les plus vivants de la Biblioth\u00e8que nationale et universitaire de Strasbourg, avec celui du&hellip;\n","protected":false},"author":2,"featured_media":629714,"comment_status":"","ping_status":"","sticky":false,"template":"","format":"standard","meta":{"footnotes":""},"categories":[2820],"tags":[1111,11,2389,1687,4877,2880,1777,674,107,1011,27,5325,2798,775,873,12,25,4604,640,2879],"class_list":{"0":"post-629713","1":"post","2":"type-post","3":"status-publish","4":"format-standard","5":"has-post-thumbnail","7":"category-strasbourg","8":"tag-actu","9":"tag-actualites","10":"tag-alsace","11":"tag-culture-loisirs","12":"tag-edition-haguenau-wissembourg","13":"tag-edition-strasbourg","14":"tag-eu","15":"tag-europe","16":"tag-fil-info","17":"tag-fr","18":"tag-france","19":"tag-galerie-media","20":"tag-galerie-photo","21":"tag-grand-est","22":"tag-musique","23":"tag-news","24":"tag-republique-francaise","25":"tag-selection-abonne","26":"tag-strasbourg","27":"tag-strasbourg-ville"},"share_on_mastodon":{"url":"https:\/\/pubeurope.com\/@fr\/115808207533097478","error":""},"_links":{"self":[{"href":"https:\/\/www.europesays.com\/fr\/wp-json\/wp\/v2\/posts\/629713","targetHints":{"allow":["GET"]}}],"collection":[{"href":"https:\/\/www.europesays.com\/fr\/wp-json\/wp\/v2\/posts"}],"about":[{"href":"https:\/\/www.europesays.com\/fr\/wp-json\/wp\/v2\/types\/post"}],"author":[{"embeddable":true,"href":"https:\/\/www.europesays.com\/fr\/wp-json\/wp\/v2\/users\/2"}],"replies":[{"embeddable":true,"href":"https:\/\/www.europesays.com\/fr\/wp-json\/wp\/v2\/comments?post=629713"}],"version-history":[{"count":0,"href":"https:\/\/www.europesays.com\/fr\/wp-json\/wp\/v2\/posts\/629713\/revisions"}],"wp:featuredmedia":[{"embeddable":true,"href":"https:\/\/www.europesays.com\/fr\/wp-json\/wp\/v2\/media\/629714"}],"wp:attachment":[{"href":"https:\/\/www.europesays.com\/fr\/wp-json\/wp\/v2\/media?parent=629713"}],"wp:term":[{"taxonomy":"category","embeddable":true,"href":"https:\/\/www.europesays.com\/fr\/wp-json\/wp\/v2\/categories?post=629713"},{"taxonomy":"post_tag","embeddable":true,"href":"https:\/\/www.europesays.com\/fr\/wp-json\/wp\/v2\/tags?post=629713"}],"curies":[{"name":"wp","href":"https:\/\/api.w.org\/{rel}","templated":true}]}}