{"id":629725,"date":"2025-12-30T11:14:14","date_gmt":"2025-12-30T11:14:14","guid":{"rendered":"https:\/\/www.europesays.com\/fr\/629725\/"},"modified":"2025-12-30T11:14:14","modified_gmt":"2025-12-30T11:14:14","slug":"lintervention-des-pompiers-pour-stopper-le-feu-dans-un-restaurant","status":"publish","type":"post","link":"https:\/\/www.europesays.com\/fr\/629725\/","title":{"rendered":"l\u2019intervention des pompiers pour stopper le feu dans un restaurant"},"content":{"rendered":"<p>Peu avant 21\u00a0heures, ce lundi 29\u00a0d\u00e9cembre, de nombreux pompiers sont intervenus sur un incendie qui s\u2019est d\u00e9clar\u00e9 dans le restaurant Le\u00a0Noailles, prestigieuse brasserie situ\u00e9e en plein c\u0153ur de Bordeaux, sur les all\u00e9es de Tourny. Retrouvez en images l\u2019intervention des pompiers captur\u00e9e par notre photographe Thierry David.<\/p>\n<p>        <img decoding=\"async\" id=\"27244310\" src=\"https:\/\/www.europesays.com\/fr\/wp-content\/uploads\/2025\/12\/20251229235531-davt8138.jpg\" alt=\"D\u2019apr\u00e8s les premiers \u00e9l\u00e9ments, le feu a pris dans les cuisines de l\u2019\u00e9tablissement.\" itemprop=\"contentURL\"\/><\/p>\n<p>    D\u2019apr\u00e8s les premiers \u00e9l\u00e9ments, le feu a pris dans les cuisines de l\u2019\u00e9tablissement.<\/p>\n<p>Thierry DAVID\u00a0\/\u00a0SO<\/p>\n<p>        <img decoding=\"async\" id=\"27244311\" src=\"https:\/\/www.europesays.com\/fr\/wp-content\/uploads\/2025\/12\/20251229235529-davt8135.jpg\" alt=\"Une centaine de personnes a \u00e9t\u00e9 \u00e9vacu\u00e9e. \" itemprop=\"contentURL\"\/><\/p>\n<p>    Une centaine de personnes a \u00e9t\u00e9 \u00e9vacu\u00e9e. <\/p>\n<p>Thierry DAVID \/ SO<\/p>\n<p>        <img decoding=\"async\" id=\"27244312\" src=\"https:\/\/www.europesays.com\/fr\/wp-content\/uploads\/2025\/12\/20251229235536-davt8326.jpg\" alt=\"Le sinistre s\u2019est propag\u00e9 en toiture du b\u00e2timent de quatre \u00e9tages.\" itemprop=\"contentURL\"\/><\/p>\n<p>    Le sinistre s\u2019est propag\u00e9 en toiture du b\u00e2timent de quatre \u00e9tages.<\/p>\n<p>Thierry DAVID\u00a0\/\u00a0SO<\/p>\n<p>        <img decoding=\"async\" id=\"27244314\" src=\"https:\/\/www.europesays.com\/fr\/wp-content\/uploads\/2025\/12\/20251229235542-davt884.jpg\" alt=\"La rue Jean-Jacques Bel reste ferm\u00e9e \u00e0 la circulation, une soci\u00e9t\u00e9 de surveillance assure le gardiennage et la surveillance du site.\" itemprop=\"contentURL\"\/><\/p>\n<p>    La rue Jean-Jacques Bel reste ferm\u00e9e \u00e0 la circulation, une soci\u00e9t\u00e9 de surveillance assure le gardiennage et la surveillance du site.<\/p>\n<p>Thierry DAVID\u00a0\/\u00a0SO<\/p>\n","protected":false},"excerpt":{"rendered":"Peu avant 21\u00a0heures, ce lundi 29\u00a0d\u00e9cembre, de nombreux pompiers sont intervenus sur un incendie qui s\u2019est d\u00e9clar\u00e9 dans&hellip;\n","protected":false},"author":2,"featured_media":629726,"comment_status":"","ping_status":"","sticky":false,"template":"","format":"standard","meta":{"footnotes":""},"categories":[2817],"tags":[1111,11,1997,1777,674,1011,27,12,2219,25],"class_list":{"0":"post-629725","1":"post","2":"type-post","3":"status-publish","4":"format-standard","5":"has-post-thumbnail","7":"category-bordeaux","8":"tag-actu","9":"tag-actualites","10":"tag-bordeaux","11":"tag-eu","12":"tag-europe","13":"tag-fr","14":"tag-france","15":"tag-news","16":"tag-nouvelle-aquitaine","17":"tag-republique-francaise"},"share_on_mastodon":{"url":"https:\/\/pubeurope.com\/@fr\/115808230954759980","error":""},"_links":{"self":[{"href":"https:\/\/www.europesays.com\/fr\/wp-json\/wp\/v2\/posts\/629725","targetHints":{"allow":["GET"]}}],"collection":[{"href":"https:\/\/www.europesays.com\/fr\/wp-json\/wp\/v2\/posts"}],"about":[{"href":"https:\/\/www.europesays.com\/fr\/wp-json\/wp\/v2\/types\/post"}],"author":[{"embeddable":true,"href":"https:\/\/www.europesays.com\/fr\/wp-json\/wp\/v2\/users\/2"}],"replies":[{"embeddable":true,"href":"https:\/\/www.europesays.com\/fr\/wp-json\/wp\/v2\/comments?post=629725"}],"version-history":[{"count":0,"href":"https:\/\/www.europesays.com\/fr\/wp-json\/wp\/v2\/posts\/629725\/revisions"}],"wp:featuredmedia":[{"embeddable":true,"href":"https:\/\/www.europesays.com\/fr\/wp-json\/wp\/v2\/media\/629726"}],"wp:attachment":[{"href":"https:\/\/www.europesays.com\/fr\/wp-json\/wp\/v2\/media?parent=629725"}],"wp:term":[{"taxonomy":"category","embeddable":true,"href":"https:\/\/www.europesays.com\/fr\/wp-json\/wp\/v2\/categories?post=629725"},{"taxonomy":"post_tag","embeddable":true,"href":"https:\/\/www.europesays.com\/fr\/wp-json\/wp\/v2\/tags?post=629725"}],"curies":[{"name":"wp","href":"https:\/\/api.w.org\/{rel}","templated":true}]}}