{"id":629727,"date":"2025-12-30T11:15:14","date_gmt":"2025-12-30T11:15:14","guid":{"rendered":"https:\/\/www.europesays.com\/fr\/629727\/"},"modified":"2025-12-30T11:15:14","modified_gmt":"2025-12-30T11:15:14","slug":"national-2-a-bordeaux-et-la-roche-en-tete-devant-de-nombreux-outsiders","status":"publish","type":"post","link":"https:\/\/www.europesays.com\/fr\/629727\/","title":{"rendered":"National 2 A. Bordeaux et La Roche en t\u00eate devant de nombreux outsiders"},"content":{"rendered":"<p><img loading=\"lazy\" decoding=\"async\" width=\"696\" height=\"464\" class=\"lazyload entry-thumb\" src=\"https:\/\/www.europesays.com\/fr\/wp-content\/uploads\/2025\/11\/Girondins-Bordeaux-696x464.jpg\" alt=\"Girondins Bordeaux\" title=\"Girondins Bordeaux\"\/>Les Bordelais au Matmut Atlantique. (Photo Fr\u00e9d\u00e9ric Braz)<\/p>\n<p style=\"font-size:20px\"><strong>La course \u00e0 la mont\u00e9e reste tr\u00e8s ind\u00e9cise dans le groupe A de National 2 avec cinq clubs qui se tiennent en deux points. <\/strong><\/p>\n<p>Les Girondins de Bordeaux ont assum\u00e9 leur statut lors de ce d\u00e9but de saison. Coleader avec le Vend\u00e9e Football Club La Roche-sur-Yon, l\u2019\u00e9quipe entra\u00een\u00e9e par Bruno Irles n\u2019a cependant pas de marge de man\u0153uvre. Malgr\u00e9 leur d\u00e9faite en Gironde (0-3), les Yonnais restent au contact notamment gr\u00e2ce \u00e0 leur attaque, la meilleure de National 2 tous groupes confondus (28 buts). Sans faire de bruit, l\u2019Aviron Bayonnais se place juste derri\u00e8re le duo de t\u00eate. Le promu driv\u00e9 par Alain Pochat ne cache pas ses ambitions. M\u00eame si une accession en National d\u00e8s cette saison serait peut-\u00eatre un peu pr\u00e9matur\u00e9e. Ils en sauront plus sur leur potentiel apr\u00e8s le match \u00e0 Bordeaux le 10 janvier.<\/p>\n<p><strong>Les Herbiers restent sur une bonne s\u00e9rie<\/strong><\/p>\n<p>Il ne faut pas oublier le Vend\u00e9e Les Herbiers Football et Angoul\u00eame Charente FC qui ne pointent qu\u2019\u00e0 deux longueurs de la t\u00eate. Les Herbretais restent sur trois victoires cons\u00e9cutives, la meilleure s\u00e9rie en cours dans le groupe. Mais ils ne joueront pas \u00e0 la reprise le 10 janvier, leur match \u00e0 Avranches \u00e9tant report\u00e9 \u00e0 cause de la coupe de France. Les Angoumoisins ont r\u00e9cup\u00e9r\u00e9 <a href=\"https:\/\/footamateur.ouest-france.fr\/national-2-angouleme-recupere-trois-points-sur-tapis-vert-contre-poitiers\/\" target=\"_blank\" rel=\"noreferrer noopener\">trois points sur tapis vert<\/a> apr\u00e8s une erreur sur la feuille de match du Stade Poitevin. Mais ils restent sur trois matchs sans victoire (une d\u00e9faite, deux nuls).<\/p>\n<p>Sixi\u00e8me, l\u2019US Saint-Malo est \u00e0 huit longueurs du duo de t\u00eate. Les Malouins devront \u00eatre plus r\u00e9guliers pour esp\u00e9rer se m\u00ealer \u00e0 la course pour la mont\u00e9e. Pour l\u2019US Avranches Mont Saint-Michel, cela para\u00eet compromis. La coupe de France prend beaucoup d\u2019\u00e9nergie et les joueurs de C\u00e9dric Hengbart restent sur cinq matchs sans victoire (deux nuls, trois d\u00e9faites).<\/p>\n<p><strong>&gt;&gt;&gt; A lire aussi\u2026<br \/>Contrats f\u00e9d\u00e9raux. Bordeaux et Cr\u00e9teil en t\u00eate du National 2<\/strong><img fetchpriority=\"high\" decoding=\"async\" width=\"1024\" height=\"683\" src=\"https:\/\/www.europesays.com\/fr\/wp-content\/uploads\/2025\/12\/Granville-Locmine-\u00a9-Coralie-Houeix-5-1024x683.jpg\" alt=\"Granville - Locmin\u00e9 (\u00a9 Coralie Houeix)\" class=\"wp-image-127018\"  \/>L\u2019US Granville et la Saint-Colomban Locmin\u00e9 sont rel\u00e9gables. (Photo Coralie Houeix) <strong>Dix d\u00e9faites cons\u00e9cutives pour Granville !<\/strong><\/p>\n<p>En bas de classement, la Saint-Colomban Locmin\u00e9 garde espoir gr\u00e2ce \u00e0 son succ\u00e8s contre Saint-Malo juste avant les f\u00eates (1-0). Le club du Morbihan a abandonn\u00e9 sa derni\u00e8re place \u00e0 l\u2019US Granville qui restent sur dix d\u00e9faites de rang. L\u2019entra\u00eeneur Matthias Jouan <a href=\"https:\/\/footamateur.ouest-france.fr\/national-2-lentraineur-matthias-jouan-mis-en-retrait\/\" target=\"_blank\" rel=\"noreferrer noopener\">a d\u2019ailleurs \u00e9t\u00e9 \u00ab mis en retrait \u00bb le 25 novembre<\/a>. Mais les \u00e9carts restent faibles puisque seulement six points s\u00e9parent le FC Montlouis (14e) de l\u2019US Avranches MSM (8e). Car aucune \u00e9quipe n\u2019arrive \u00e0 encha\u00eener une vraie s\u00e9rie qui lui permettrait de la propulser dans la premi\u00e8re partie de tableau.<\/p>\n<p><strong>Le classement du groupe A de National 2<\/strong><a href=\"https:\/\/footamateur.ouest-france.fr\/author\/jerome\/\" class=\"url\" title=\"J\u00e9rome Bouchacourt\" target=\"_blank\" rel=\"noopener\"> <img decoding=\"async\" src=\"https:\/\/www.europesays.com\/fr\/wp-content\/uploads\/2025\/04\/moi.jpg\" class=\"lazyload photo\" width=\"250\" alt=\"J\u00e9rome Bouchacourt\"\/><\/a><\/p>\n<p>SEO et r\u00e9dacteur en chef chez Sports M\u00e9dia<\/p>\n<p>Petit Suisse originaire de Lausanne, au bord du Lac L\u00e9man, biberonn\u00e9 au Beaujolais depuis ses deux ans, J\u00e9r\u00f4me a migr\u00e9 dans la r\u00e9gion nantaise au d\u00e9but des ann\u00e9es 2000. Fan de football amateur, de ses rencontres, ses terrains bossel\u00e9s, ses buvettes conviviales, il est aussi un bon vivant qui adore la cuisine lyonnaise ! Fondateur de Footamateur.fr en mai 2014.<\/p>\n<p><a href=\"https:\/\/footamateur.ouest-france.fr\/author\/jerome\/\" class=\"url\" title=\"J\u00e9rome Bouchacourt\" target=\"_blank\" rel=\"noopener\"><img decoding=\"async\" src=\"https:\/\/www.europesays.com\/fr\/wp-content\/uploads\/2025\/04\/moi.jpg\" class=\"lazyload photo\" width=\"250\" alt=\"J\u00e9rome Bouchacourt\"\/><\/a>Les derniers articles par J\u00e9rome Bouchacourt (<a href=\"https:\/\/footamateur.ouest-france.fr\/author\/jerome\/\" target=\"_blank\" rel=\"noopener\">tout voir<\/a>)<\/p>\n","protected":false},"excerpt":{"rendered":"Les Bordelais au Matmut Atlantique. (Photo Fr\u00e9d\u00e9ric Braz) La course \u00e0 la mont\u00e9e reste tr\u00e8s ind\u00e9cise dans le&hellip;\n","protected":false},"author":2,"featured_media":543102,"comment_status":"","ping_status":"","sticky":false,"template":"","format":"standard","meta":{"footnotes":""},"categories":[2817],"tags":[1111,11,1997,1777,674,1011,27,12,2219,25],"class_list":{"0":"post-629727","1":"post","2":"type-post","3":"status-publish","4":"format-standard","5":"has-post-thumbnail","7":"category-bordeaux","8":"tag-actu","9":"tag-actualites","10":"tag-bordeaux","11":"tag-eu","12":"tag-europe","13":"tag-fr","14":"tag-france","15":"tag-news","16":"tag-nouvelle-aquitaine","17":"tag-republique-francaise"},"share_on_mastodon":{"url":"https:\/\/pubeurope.com\/@fr\/115808234847204153","error":""},"_links":{"self":[{"href":"https:\/\/www.europesays.com\/fr\/wp-json\/wp\/v2\/posts\/629727","targetHints":{"allow":["GET"]}}],"collection":[{"href":"https:\/\/www.europesays.com\/fr\/wp-json\/wp\/v2\/posts"}],"about":[{"href":"https:\/\/www.europesays.com\/fr\/wp-json\/wp\/v2\/types\/post"}],"author":[{"embeddable":true,"href":"https:\/\/www.europesays.com\/fr\/wp-json\/wp\/v2\/users\/2"}],"replies":[{"embeddable":true,"href":"https:\/\/www.europesays.com\/fr\/wp-json\/wp\/v2\/comments?post=629727"}],"version-history":[{"count":0,"href":"https:\/\/www.europesays.com\/fr\/wp-json\/wp\/v2\/posts\/629727\/revisions"}],"wp:featuredmedia":[{"embeddable":true,"href":"https:\/\/www.europesays.com\/fr\/wp-json\/wp\/v2\/media\/543102"}],"wp:attachment":[{"href":"https:\/\/www.europesays.com\/fr\/wp-json\/wp\/v2\/media?parent=629727"}],"wp:term":[{"taxonomy":"category","embeddable":true,"href":"https:\/\/www.europesays.com\/fr\/wp-json\/wp\/v2\/categories?post=629727"},{"taxonomy":"post_tag","embeddable":true,"href":"https:\/\/www.europesays.com\/fr\/wp-json\/wp\/v2\/tags?post=629727"}],"curies":[{"name":"wp","href":"https:\/\/api.w.org\/{rel}","templated":true}]}}