{"id":629743,"date":"2025-12-30T11:25:09","date_gmt":"2025-12-30T11:25:09","guid":{"rendered":"https:\/\/www.europesays.com\/fr\/629743\/"},"modified":"2025-12-30T11:25:09","modified_gmt":"2025-12-30T11:25:09","slug":"ile-de-france-les-prefectures-activent-le-plan-grand-froid","status":"publish","type":"post","link":"https:\/\/www.europesays.com\/fr\/629743\/","title":{"rendered":"Ile-de-France : les pr\u00e9fectures activent le plan Grand froid"},"content":{"rendered":"<p>Avec le retour de temp\u00e9ratures glaciales, le pr\u00e9fet de la Seine-Saint-Denis a annonc\u00e9 ce dimanche l\u2019activation du plan Grand froid qui permet entre autres d\u2019accroitre le nombre de places d\u2019h\u00e9bergement d\u2019urgence et d\u2019\u00e9tendre les horaires d\u2019accueils de jour et de halte de nuit. En petite couronne parisienne, le dispositif a aussi \u00e9t\u00e9 d\u00e9clench\u00e9 \u00e0 Paris, en Val-de-Marne et dans les Hauts-de-Seine.<\/p>\n<p>Depuis vendredi, la mairie de Paris et des acteurs associatifs alertaient sur la situation des 3 500 personnes vivant dans les rues de la capitale. Face \u00e0 la d\u00e9gringolade des temp\u00e9ratures, les pr\u00e9fets de la r\u00e9gion Ile-de-France ont d\u00e9cid\u00e9 ce dimanche d\u2019activer le plan Grand froid.<\/p>\n<p>Julien Charles, le pr\u00e9fet de la Seine-Saint-Denis, a ainsi annonc\u00e9 l\u2019ouverture d&rsquo;\u201dun gymnase de 60 places pouvant accueillir tout type de public\u201c. \u201cCette augmentation des capacit\u00e9s d\u2019h\u00e9bergement s\u2019inscrit dans le cadre du renforcement du dispositif hivernal d\u00e9j\u00e0 mis en \u0153uvre depuis le d\u00e9but de l\u2019\u00e9pisode de froid ces derniers jours\u201c, pr\u00e9cise le communiqu\u00e9 de la pr\u00e9fecture.<\/p>\n<p>360 places suppl\u00e9mentaires en Seine-Saint-Denis<\/p>\n<p>Concr\u00e8tement, 35 places d\u2019h\u00f4tel viennent d\u2019\u00eatre ouvertes. Elles s\u2019ajoutent aux 360 places suppl\u00e9mentaires rendues disponibles en Seine-Saint-Denis \u201cdepuis le d\u00e9but de la p\u00e9riode hivernale\u201c. Depuis le 22 d\u00e9cembre, la ville de Saint-Denis met, par exemple, \u00e0 disposition de l\u2019\u00c9tat le gymnase de l\u2019\u00e9cole Carson-Besson d\u2019une capacit\u00e9 de 40 places pour les femmes avec enfants. D\u00e8s le 18 d\u00e9cembre, la ville de Montreuil a, quant \u00e0 elle, ouvert avec le soutien de la Drihl (direction r\u00e9gionale et interd\u00e9partementale de l\u2019h\u00e9bergement et du logement) un gymnase sp\u00e9cialement d\u00e9di\u00e9 \u00e0 l\u2019accueil de femmes isol\u00e9es vivant \u00e0 la rue.<\/p>\n<p>Le plan Grand froid permet aussi de renforcer les maraudes par des fr\u00e9quences accrues et l\u2019extension des horaires pour couvrir les secteurs les plus expos\u00e9s, et d\u2019\u00e9tendre les horaires des accueils de jours et des haltes de nuit. \u201cAu total, l\u2019\u00c9tat finance chaque jour 18 500 places d\u2019h\u00e9bergement d\u2019urgence en Seine-Saint-Denis\u201c, pr\u00e9cise le pr\u00e9fet du d\u00e9partement.<\/p>\n<p>59 places compl\u00e9mentaires activables dans le Val-de-Marne<\/p>\n<p>Dans le Val-de-Marne, le pr\u00e9fet \u00c9tienne Stoskopf a fait savoir qu&rsquo;\u201den plus des places d\u2019h\u00e9bergement mises \u00e0 disposition toute l\u2019ann\u00e9e, 59 places compl\u00e9mentaires sont activables dans les centres d\u2019h\u00e9bergement pour accueillir les personnes en demande de mise \u00e0 l\u2019abri\u201c.<\/p>\n<p>200 places ouvertes ces derniers jours \u00e0 Paris<\/p>\n<p>\u00c0 Paris, qui est du ressort de la pr\u00e9fecture de r\u00e9gion Ile-de-France (pour les niveau 1 et 2 de vigilance, le pr\u00e9fet Marc Guillaume explique dans un communiqu\u00e9 avoir activ\u00e9 le plan Grand froid \u201ccompte tenu des derni\u00e8res pr\u00e9visions m\u00e9t\u00e9orologiques de M\u00e9t\u00e9o-France pour les prochains jours\u201d et de \u201cla persistance des temp\u00e9ratures n\u00e9gatives la nuit.\u201d Il pr\u00e9cise que \u201cde nouvelles places seront ouvertes dans les centres d\u2019h\u00e9bergement et dans des salles sp\u00e9cialement mobilis\u00e9es\u201c, en plus des 46\u00a0200\u00a0places d\u2019h\u00e9bergement \u201cmises \u00e0 disposition toute l\u2019ann\u00e9e, des 300\u00a0places suppl\u00e9mentaires ouvertes pour toute la p\u00e9riode hivernale \u00e0 Paris et des 200 nouvelles mobilis\u00e9es ces derniers jours\u201c. 60 femmes isol\u00e9es doivent ainsi \u00eatre accueillies d\u00e8s ce lundi dans les salles de la pr\u00e9fecture de r\u00e9gion situ\u00e9e dans le 15\u00e8me arrdt de Paris. De plus, des places d\u2019h\u00f4tel pour des familles doivent \u00eatre mobilis\u00e9es \u201cafin de r\u00e9pondre \u00e0 toutes les demandes\u201d et \u201ccertains accueils de jour ouvriront en halte de nuit\u201c.<\/p>\n<p>Le plan Grand froid a aussi \u00e9t\u00e9 activ\u00e9 dans le Val d\u2019Oise, la Seine-et-Marne et dans les Yvelines. Les autorit\u00e9s invitent \u00e0 signaler toute personne en situation de d\u00e9tresse en contactant le 115, num\u00e9ro d\u2019appel d\u2019urgence gratuit.<\/p>\n","protected":false},"excerpt":{"rendered":"Avec le retour de temp\u00e9ratures glaciales, le pr\u00e9fet de la Seine-Saint-Denis a annonc\u00e9 ce dimanche l\u2019activation du plan&hellip;\n","protected":false},"author":2,"featured_media":629744,"comment_status":"","ping_status":"","sticky":false,"template":"","format":"standard","meta":{"footnotes":""},"categories":[1592],"tags":[14096,1111,11,73901,14774,50930,1777,674,1011,27,3909,662,58451,63319,39174,12,626,73314,73902,25,1945],"class_list":{"0":"post-629743","1":"post","2":"type-post","3":"status-publish","4":"format-standard","5":"has-post-thumbnail","7":"category-ile-de-france","8":"tag-14096","9":"tag-actu","10":"tag-actualites","11":"tag-drihl","12":"tag-est-parisien-2","13":"tag-etienne-stoskopf","14":"tag-eu","15":"tag-europe","16":"tag-fr","17":"tag-france","18":"tag-hebergement-durgence","19":"tag-ile-de-france","20":"tag-julien-charles","21":"tag-maraude","22":"tag-marc-guillaume","23":"tag-news","24":"tag-paris","25":"tag-plan-grand-froid","26":"tag-prefet-de-region-ile-de-france","27":"tag-republique-francaise","28":"tag-seine-saint-denis"},"share_on_mastodon":{"url":"https:\/\/pubeurope.com\/@fr\/115808274028025967","error":""},"_links":{"self":[{"href":"https:\/\/www.europesays.com\/fr\/wp-json\/wp\/v2\/posts\/629743","targetHints":{"allow":["GET"]}}],"collection":[{"href":"https:\/\/www.europesays.com\/fr\/wp-json\/wp\/v2\/posts"}],"about":[{"href":"https:\/\/www.europesays.com\/fr\/wp-json\/wp\/v2\/types\/post"}],"author":[{"embeddable":true,"href":"https:\/\/www.europesays.com\/fr\/wp-json\/wp\/v2\/users\/2"}],"replies":[{"embeddable":true,"href":"https:\/\/www.europesays.com\/fr\/wp-json\/wp\/v2\/comments?post=629743"}],"version-history":[{"count":0,"href":"https:\/\/www.europesays.com\/fr\/wp-json\/wp\/v2\/posts\/629743\/revisions"}],"wp:featuredmedia":[{"embeddable":true,"href":"https:\/\/www.europesays.com\/fr\/wp-json\/wp\/v2\/media\/629744"}],"wp:attachment":[{"href":"https:\/\/www.europesays.com\/fr\/wp-json\/wp\/v2\/media?parent=629743"}],"wp:term":[{"taxonomy":"category","embeddable":true,"href":"https:\/\/www.europesays.com\/fr\/wp-json\/wp\/v2\/categories?post=629743"},{"taxonomy":"post_tag","embeddable":true,"href":"https:\/\/www.europesays.com\/fr\/wp-json\/wp\/v2\/tags?post=629743"}],"curies":[{"name":"wp","href":"https:\/\/api.w.org\/{rel}","templated":true}]}}