{"id":629754,"date":"2025-12-30T11:31:26","date_gmt":"2025-12-30T11:31:26","guid":{"rendered":"https:\/\/www.europesays.com\/fr\/629754\/"},"modified":"2025-12-30T11:31:26","modified_gmt":"2025-12-30T11:31:26","slug":"cyrille-bret-lukraine-a-tout-interet-a-etablir-un-rapport-de-force-tres-dur-avec-la-russie-le-grand-invite-international","status":"publish","type":"post","link":"https:\/\/www.europesays.com\/fr\/629754\/","title":{"rendered":"Cyrille Bret: \u00abL&rsquo;Ukraine a tout int\u00e9r\u00eat \u00e0 \u00e9tablir un rapport de force tr\u00e8s dur avec la Russie\u00bb &#8211; Le grand invit\u00e9 international"},"content":{"rendered":"<p class=\"t-content__chapo\">\n                                                Dans un nouveau sursaut de tensions entre la Russie et l&rsquo;Ukraine, Moscou accuse Kiev d&rsquo;avoir attaqu\u00e9, via une centaine de drones, la r\u00e9sidence du pr\u00e9sident russe situ\u00e9e dans la r\u00e9gion de Novgorod. L&rsquo;Ukraine d\u00e9ment, en accusant la Russie de saper les efforts diplomatiques. Tout ceci intervient au moment o\u00f9 les n\u00e9gociations sur le plan de paix am\u00e9ricain \u00e9voluent vers un \u00e9ventuel accord. Pour en parler, Cyrille Bret, expert \u00e0 l&rsquo;Institut Montaigne, est lundi 30 d\u00e9cembre le grand invit\u00e9 international de RFI.                    <\/p>\n<p><img decoding=\"async\" fetchpriority=\"low\" src=\"https:\/\/www.europesays.com\/fr\/wp-content\/uploads\/2025\/12\/2025-12-29T232548Z-1989004304-RC2M9CAZRW2H-RTRMADP-3-UKRAINE-CRISIS-LAVROV-INITIATIVE.jpg\"   width=\"1024\" height=\"576\" alt=\"Le ministre russe des Affaires \u00e9trang\u00e8res Sergue\u00ef Lavrov avait d\u00e9nonc\u00e9 une suppos\u00e9e attaque contre la r\u00e9sidence de Vladimir Poutine. Ici, il s'exprime lors d'une conf\u00e9rence de presse annuelle \u00e0 Moscou, en Russie, le 14 janvier 2025.\" loading=\"eager\" class=\"a-img \"\/><\/p>\n<p>                Le ministre russe des Affaires \u00e9trang\u00e8res Sergue\u00ef Lavrov avait d\u00e9nonc\u00e9 une suppos\u00e9e attaque contre la r\u00e9sidence de Vladimir Poutine. Ici, il s&rsquo;exprime lors d&rsquo;une conf\u00e9rence de presse annuelle \u00e0 Moscou, en Russie, le 14 janvier 2025.                \u00a9 Evgenia Novozhenina \/ Reuters            <\/p>\n<p class=\"a-read-more\">\u00c0 lire aussi<a target=\"_self\" href=\"https:\/\/www.rfi.fr\/fr\/europe\/20251229-la-russie-accuse-l-ukraine-d-avoir-tent\u00e9-d-attaquer-une-r\u00e9sidence-de-poutine-zelensky-d\u00e9ment\" class=\"a-read-more__link\" rel=\"noopener\">La Russie accuse l&rsquo;Ukraine d&rsquo;avoir tent\u00e9 d&rsquo;attaquer une r\u00e9sidence de Poutine, Zelensky d\u00e9ment<\/a><\/p>\n<p class=\"a-read-more\">\u00c0 lire aussi<a target=\"_self\" href=\"https:\/\/www.rfi.fr\/fr\/podcasts\/le-grand-invit\u00e9-international\/20251229-ukraine-russie-ce-sont-les-europ\u00e9ens-qui-garantiront-l-accord-qui-sera-sign\u00e9-dit-guillaume-ancel\" class=\"a-read-more__link\" rel=\"noopener\">Ukraine-Russie: \u00abCe sont les Europ\u00e9ens qui garantiront l&rsquo;accord qui sera sign\u00e9\u00bb, dit Guillaume Ancel<\/a><\/p>\n","protected":false},"excerpt":{"rendered":"Dans un nouveau sursaut de tensions entre la Russie et l&rsquo;Ukraine, Moscou accuse Kiev d&rsquo;avoir attaqu\u00e9, via une&hellip;\n","protected":false},"author":2,"featured_media":629755,"comment_status":"","ping_status":"","sticky":false,"template":"","format":"standard","meta":{"footnotes":""},"categories":[1590],"tags":[11,46687,554,75,73,1777,674,14801,12,132,220,135,134],"class_list":{"0":"post-629754","1":"post","2":"type-post","3":"status-publish","4":"format-standard","5":"has-post-thumbnail","7":"category-ukraine","8":"tag-actualites","9":"tag-connaissances-geopolitique","10":"tag-defense","11":"tag-donald-trump","12":"tag-etats-unis","13":"tag-eu","14":"tag-europe","15":"tag-le-grand-invite-international","16":"tag-news","17":"tag-russie","18":"tag-ukraine","19":"tag-vladimir-poutine","20":"tag-volodymyr-zelensky"},"share_on_mastodon":{"url":"https:\/\/pubeurope.com\/@fr\/115808297599774557","error":""},"_links":{"self":[{"href":"https:\/\/www.europesays.com\/fr\/wp-json\/wp\/v2\/posts\/629754","targetHints":{"allow":["GET"]}}],"collection":[{"href":"https:\/\/www.europesays.com\/fr\/wp-json\/wp\/v2\/posts"}],"about":[{"href":"https:\/\/www.europesays.com\/fr\/wp-json\/wp\/v2\/types\/post"}],"author":[{"embeddable":true,"href":"https:\/\/www.europesays.com\/fr\/wp-json\/wp\/v2\/users\/2"}],"replies":[{"embeddable":true,"href":"https:\/\/www.europesays.com\/fr\/wp-json\/wp\/v2\/comments?post=629754"}],"version-history":[{"count":0,"href":"https:\/\/www.europesays.com\/fr\/wp-json\/wp\/v2\/posts\/629754\/revisions"}],"wp:featuredmedia":[{"embeddable":true,"href":"https:\/\/www.europesays.com\/fr\/wp-json\/wp\/v2\/media\/629755"}],"wp:attachment":[{"href":"https:\/\/www.europesays.com\/fr\/wp-json\/wp\/v2\/media?parent=629754"}],"wp:term":[{"taxonomy":"category","embeddable":true,"href":"https:\/\/www.europesays.com\/fr\/wp-json\/wp\/v2\/categories?post=629754"},{"taxonomy":"post_tag","embeddable":true,"href":"https:\/\/www.europesays.com\/fr\/wp-json\/wp\/v2\/tags?post=629754"}],"curies":[{"name":"wp","href":"https:\/\/api.w.org\/{rel}","templated":true}]}}