{"id":629756,"date":"2025-12-30T11:32:24","date_gmt":"2025-12-30T11:32:24","guid":{"rendered":"https:\/\/www.europesays.com\/fr\/629756\/"},"modified":"2025-12-30T11:32:24","modified_gmt":"2025-12-30T11:32:24","slug":"newport-siege-de-lalliance-franco-americaine","status":"publish","type":"post","link":"https:\/\/www.europesays.com\/fr\/629756\/","title":{"rendered":"Newport, si\u00e8ge de l\u2019alliance franco-am\u00e9ricaine"},"content":{"rendered":"<p data-module=\"standfirst-editorial-episode\" data-context=\"@media (min-width:48em)\">\n    <strong>LES VILLES R\u00c9VOLUTIONNAIRES (2\/5) &#8211;<\/strong> Le port de l\u2019\u00c9tat du Rhode Island conserve le souvenir de la pr\u00e9sence de l\u2019exp\u00e9dition fran\u00e7aise, qui aida les \u00c9tats-Unis \u00e0 remporter leur ind\u00e9pendance.<\/p>\n<p class=\"fig-paragraph fig-paragraph--dropped\">Avant de devenir l\u2019un des rendez-vous internationaux de la voile, Newport est \u00e0 l\u2019\u00e9poque de la guerre d\u2019Ind\u00e9pendance am\u00e9ricaine un mouillage strat\u00e9gique. \u00ab\u00a0La baie de la Narragansett est le plus beau et le plus noble port de l\u2019Am\u00e9rique\u00a0\u00bb, \u00e9crit l\u2019amiral britannique George Rodney, \u00ab\u00a0capable de contenir toute la\u00a0<a href=\"http:\/\/www.lefigaro.fr\/international\/porte-avions-fregates-comment-la-royal-navy-veut-interdire-l-atlantique-nord-aux-sous-marins-russes-20251031\" data-fig-type=\"Article\" data-gtm-custom-categorie=\"navigation\" data-gtm-custom-action=\"crossclick\" data-gtm-custom-label=\"Contextuel\" data-gtm-event=\"customEventSPE\" data-fig-domain=\"LEFIGARO\" target=\"_blank\" rel=\"noopener\">Royal Navy<\/a> , o\u00f9 elle peut mouiller \u00e0 l\u2019abri en toutes saisons et en toute s\u00e9curit\u00e9, et d\u2019o\u00f9 ses escadres peuvent en quarante-huit heures bloquer les trois capitales de l\u2019Am\u00e9rique, \u00e0 savoir Boston, New York et Philadelphie\u00a0\u00bb. Ce qui vaut \u00e0 Newport d\u2019\u00eatre occup\u00e9e au d\u00e9but de la guerre par l\u2019arm\u00e9e britannique. Les Fran\u00e7ais, venus aider les insurg\u00e9s am\u00e9ricains, \u00e9chouent \u00e0 leur premi\u00e8re tentative pour s\u2019emparer de la ville en 1778 lors de la bataille de\u00a0<a href=\"https:\/\/photo-madame.lefigaro.fr\/mariage\/l-ocean-house-le-seul-hotel-de-luxe-du-rhode-island-20251206\" data-fig-type=\"SlideShowResource\" data-gtm-custom-categorie=\"navigation\" data-gtm-custom-action=\"crossclick\" data-gtm-custom-label=\"Contextuel\" data-gtm-event=\"customEventSPE\" data-fig-domain=\"MADAME\" target=\"_blank\" rel=\"noopener\">Rhode Island<\/a>, mettant la nouvelle alliance \u00e0 l\u2019\u00e9preuve. Deux ans plus tard, Newport devient la base du corps exp\u00e9ditionnaire fran\u00e7ais en Am\u00e9rique du Nord.<\/p>\n<p class=\"fig-paragraph fig-paragraph--dropped\">La ville a conserv\u00e9 plus qu\u2019aucune autre cit\u00e9 am\u00e9ricaine sa physionomie\u2026<\/p>\n<p class=\"fig-premium-paywall__infos\">\n        Cet article est r\u00e9serv\u00e9 aux abonn\u00e9s.        Il vous reste 91% \u00e0 d\u00e9couvrir.\n    <\/p>\n<p>                <img  data- alt=\"Le Figaro\" class=\"fig-img--complete fig-img\"\/><\/p>\n<p class=\"fig-premium-paywall__title\">Vous avez envie de lire la suite ?<\/p>\n<p class=\"fig-premium-paywall__subtitle\">D\u00e9bloquez tous les articles imm\u00e9diatement.<\/p>\n<p class=\"fig-premium-paywall__connect\">\n                D\u00e9j\u00e0 abonn\u00e9\u00a0?                <a class=\"fig-premium-paywall__connect-link\" href=\"https:\/\/connect.lefigaro.fr\/login?client=horizon_web&amp;type=main&amp;redirect_uri=https%3A%2F%2Fwww.lefigaro.fr%2Fvoyages%2Fnewport-siege-de-l-alliance-franco-americaine-20251230\" data-js-gtm=\"{&quot;customCategorie&quot;: &quot;conversion&quot;, &quot;customAction&quot;: &quot;before_Landing_Connexion_paywall_auto&quot;, &quot;customLabel&quot;: &quot;bGVmaWdhcm8uZnJfXzFmMGRiNjVkLWUzNzEtNjI3Yy1iMjA3LTUxYjIyZjVhMGUyOV9fQXJ0aWNsZQ==_Les \u00c9tats-Unis ont 250 ans\u00a0: Newport, si\u00e8ge de l\u2019alliance franco-am\u00e9ricaine_71&quot;, &quot;customIDSPE&quot;: &quot;bGVmaWdhcm8uZnJfXzFmMGRiNjVkLWUzNzEtNjI3Yy1iMjA3LTUxYjIyZjVhMGUyOV9fQXJ0aWNsZQ==&quot;, &quot;event&quot;: &quot;customEventSPE&quot;}\" target=\"_blank\" rel=\"noopener\"><br \/>\n                    Connectez-vous<br \/>\n                <\/a>\n            <\/p>\n","protected":false},"excerpt":{"rendered":"LES VILLES R\u00c9VOLUTIONNAIRES (2\/5) &#8211; Le port de l\u2019\u00c9tat du Rhode Island conserve le souvenir de la pr\u00e9sence&hellip;\n","protected":false},"author":2,"featured_media":629757,"comment_status":"","ping_status":"","sticky":false,"template":"","format":"standard","meta":{"footnotes":""},"categories":[1589],"tags":[11,73,1866,937,36464,12,602,1864,1865,1863,308],"class_list":{"0":"post-629756","1":"post","2":"type-post","3":"status-publish","4":"format-standard","5":"has-post-thumbnail","7":"category-etats-unis","8":"tag-actualites","9":"tag-etats-unis","10":"tag-etats-unis-damerique","11":"tag-histoire","12":"tag-independance","13":"tag-news","14":"tag-tourisme","15":"tag-united-states","16":"tag-united-states-of-america","17":"tag-us","18":"tag-usa"},"share_on_mastodon":{"url":"https:\/\/pubeurope.com\/@fr\/115808301454152829","error":""},"_links":{"self":[{"href":"https:\/\/www.europesays.com\/fr\/wp-json\/wp\/v2\/posts\/629756","targetHints":{"allow":["GET"]}}],"collection":[{"href":"https:\/\/www.europesays.com\/fr\/wp-json\/wp\/v2\/posts"}],"about":[{"href":"https:\/\/www.europesays.com\/fr\/wp-json\/wp\/v2\/types\/post"}],"author":[{"embeddable":true,"href":"https:\/\/www.europesays.com\/fr\/wp-json\/wp\/v2\/users\/2"}],"replies":[{"embeddable":true,"href":"https:\/\/www.europesays.com\/fr\/wp-json\/wp\/v2\/comments?post=629756"}],"version-history":[{"count":0,"href":"https:\/\/www.europesays.com\/fr\/wp-json\/wp\/v2\/posts\/629756\/revisions"}],"wp:featuredmedia":[{"embeddable":true,"href":"https:\/\/www.europesays.com\/fr\/wp-json\/wp\/v2\/media\/629757"}],"wp:attachment":[{"href":"https:\/\/www.europesays.com\/fr\/wp-json\/wp\/v2\/media?parent=629756"}],"wp:term":[{"taxonomy":"category","embeddable":true,"href":"https:\/\/www.europesays.com\/fr\/wp-json\/wp\/v2\/categories?post=629756"},{"taxonomy":"post_tag","embeddable":true,"href":"https:\/\/www.europesays.com\/fr\/wp-json\/wp\/v2\/tags?post=629756"}],"curies":[{"name":"wp","href":"https:\/\/api.w.org\/{rel}","templated":true}]}}