{"id":629763,"date":"2025-12-30T11:36:10","date_gmt":"2025-12-30T11:36:10","guid":{"rendered":"https:\/\/www.europesays.com\/fr\/629763\/"},"modified":"2025-12-30T11:36:10","modified_gmt":"2025-12-30T11:36:10","slug":"cap-sur-leuro-en-2026-entre-espoirs-et-turbulences-politiques","status":"publish","type":"post","link":"https:\/\/www.europesays.com\/fr\/629763\/","title":{"rendered":"cap sur l\u2019euro en 2026, entre espoirs et turbulences politiques"},"content":{"rendered":"<p><strong>La Bulgarie deviendra le 21e \u00c9tat membre de la zone euro le 1er janvier 2026. Une \u00e9tape majeure pour ce pays d\u2019Europe de l\u2019Est entr\u00e9 dans l\u2019Union europ\u00e9enne en 2007. Sur les 27 \u00c9tats membres de l\u2019UE, seuls six resteront alors en dehors de la zone euro.<\/strong><\/p>\n<p>Pour le Premier ministre, Rossen Jeliazkov, l\u2019adoption de la monnaie unique constitue \u00ab une d\u00e9cision strat\u00e9gique \u00bb destin\u00e9e \u00e0 renforcer la position du pays au sein de l\u2019Union europ\u00e9enne. Les autorit\u00e9s mettent en avant une situation macro\u00e9conomique jug\u00e9e stable. L\u2019inflation a recul\u00e9 ces derni\u00e8res ann\u00e9es, tandis que le d\u00e9ficit budg\u00e9taire et la dette publique demeurent faibles. Les perspectives de croissance restent positives, selon plusieurs observateurs.<\/p>\n<p>La Bulgarie remplit l\u2019ensemble des crit\u00e8res de convergence requis pour l\u2019entr\u00e9e dans la zone euro, notamment en mati\u00e8re de finances publiques, souligne Norbert Beckmann, directeur du bureau bulgare de la Fondation Konrad Adenauer. Il estime toutefois que l\u2019\u00e9conomie doit encore gagner en productivit\u00e9 et en comp\u00e9titivit\u00e9.<\/p>\n<p>Lire aussi:\u00a0<a class=\"p-url\" href=\"https:\/\/www.leconomistemaghrebin.com\/2025\/07\/09\/la-bulgarie-integrera-la-zone-euro-des-le-1er-janvier-2026\/\" rel=\"bookmark noopener\" target=\"_blank\">La Bulgarie int\u00e9grera la zone euro d\u00e8s le 1er janvier 2026<\/a><\/p>\n<p>Des experts mettent toutefois en garde contre un \u00e9ventuel rel\u00e2chement de la discipline budg\u00e9taire apr\u00e8s l\u2019adoption de l\u2019euro. \u00ab Le principal risque serait une hausse des d\u00e9ficits \u00bb, estime M. Wolff, tout en jugeant ce danger limit\u00e9 compte tenu du faible niveau d\u2019endettement du pays.<\/p>\n<p>L\u2019adh\u00e9sion intervient cependant dans un contexte politique instable. La Bulgarie, l\u2019un des pays les plus pauvres de l\u2019UE, figure parmi les \u00c9tats membres les plus touch\u00e9s par la corruption, selon Transparency International. Depuis 2021, le pays a organis\u00e9 sept \u00e9lections l\u00e9gislatives.<\/p>\n<p>Le gouvernement de Rossen Jeliazkov a d\u00e9missionn\u00e9 le 11 d\u00e9cembre apr\u00e8s des manifestations massives contre la corruption et un projet de budget controvers\u00e9. Malgr\u00e9 le retrait du texte, la contestation se poursuit.<\/p>\n<p>Dans l\u2019opinion publique, l\u2019introduction de l\u2019euro divise. Les opposants redoutent une hausse des prix li\u00e9e \u00e0 la conversion du lev en euros et une perte d\u2019autonomie en mati\u00e8re de politique mon\u00e9taire.<\/p>\n<p>\u00ab L\u2019adh\u00e9sion \u00e0 la zone euro ne garantit pas la prosp\u00e9rit\u00e9 \u00bb, estime Rositsa Rangelova, professeure \u00e0 l\u2019Acad\u00e9mie bulgare des sciences, appelant \u00e0 une stabilisation politique et \u00e0 une gouvernance renforc\u00e9e avant toute int\u00e9gration mon\u00e9taire.<\/p>\n","protected":false},"excerpt":{"rendered":"La Bulgarie deviendra le 21e \u00c9tat membre de la zone euro le 1er janvier 2026. Une \u00e9tape majeure&hellip;\n","protected":false},"author":2,"featured_media":629764,"comment_status":"","ping_status":"","sticky":false,"template":"","format":"standard","meta":{"footnotes":""},"categories":[1586],"tags":[11,1777,674,1779,1011,27,12,25,1778,364],"class_list":{"0":"post-629763","1":"post","2":"type-post","3":"status-publish","4":"format-standard","5":"has-post-thumbnail","7":"category-europe","8":"tag-actualites","9":"tag-eu","10":"tag-europe","11":"tag-european-union","12":"tag-fr","13":"tag-france","14":"tag-news","15":"tag-republique-francaise","16":"tag-ue","17":"tag-union-europeenne"},"share_on_mastodon":{"url":"https:\/\/pubeurope.com\/@fr\/115808317229652123","error":""},"_links":{"self":[{"href":"https:\/\/www.europesays.com\/fr\/wp-json\/wp\/v2\/posts\/629763","targetHints":{"allow":["GET"]}}],"collection":[{"href":"https:\/\/www.europesays.com\/fr\/wp-json\/wp\/v2\/posts"}],"about":[{"href":"https:\/\/www.europesays.com\/fr\/wp-json\/wp\/v2\/types\/post"}],"author":[{"embeddable":true,"href":"https:\/\/www.europesays.com\/fr\/wp-json\/wp\/v2\/users\/2"}],"replies":[{"embeddable":true,"href":"https:\/\/www.europesays.com\/fr\/wp-json\/wp\/v2\/comments?post=629763"}],"version-history":[{"count":0,"href":"https:\/\/www.europesays.com\/fr\/wp-json\/wp\/v2\/posts\/629763\/revisions"}],"wp:featuredmedia":[{"embeddable":true,"href":"https:\/\/www.europesays.com\/fr\/wp-json\/wp\/v2\/media\/629764"}],"wp:attachment":[{"href":"https:\/\/www.europesays.com\/fr\/wp-json\/wp\/v2\/media?parent=629763"}],"wp:term":[{"taxonomy":"category","embeddable":true,"href":"https:\/\/www.europesays.com\/fr\/wp-json\/wp\/v2\/categories?post=629763"},{"taxonomy":"post_tag","embeddable":true,"href":"https:\/\/www.europesays.com\/fr\/wp-json\/wp\/v2\/tags?post=629763"}],"curies":[{"name":"wp","href":"https:\/\/api.w.org\/{rel}","templated":true}]}}